{"id":26359,"date":"2025-10-10T13:29:17","date_gmt":"2025-10-10T16:29:17","guid":{"rendered":"https:\/\/cofecon.org.br\/cofecon\/?p=26359"},"modified":"2025-10-10T13:29:18","modified_gmt":"2025-10-10T16:29:18","slug":"xxvi-cbe-economistas-defendem-papel-do-estado","status":"publish","type":"post","link":"https:\/\/cofecon.org.br\/cofecon\/?p=26359","title":{"rendered":"XXVI CBE: Economistas defendem papel do Estado"},"content":{"rendered":"\n<p>Denise Gentil e Antonio Corr\u00eaa de Lacerda discutiram os limites impostos pela financeiriza\u00e7\u00e3o e pela austeridade fiscal ao crescimento brasileiro, destacando a urg\u00eancia de uma estrat\u00e9gia nacional diante das transforma\u00e7\u00f5es globais<\/p>\n\n\n\n<p>A conjuntura internacional e seus impactos sobre as possibilidades de desenvolvimento nacional foram o centro das reflex\u00f5es de Denise Gentil e Antonio Corr\u00eaa de Lacerda no XXVI Congresso Brasileiro de Economia, no painel sobre desenvolvimento nacional. Os economistas analisaram o esgotamento da globaliza\u00e7\u00e3o financeira, o retorno de pol\u00edticas industriais e o desafio de reconstruir um projeto de Estado capaz de promover crescimento sustent\u00e1vel e reduzir desigualdades.<\/p>\n\n\n\n<p>Denise Gentil iniciou sua fala com uma palavra sobre a guerra em Gaza, afirmando que ela \u201c\u00e9 resultado de uma deteriora\u00e7\u00e3o da ordem internacional comandada pelo ocidente. Quando uma hegemonia entra em crise, ela costuma massacrar a periferia\u201d. Na sequ\u00eancia, questionou: \u201cComo ficam as nossas possibilidades de desenvolvimento nacional neste quadro? O mundo est\u00e1 explodindo de transforma\u00e7\u00f5es: a pandemia, as crises de desigualdade, a volta do fascismo. N\u00e3o h\u00e1 espa\u00e7o para o desenvolvimento. Temos que construir uma estrat\u00e9gia com muita firmeza e lideran\u00e7a pol\u00edtica\u201d.<\/p>\n\n\n\n<p>Ela citou a trajet\u00f3ria de crescimento brasileiro, com uma m\u00e9dia de 7,5% ao ano entre 1947 e 1980 e 2,2% entre 1981 e 2022. \u201cExiste uma disputa por hegemonia que imp\u00f5e que n\u00f3s nos consolidemos dando retorno aos ativos financeiros que chegam ao Brasil, compensando a perda da taxa de lucro dos pa\u00edses centrais\u201d, argumentou Gentil. \u201cEssa disputa se consolida entre uma elite altamente financeirizada e uma classe trabalhadora, com uma taxa de juros injustific\u00e1vel. A austeridade fiscal prende as pernas da nossa economia e \u00e9 imposs\u00edvel fazer qualquer pol\u00edtica de desenvolvimento com juros de 15% e este arcabou\u00e7o fiscal que temos\u201d.<\/p>\n\n\n\n<p>A economista tamb\u00e9m apontou para um quadro de achatamento dos sal\u00e1rios num pa\u00eds comandado pela d\u00edvida p\u00fablica. \u201cAo manter os sal\u00e1rios deprimidos, a economia em crescimento \u00e9 terr\u00edvel para o Banco Central, que \u00e9 a majestade deste pa\u00eds. Esta situa\u00e7\u00e3o impede uma luta de classes que seja digna para a classe trabalhadora\u201d, afirmou. \u201cTenho uma indigna\u00e7\u00e3o profunda em ver nosso estado diante de um pa\u00eds gigante, com recursos naturais, terras raras, e ficamos brincando de fazer ajuste fiscal. Enquanto isso a despesa com juros est\u00e1 liberada, sem teto, sem limites. Se n\u00e3o soltarmos as amarras, a fotografia de longo prazo jamais vai mudar\u201d.<\/p>\n\n\n\n<p>O conselho federal Antonio Corr\u00eaa de Lacerda iniciou sua fala com o cen\u00e1rio internacional. \u201cA vis\u00e3o dominante p\u00f3s anos 1990 era de globaliza\u00e7\u00e3o. A localiza\u00e7\u00e3o industrial partia do pressuposto de que era poss\u00edvel diminuir o custo aumentando a margem dos produtos e que seria poss\u00edvel terceirizar a produ\u00e7\u00e3o suja, passando para a periferia do capitalismo as atividades mais poluentes\u201d, comentou. \u201cDepois v\u00e1rias crises trouxeram questionamentos sobre a globaliza\u00e7\u00e3o financeira, mas ela resistiu\u201d.<\/p>\n\n\n\n<p>\u201cA pandemia de Covid-19 vulnerabilizou as cadeias internacionais. V\u00e1rias delas se mostraram insuficientes para prover as na\u00e7\u00f5es com recursos necess\u00e1rios ao enfrentamento. Mesmo o Brasil, que caiu na l\u00f3gica da liberaliza\u00e7\u00e3o, de que seria poss\u00edvel se abastecer, viu que n\u00e3o seria poss\u00edvel obter produtos e equipamentos de prote\u00e7\u00e3o individual\u201d, criticou o economista. \u201cMais recentemente temos uma revers\u00e3o hist\u00f3rica do conceito de liberaliza\u00e7\u00e3o, com o objetivo de recoloca\u00e7\u00e3o da produ\u00e7\u00e3o\u201d.<\/p>\n\n\n\n<p>Ao citar o quadro brasileiro, o economista mencionou um per\u00edodo (2003-2014) em que houve um crescimento na atividade econ\u00f4mica, com uma menor participa\u00e7\u00e3o do Estado entre 2016-2022 e uma retomada de um projeto nacional no governo Lula 3. \u201cMas temos algumas restri\u00e7\u00f5es, como o conceito de que o Estado n\u00e3o pode gastar, al\u00e9m de uma meta de infla\u00e7\u00e3o irrealista e restri\u00e7\u00f5es fiscais\u201d, observou. \u201cTemos novos programas estruturantes e uma pol\u00edtica industrial, que \u00e9 algo que ainda sofre muito preconceito no Brasil. N\u00e3o se desfaz em tr\u00eas anos uma destrui\u00e7\u00e3o de d\u00e9cadas, mas h\u00e1 mudan\u00e7as estruturais em curso, primeiro na tributa\u00e7\u00e3o indireta. Al\u00e9m disso, temos a matriz energ\u00e9tica mais limpa do mundo, com 50% de energias renov\u00e1veis\u201d.<\/p>\n\n\n\n<p><strong>XXVI Congresso Brasileiro de Economia<\/strong><\/p>\n\n\n\n<p>O Congresso Brasileiro de Economia ocorreu de 06 a 10 de outubro no Plaza S\u00e3o Rafael Hotel, em Porto Alegre, com o tema \u201cDesenvolvimento Sustent\u00e1vel: Reconstru\u00e7\u00e3o, Desafios e Oportunidades\u201d. O evento reuniu cerca de 50 especialistas e 500 participantes (online e presencial) em torno de grandes temas que impactam o futuro do pa\u00eds, como reforma tribut\u00e1ria, mudan\u00e7as clim\u00e1ticas, com\u00e9rcio internacional, agroneg\u00f3cio, desigualdades regionais, inova\u00e7\u00e3o, economia comportamental, educa\u00e7\u00e3o financeira e o papel do Estado na neoindustrializa\u00e7\u00e3o. A promo\u00e7\u00e3o foi do Cofecon, em parceria com o Corecon\/RS.<\/p>\n\n\n\n<p>O evento contou com o patroc\u00ednio do Banco Nacional de Desenvolvimento Econ\u00f4mico e Social (BNDES), Vero\/Banrisul, Banco Regional de Desenvolvimento do Extremo Sul (BRDE), Monte Bravo Investimentos, Conselhos Regionais de Economia de S\u00e3o Paulo, Mato Grosso do Sul, Pernambuco, Paran\u00e1 e&nbsp;Rio&nbsp;de&nbsp;Janeiro.<\/p>\n","protected":false},"excerpt":{"rendered":"<p>Denise Gentil e Antonio Corr\u00eaa de Lacerda discutiram os limites impostos pela financeiriza\u00e7\u00e3o e pela austeridade fiscal ao crescimento brasileiro, destacando a urg\u00eancia de uma estrat\u00e9gia nacional diante das transforma\u00e7\u00f5es globais A conjuntura internacional e seus impactos sobre as possibilidades<\/p>\n<p><a class=\"more-link\" href=\"https:\/\/cofecon.org.br\/cofecon\/?p=26359\">Leia Mais<\/a><\/p>\n","protected":false},"author":3,"featured_media":26398,"comment_status":"closed","ping_status":"closed","sticky":false,"template":"","format":"standard","meta":{"footnotes":""},"categories":[2],"tags":[],"class_list":["post-26359","post","type-post","status-publish","format-standard","has-post-thumbnail","hentry","category-noticias"],"_links":{"self":[{"href":"https:\/\/cofecon.org.br\/cofecon\/index.php?rest_route=\/wp\/v2\/posts\/26359"}],"collection":[{"href":"https:\/\/cofecon.org.br\/cofecon\/index.php?rest_route=\/wp\/v2\/posts"}],"about":[{"href":"https:\/\/cofecon.org.br\/cofecon\/index.php?rest_route=\/wp\/v2\/types\/post"}],"author":[{"embeddable":true,"href":"https:\/\/cofecon.org.br\/cofecon\/index.php?rest_route=\/wp\/v2\/users\/3"}],"replies":[{"embeddable":true,"href":"https:\/\/cofecon.org.br\/cofecon\/index.php?rest_route=%2Fwp%2Fv2%2Fcomments&post=26359"}],"version-history":[{"count":1,"href":"https:\/\/cofecon.org.br\/cofecon\/index.php?rest_route=\/wp\/v2\/posts\/26359\/revisions"}],"predecessor-version":[{"id":26360,"href":"https:\/\/cofecon.org.br\/cofecon\/index.php?rest_route=\/wp\/v2\/posts\/26359\/revisions\/26360"}],"wp:featuredmedia":[{"embeddable":true,"href":"https:\/\/cofecon.org.br\/cofecon\/index.php?rest_route=\/wp\/v2\/media\/26398"}],"wp:attachment":[{"href":"https:\/\/cofecon.org.br\/cofecon\/index.php?rest_route=%2Fwp%2Fv2%2Fmedia&parent=26359"}],"wp:term":[{"taxonomy":"category","embeddable":true,"href":"https:\/\/cofecon.org.br\/cofecon\/index.php?rest_route=%2Fwp%2Fv2%2Fcategories&post=26359"},{"taxonomy":"post_tag","embeddable":true,"href":"https:\/\/cofecon.org.br\/cofecon\/index.php?rest_route=%2Fwp%2Fv2%2Ftags&post=26359"}],"curies":[{"name":"wp","href":"https:\/\/api.w.org\/{rel}","templated":true}]}}