{"id":26356,"date":"2025-10-09T16:33:56","date_gmt":"2025-10-09T19:33:56","guid":{"rendered":"https:\/\/cofecon.org.br\/cofecon\/?p=26356"},"modified":"2025-10-09T16:33:57","modified_gmt":"2025-10-09T19:33:57","slug":"ufrgs-e-homenageada-pelos-80-anos-do-curso-de-ciencias-economicas","status":"publish","type":"post","link":"https:\/\/cofecon.org.br\/cofecon\/?p=26356","title":{"rendered":"UFRGS \u00e9 homenageada pelos 80 anos do curso de Ci\u00eancias Econ\u00f4micas"},"content":{"rendered":"\n<p><em>Reconhecimento ocorreu durante a abertura do XXVI Congresso Brasileiro de Economia, em Porto Alegre, celebrando a contribui\u00e7\u00e3o hist\u00f3rica da universidade \u00e0 forma\u00e7\u00e3o de economistas no pa\u00eds.<\/em><\/p>\n\n\n\n<p>A noite de abertura do XXVI Congresso Brasileiro de Economia teve um momento de homenagem aos 80 anos do curso de Ci\u00eancias Econ\u00f4micas da Universidade Federal do Rio Grande do Sul. A professora Maria de Lourdes Furno da Silva, diretora da Faculdade de Ci\u00eancias Econ\u00f4micas, foi chamada para representar a institui\u00e7\u00e3o no momento.<\/p>\n\n\n\n<p>\u201cA faculdade faz parte da hist\u00f3ria da minha vida e da vida de muitos colegas que est\u00e3o aqui\u201d, expressou a vice-presidente do Conselho Regional de Economia do Rio Grande do Sul, Ang\u00e9lica Massuquetti. \u201cEu me formei ali h\u00e1 35 anos e tenho quase 30 como professora. Muitos dos meus colegas de gradua\u00e7\u00e3o fizeram mestrado e doutorado e t\u00eam a Universidade Federal do Rio Grande do Sul como segunda m\u00e3e\u201d.<\/p>\n\n\n\n<p>Maria de Lourdes, por sua vez, contou que o curso de Ci\u00eancias Econ\u00f4micas est\u00e1 completando 80 anos, mas a Faculdade de Ci\u00eancias Econ\u00f4micas tem 115 anos. \u201cSomos convidados para receber esta homenagem que nos gratifica muito. A UFRGS tem 29 unidades, a Faculdade de Ci\u00eancias Econ\u00f4micas \u00e9 uma delas. Temos cinco programas de p\u00f3s-gradua\u00e7\u00e3o e, entre nossos egressos, est\u00e3o a ex-presidente Dilma Rousseff e a ex-governadora Yeda Crusius, que foi docente na nossa institui\u00e7\u00e3o. Temos tamb\u00e9m o presidente do Instituto Brasileiro de Geografia e Estat\u00edstica, Marcio Pochmann, que est\u00e1 aqui no Congresso\u201d.<\/p>\n\n\n\n<p><strong>O XXVI Congresso Brasileiro de Economia<\/strong><\/p>\n\n\n\n<p>O Congresso Brasileiro de Economia ocorreu de 06 a 10 de outubro no Plaza S\u00e3o Rafael Hotel, em Porto Alegre, com o tema \u201cDesenvolvimento Sustent\u00e1vel: Reconstru\u00e7\u00e3o, Desafios e Oportunidades\u201d. O evento reuniu cerca de 50 especialistas e 500 participantes (online e presencial) em torno de grandes temas que impactam o futuro do pa\u00eds, como reforma tribut\u00e1ria, mudan\u00e7as clim\u00e1ticas, com\u00e9rcio internacional, agroneg\u00f3cio, desigualdades regionais, inova\u00e7\u00e3o, economia comportamental, educa\u00e7\u00e3o financeira e o papel do Estado na neoindustrializa\u00e7\u00e3o. A promo\u00e7\u00e3o foi do Cofecon, em parceria com o Corecon\/RS.<\/p>\n\n\n\n<p>O evento contou com o patroc\u00ednio do Banco Nacional de Desenvolvimento Econ\u00f4mico e Social (BNDES), Vero\/Banrisul, Banco Regional de Desenvolvimento do Extremo Sul (BRDE), Monte Bravo Investimentos, Conselhos Regionais de Economia de S\u00e3o Paulo, Mato Grosso do Sul, Pernambuco, Paran\u00e1 e&nbsp;Rio&nbsp;de&nbsp;Janeiro.<\/p>\n","protected":false},"excerpt":{"rendered":"<p>Reconhecimento ocorreu durante a abertura do XXVI Congresso Brasileiro de Economia, em Porto Alegre, celebrando a contribui\u00e7\u00e3o hist\u00f3rica da universidade \u00e0 forma\u00e7\u00e3o de economistas no pa\u00eds. A noite de abertura do XXVI Congresso Brasileiro de Economia teve um momento de<\/p>\n<p><a class=\"more-link\" href=\"https:\/\/cofecon.org.br\/cofecon\/?p=26356\">Leia Mais<\/a><\/p>\n","protected":false},"author":3,"featured_media":26357,"comment_status":"closed","ping_status":"closed","sticky":false,"template":"","format":"standard","meta":{"footnotes":""},"categories":[1],"tags":[],"class_list":["post-26356","post","type-post","status-publish","format-standard","has-post-thumbnail","hentry","category-sem-categoria"],"_links":{"self":[{"href":"https:\/\/cofecon.org.br\/cofecon\/index.php?rest_route=\/wp\/v2\/posts\/26356"}],"collection":[{"href":"https:\/\/cofecon.org.br\/cofecon\/index.php?rest_route=\/wp\/v2\/posts"}],"about":[{"href":"https:\/\/cofecon.org.br\/cofecon\/index.php?rest_route=\/wp\/v2\/types\/post"}],"author":[{"embeddable":true,"href":"https:\/\/cofecon.org.br\/cofecon\/index.php?rest_route=\/wp\/v2\/users\/3"}],"replies":[{"embeddable":true,"href":"https:\/\/cofecon.org.br\/cofecon\/index.php?rest_route=%2Fwp%2Fv2%2Fcomments&post=26356"}],"version-history":[{"count":1,"href":"https:\/\/cofecon.org.br\/cofecon\/index.php?rest_route=\/wp\/v2\/posts\/26356\/revisions"}],"predecessor-version":[{"id":26358,"href":"https:\/\/cofecon.org.br\/cofecon\/index.php?rest_route=\/wp\/v2\/posts\/26356\/revisions\/26358"}],"wp:featuredmedia":[{"embeddable":true,"href":"https:\/\/cofecon.org.br\/cofecon\/index.php?rest_route=\/wp\/v2\/media\/26357"}],"wp:attachment":[{"href":"https:\/\/cofecon.org.br\/cofecon\/index.php?rest_route=%2Fwp%2Fv2%2Fmedia&parent=26356"}],"wp:term":[{"taxonomy":"category","embeddable":true,"href":"https:\/\/cofecon.org.br\/cofecon\/index.php?rest_route=%2Fwp%2Fv2%2Fcategories&post=26356"},{"taxonomy":"post_tag","embeddable":true,"href":"https:\/\/cofecon.org.br\/cofecon\/index.php?rest_route=%2Fwp%2Fv2%2Ftags&post=26356"}],"curies":[{"name":"wp","href":"https:\/\/api.w.org\/{rel}","templated":true}]}}