{"id":26353,"date":"2025-10-09T16:32:17","date_gmt":"2025-10-09T19:32:17","guid":{"rendered":"https:\/\/cofecon.org.br\/cofecon\/?p=26353"},"modified":"2025-10-09T16:32:18","modified_gmt":"2025-10-09T19:32:18","slug":"xxvi-congresso-brasileiro-de-economia-tem-inicio-em-porto-alegre","status":"publish","type":"post","link":"https:\/\/cofecon.org.br\/cofecon\/?p=26353","title":{"rendered":"XXVI Congresso Brasileiro de Economia tem in\u00edcio em Porto Alegre"},"content":{"rendered":"\n<p><em>Evento re\u00fane economistas de todo o Pa\u00eds para debater os caminhos do desenvolvimento sustent\u00e1vel<\/em><\/p>\n\n\n\n<p>O XXVI Congresso Brasileiro de Economia teve in\u00edcio no dia 7 de outubro, em Porto Alegre, com uma solenidade que reuniu economistas de diversas regi\u00f5es do pa\u00eds, autoridades locais, representantes da imprensa, estudantes e convidados. A abertura contou ainda com participantes que acompanharam a programa\u00e7\u00e3o de forma virtual, ampliando o alcance do evento. O congresso marca um espa\u00e7o de debate sobre os rumos da economia brasileira, com foco em desenvolvimento sustent\u00e1vel, pol\u00edticas p\u00fablicas e planejamento de longo prazo.<\/p>\n\n\n\n<p>Em seu discurso de abertura, a presidenta do Cofecon, Tania Cristina Teixeira, trouxe \u00e0 mem\u00f3ria o primeiro Congresso Brasileiro de Economia, realizado em 1968. A carta aprovada na \u00e9poca j\u00e1 expressava princ\u00edpios que permanecem atuais. \u201cA economia n\u00e3o \u00e9 fim, \u00e9 meio que o homem usa realizar sua destina\u00e7\u00e3o natural \u2013 a vida plena, nobre, harmoniosa\u201d, citou. Ela ressaltou que, embora o mundo tenha passado por profundas transforma\u00e7\u00f5es, os economistas continuam sendo desafiados a formular respostas e propor pol\u00edticas que promovam o desenvolvimento de forma equilibrada e duradoura. \u201cPrecisamos de um planejamento de m\u00e9dio e longo prazo que possa atender \u00e0s demandas mais urgentes da sociedade e trazer desenvolvimento a todas as regi\u00f5es do Brasil\u201d, completou.<\/p>\n\n\n\n<p>A presidenta tamb\u00e9m destacou avan\u00e7os recentes, como a aprova\u00e7\u00e3o do projeto que amplia a faixa de isen\u00e7\u00e3o do Imposto de Renda, e defendeu novas medidas que reduzam desigualdades. \u201c\u00c9 um passo muito importante, que deve ser seguido de outros, como a tributa\u00e7\u00e3o de heran\u00e7as e grandes fortunas\u201d, afirmou. Tania abordou ainda o endividamento das fam\u00edlias, a necessidade de fortalecer o setor produtivo e o protagonismo crescente das mulheres na economia, embora elas ainda ganhem, em m\u00e9dia, 20% menos que os homens. \u201cNossa miss\u00e3o como economistas \u00e9 compreender esta complexidade e propor solu\u00e7\u00f5es vi\u00e1veis, que fa\u00e7am a diferen\u00e7a na vida das pessoas e construam um desenvolvimento que seja, de fato, sustent\u00e1vel e inclusivo\u201d, concluiu.<\/p>\n\n\n\n<p>O presidente do Corecon-RS, Rodrigo Salvato de Assis, pontuou que o evento \u00e9 uma celebra\u00e7\u00e3o da economia. \u201cEste encontro \u00e9 motivo de orgulho e alegria para os que acreditam na for\u00e7a transformadora da economia. Uma oportunidade \u00fanica de trocas, conex\u00f5es e aprendizados, com mais de 100 palestrantes. Cada painel, palestra e encontro contribuir\u00e1 para ampliar nossa compreens\u00e3o dos caminhos da economia brasileira\u201d, pontuou Assis. \u201cSomos profissionais preparados para compreender e transformar a realidade econ\u00f4mica, com compromisso com o desenvolvimento. O Brasil continuar\u00e1 precisando de economistas \u00e9ticos e comprometidos.<\/p>\n\n\n\n<p>Ernani Polo, secret\u00e1rio de Desenvolvimento Econ\u00f4mico do estado do Rio Grande do Sul, representando o governador do Estado, Eduardo Leite, mencionou que o evento re\u00fane mentes conectadas do pa\u00eds para pensar o presente e o futuro da economia. \u201cTrago aqui a mensagem do governador, que expressa seu respeito pelos economistas. Precisamos de diagn\u00f3sticos precisos e muita coragem para apresentar reformas. Neste cen\u00e1rio, o papel dos economistas \u00e9 central\u201d, comentou. \u201cO futuro n\u00e3o se faz apenas com austeridade, mas com inova\u00e7\u00e3o, sustentabilidade e investimento inteligente. O Rio Grande do Sul tem apostado na tecnologia para atrair investimentos. Estamos atentos aos impactos das mudan\u00e7as clim\u00e1ticas e precisamos de um novo pacto que coloque resili\u00eancia clim\u00e1tica e justi\u00e7a social no centro das decis\u00f5es econ\u00f4micas\u201d.<\/p>\n\n\n\n<p>Sebasti\u00e3o Melo, prefeito de Porto Alegre, falou que o Rio Grande do Sul colaborou com a transforma\u00e7\u00e3o do Brasil em v\u00e1rios momentos. \u201cA era Vargas mudou um Brasil rural para um Brasil urbano. E se hoje temos um agroneg\u00f3cio forte, deve-se muito aos ga\u00fachos que foram para outros estados\u201d, comentou. Em rela\u00e7\u00e3o \u00e0 cat\u00e1strofe clim\u00e1tica que atingiu no ano passado o Rio Grande do Sul e, de forma especial, sua capital, mencionou que \u201cos volunt\u00e1rios merecem uma est\u00e1tua em cada esquina. Sejam de bairros singelos ou gr\u00e3-finos, eles foram os que salvaram milhares de pessoas durante as enchentes\u201d. Por fim, mencionou que a busca por um futuro sustent\u00e1vel n\u00e3o se faz s\u00f3 com o governo \u2013 \u00e9 preciso que a sociedade esteja junto.<\/p>\n\n\n\n<p><strong>Homenagem ao conselheiro Clovis Meurer<\/strong><\/p>\n\n\n\n<p>O conselheiro federal Clovis Meurer recebeu uma homenagem por sua atua\u00e7\u00e3o na organiza\u00e7\u00e3o do evento. &#8220;Quero agradecer todo o esfor\u00e7o dele e de cada uma das pessoas que se dedicaram para a realiza\u00e7\u00e3o deste evento&#8221;, expressou a presidenta do Cofecon. J\u00e1 o presidente do Corecon-RS mencionou que &#8220;o que voc\u00eas ver\u00e3o nos pr\u00f3ximos dias e a uni\u00e3o com o Cofecon se deu por meio dele&#8221;.<\/p>\n\n\n\n<p><strong>O XXVI Congresso Brasileiro de Economia<\/strong><\/p>\n\n\n\n<p>O Congresso Brasileiro de Economia ocorreu de 06 a 10 de outubro no Plaza S\u00e3o Rafael Hotel, em Porto Alegre, com o tema \u201cDesenvolvimento Sustent\u00e1vel: Reconstru\u00e7\u00e3o, Desafios e Oportunidades\u201d. O evento reuniu cerca de 50 especialistas e 500 participantes (online e presencial) em torno de grandes temas que impactam o futuro do pa\u00eds, como reforma tribut\u00e1ria, mudan\u00e7as clim\u00e1ticas, com\u00e9rcio internacional, agroneg\u00f3cio, desigualdades regionais, inova\u00e7\u00e3o, economia comportamental, educa\u00e7\u00e3o financeira e o papel do Estado na neoindustrializa\u00e7\u00e3o. A promo\u00e7\u00e3o foi do Cofecon, em parceria com o Corecon\/RS.<\/p>\n\n\n\n<p>O evento contou com o patroc\u00ednio do Banco Nacional de Desenvolvimento Econ\u00f4mico e Social (BNDES), Vero\/Banrisul, Banco Regional de Desenvolvimento do Extremo Sul (BRDE), Monte Bravo Investimentos, Conselhos Regionais de Economia de S\u00e3o Paulo, Mato Grosso do Sul, Pernambuco, Paran\u00e1 e&nbsp;Rio&nbsp;de&nbsp;Janeiro.<\/p>\n","protected":false},"excerpt":{"rendered":"<p>Evento re\u00fane economistas de todo o Pa\u00eds para debater os caminhos do desenvolvimento sustent\u00e1vel O XXVI Congresso Brasileiro de Economia teve in\u00edcio no dia 7 de outubro, em Porto Alegre, com uma solenidade que reuniu economistas de diversas regi\u00f5es do<\/p>\n<p><a class=\"more-link\" href=\"https:\/\/cofecon.org.br\/cofecon\/?p=26353\">Leia Mais<\/a><\/p>\n","protected":false},"author":3,"featured_media":26354,"comment_status":"closed","ping_status":"closed","sticky":false,"template":"","format":"standard","meta":{"footnotes":""},"categories":[1],"tags":[],"class_list":["post-26353","post","type-post","status-publish","format-standard","has-post-thumbnail","hentry","category-sem-categoria"],"_links":{"self":[{"href":"https:\/\/cofecon.org.br\/cofecon\/index.php?rest_route=\/wp\/v2\/posts\/26353"}],"collection":[{"href":"https:\/\/cofecon.org.br\/cofecon\/index.php?rest_route=\/wp\/v2\/posts"}],"about":[{"href":"https:\/\/cofecon.org.br\/cofecon\/index.php?rest_route=\/wp\/v2\/types\/post"}],"author":[{"embeddable":true,"href":"https:\/\/cofecon.org.br\/cofecon\/index.php?rest_route=\/wp\/v2\/users\/3"}],"replies":[{"embeddable":true,"href":"https:\/\/cofecon.org.br\/cofecon\/index.php?rest_route=%2Fwp%2Fv2%2Fcomments&post=26353"}],"version-history":[{"count":1,"href":"https:\/\/cofecon.org.br\/cofecon\/index.php?rest_route=\/wp\/v2\/posts\/26353\/revisions"}],"predecessor-version":[{"id":26355,"href":"https:\/\/cofecon.org.br\/cofecon\/index.php?rest_route=\/wp\/v2\/posts\/26353\/revisions\/26355"}],"wp:featuredmedia":[{"embeddable":true,"href":"https:\/\/cofecon.org.br\/cofecon\/index.php?rest_route=\/wp\/v2\/media\/26354"}],"wp:attachment":[{"href":"https:\/\/cofecon.org.br\/cofecon\/index.php?rest_route=%2Fwp%2Fv2%2Fmedia&parent=26353"}],"wp:term":[{"taxonomy":"category","embeddable":true,"href":"https:\/\/cofecon.org.br\/cofecon\/index.php?rest_route=%2Fwp%2Fv2%2Fcategories&post=26353"},{"taxonomy":"post_tag","embeddable":true,"href":"https:\/\/cofecon.org.br\/cofecon\/index.php?rest_route=%2Fwp%2Fv2%2Ftags&post=26353"}],"curies":[{"name":"wp","href":"https:\/\/api.w.org\/{rel}","templated":true}]}}