{"id":26350,"date":"2025-10-09T11:03:47","date_gmt":"2025-10-09T14:03:47","guid":{"rendered":"https:\/\/cofecon.org.br\/cofecon\/?p=26350"},"modified":"2025-10-16T16:20:11","modified_gmt":"2025-10-16T19:20:11","slug":"leia-a-revista-economistas-57","status":"publish","type":"post","link":"https:\/\/cofecon.org.br\/cofecon\/?p=26350","title":{"rendered":"J\u00e1 est\u00e1 dispon\u00edvel a Revista Economistas #57"},"content":{"rendered":"\n<p><em>Publica\u00e7\u00e3o tem como tema &#8220;Da Desigualdade \u00e0 Prosperidade\u201d e conta com uma entrevista exclusiva com o presidente de BNDES, Aloizio Mercadante<\/em><\/p>\n\n\n\n<p>Como construir um pa\u00eds no qual cada regi\u00e3o possa transformar suas potencialidades em prosperidade, valorizando as caracter\u00edsticas que as tornam \u00fanicas, sem renunciar \u00e0 justi\u00e7a social e atendendo aos desafios recentes da sustentabilidade? J\u00e1 est\u00e1 dispon\u00edvel a edi\u00e7\u00e3o n\u00famero 57 da revista Economistas, que tem como tema \u201cDa Desigualdade \u00e0 Prosperidade\u201d e pode ser acessada clicando <a href=\"https:\/\/online.flippingbook.com\/view\/670185407\/\">AQUI<\/a>. Leia e compartilhe!<\/p>\n\n\n\n<p>A revista tem uma entrevista exclusiva com o presidente do Banco Nacional de Desenvolvimento Econ\u00f4mico e Social (BNDES), Aloizio Mercadante, na qual ele detalha como o banco p\u00fablico voltou a ocupar um lugar central na execu\u00e7\u00e3o de pol\u00edticas de desenvolvimento, articulando instrumentos financeiros e programas para enfrentar desafios como a transi\u00e7\u00e3o ecol\u00f3gica, a neoindustrializa\u00e7\u00e3o e a redu\u00e7\u00e3o das desigualdades regionais.<\/p>\n\n\n\n<p>Uma mat\u00e9ria especial aborda o debate sobre desenvolvimento regional realizado em Bras\u00edlia, no dia 14 de agosto, em comemora\u00e7\u00e3o ao Dia do Economista. O evento reuniu especialistas para discutir os desafios do Brasil relacionados \u00e0s desigualdades territoriais e \u00e0 constru\u00e7\u00e3o de um modelo econ\u00f4mico mais justo e sustent\u00e1vel.<\/p>\n\n\n\n<p><strong>Artigos<\/strong><\/p>\n\n\n\n<p>A edi\u00e7\u00e3o n\u00famero 57 da revista Economistas traz os seguintes artigos:<\/p>\n\n\n\n<ul class=\"wp-block-list\">\n<li>Janine Alves \u2013 Economia e desenvolvimento na linha de defesa: resili\u00eancia urbana diante do risco clim\u00e1tico para proteger pessoas, empregos e investimentos;<\/li>\n\n\n\n<li>Fabricio Jos\u00e9 Missio \u2013 Pol\u00edticas territoriais e desenvolvimento: superando desigualdades regionais;<\/li>\n\n\n\n<li>Cleyson Silva dos Santos e Andr\u00e9 Cutrim Carvailho \u2013 Desenvolvimento regional na Amaz\u00f4nia: desafios e caminhos para uma integra\u00e7\u00e3o regional sustent\u00e1vel no S\u00e9culo XXI;<\/li>\n\n\n\n<li>Frederico de Alc\u00e2ntara e Silva \u2013 Desigualdades regionais e pol\u00edticas p\u00fablicas: caminhos para um Brasil sustent\u00e1vel;<\/li>\n\n\n\n<li>Gustavo Casseb Pessoti e Fernanda Calasans C. L. Pessoti \u2013 Entre desafios e oportunidades: o Plano de Desenvolvimento Integrado Bahia 2050;<\/li>\n\n\n\n<li>Kerssia Preda Kamenach &#8211; Desenvolvimento regional e urbano: administra\u00e7\u00e3o p\u00fablica municipal como fomentadora do desenvolvimento econ\u00f4mico local;<\/li>\n\n\n\n<li>Ana Cl\u00e1udia Arruda &#8211; Desigualdades regionais no Brasil: a urg\u00eancia de uma pol\u00edtica ativa de desenvolvimento regional.<\/li>\n<\/ul>\n","protected":false},"excerpt":{"rendered":"<p>Publica\u00e7\u00e3o tem como tema &#8220;Da Desigualdade \u00e0 Prosperidade\u201d e conta com uma entrevista exclusiva com o presidente de BNDES, Aloizio Mercadante Como construir um pa\u00eds no qual cada regi\u00e3o possa transformar suas potencialidades em prosperidade, valorizando as caracter\u00edsticas que as<\/p>\n<p><a class=\"more-link\" href=\"https:\/\/cofecon.org.br\/cofecon\/?p=26350\">Leia Mais<\/a><\/p>\n","protected":false},"author":3,"featured_media":26351,"comment_status":"closed","ping_status":"closed","sticky":false,"template":"","format":"standard","meta":{"footnotes":""},"categories":[2],"tags":[],"class_list":["post-26350","post","type-post","status-publish","format-standard","has-post-thumbnail","hentry","category-noticias"],"_links":{"self":[{"href":"https:\/\/cofecon.org.br\/cofecon\/index.php?rest_route=\/wp\/v2\/posts\/26350"}],"collection":[{"href":"https:\/\/cofecon.org.br\/cofecon\/index.php?rest_route=\/wp\/v2\/posts"}],"about":[{"href":"https:\/\/cofecon.org.br\/cofecon\/index.php?rest_route=\/wp\/v2\/types\/post"}],"author":[{"embeddable":true,"href":"https:\/\/cofecon.org.br\/cofecon\/index.php?rest_route=\/wp\/v2\/users\/3"}],"replies":[{"embeddable":true,"href":"https:\/\/cofecon.org.br\/cofecon\/index.php?rest_route=%2Fwp%2Fv2%2Fcomments&post=26350"}],"version-history":[{"count":2,"href":"https:\/\/cofecon.org.br\/cofecon\/index.php?rest_route=\/wp\/v2\/posts\/26350\/revisions"}],"predecessor-version":[{"id":26574,"href":"https:\/\/cofecon.org.br\/cofecon\/index.php?rest_route=\/wp\/v2\/posts\/26350\/revisions\/26574"}],"wp:featuredmedia":[{"embeddable":true,"href":"https:\/\/cofecon.org.br\/cofecon\/index.php?rest_route=\/wp\/v2\/media\/26351"}],"wp:attachment":[{"href":"https:\/\/cofecon.org.br\/cofecon\/index.php?rest_route=%2Fwp%2Fv2%2Fmedia&parent=26350"}],"wp:term":[{"taxonomy":"category","embeddable":true,"href":"https:\/\/cofecon.org.br\/cofecon\/index.php?rest_route=%2Fwp%2Fv2%2Fcategories&post=26350"},{"taxonomy":"post_tag","embeddable":true,"href":"https:\/\/cofecon.org.br\/cofecon\/index.php?rest_route=%2Fwp%2Fv2%2Ftags&post=26350"}],"curies":[{"name":"wp","href":"https:\/\/api.w.org\/{rel}","templated":true}]}}