{"id":2629,"date":"2017-08-16T14:23:26","date_gmt":"2017-08-16T17:23:26","guid":{"rendered":"http:\/\/www.cofecon.org.br\/?p=2629"},"modified":"2017-08-16T14:23:26","modified_gmt":"2017-08-16T17:23:26","slug":"encontro-dos-cursos-de-ciencias-economica-com-transmissao-ao-vivo","status":"publish","type":"post","link":"https:\/\/cofecon.org.br\/cofecon\/?p=2629","title":{"rendered":"Encontro dos Cursos de Ci\u00eancias Econ\u00f4mica com transmiss\u00e3o ao vivo"},"content":{"rendered":"<p style=\"text-align: justify;\"><img loading=\"lazy\" decoding=\"async\" class=\"size-full wp-image-2630 alignleft\" src=\"http:\/\/cofecon.org.br\/cofecon\/wp-content\/uploads\/2017\/08\/Evento_SC.jpg\" alt=\"\" width=\"350\" height=\"250\" srcset=\"https:\/\/cofecon.org.br\/cofecon\/wp-content\/uploads\/2017\/08\/Evento_SC.jpg 350w, https:\/\/cofecon.org.br\/cofecon\/wp-content\/uploads\/2017\/08\/Evento_SC-300x214.jpg 300w\" sizes=\"(max-width: 350px) 100vw, 350px\" \/>O XX Encontro dos Cursos de Ci\u00eancias Econ\u00f4micas (ECCE) agendado para o pr\u00f3ximo dia 24 de agosto, na Cidade Universidade da Pedra Branca, em Palho\u00e7a, poder\u00e1 ser acompanhado pela Internet (www.youtube.com\/user\/virtualunisul). O an\u00fancio foi feito esta semana por Paulo Roberto Polli Lobo, presidente do Conselho Regional de Economia de Santa Catarina (CORECON-SC). \u201cAs edi\u00e7\u00f5es anteriores n\u00e3o contaram com esse recurso, mas como essa edi\u00e7\u00e3o \u00e9 na Unisul Virtual, conseguimos esse diferencial\u201d, explica Polli, enfatizando que desta forma ser\u00e1 poss\u00edvel assistir online as palestras de abertura e encerramento, inclusive, as mesas de trabalho.<\/p>\n<p style=\"text-align: justify;\">O evento \u00e9 organizado pelo Corecon e tem o apoio do Curso de Economia EAD da Unisul. Direcionado para os coordenadores dos cursos de Ci\u00eancias Econ\u00f4micas do Estado, re\u00fane anualmente registrados e estudantes para debater os desafios da gradua\u00e7\u00e3o. \u201cComo vem palestrantes com temas que interessam a todos da \u00e1rea, convido a todos os registrados para que aproveitar as palestras, al\u00e9m de acompanhar os debates dos cursos (via web)\u201d, convoca o presidente do CORECON-SC.<\/p>\n<p><u>XX Encontro dos cursos de Ci\u00eancias Econ\u00f4micas (Ecce) 2017<\/u><\/p>\n<p>Local &#8211; Campus Unisul Virtual<\/p>\n<p>Av.\u00a0Pedra Branca, 25 &#8211;\u00a0Cidade Universit\u00e1ria\u00a0Pedra Branca<br \/>\n Bairro Cidade Universit\u00e1ria Pedra Branca, em Palho\u00e7a.<\/p>\n<p>&nbsp;<\/p>\n<p><a href=\"https:\/\/www.youtube.com\/VirtualUnisul\">Transmiss\u00e3o ao vivo!<\/a><\/p>\n<p>Data: dia 24 de agosto<\/p>\n<p>Hor\u00e1rio da abertura: \u00a08h30min.<\/p>\n<p>&nbsp;<\/p>\n<p><strong><u>Programa\u00e7\u00e3o<\/u><\/strong><\/p>\n<p style=\"text-align: justify;\">8h30min \u00a0&#8211; \u00a0\u00a0Abertura do XX Ecce<\/p>\n<p style=\"text-align: justify;\">9h &#8211;\u00a0Palestra \u201cAlternativas de Atua\u00e7\u00e3o do Economista\u201d\u00a0com o economista Luiz Carlos Delorme Prado<\/p>\n<p style=\"text-align: justify;\">9h45min \u00a0&#8211; \u00a0Coffee break<\/p>\n<p style=\"text-align: justify;\">10h \u00a0&#8211; \u00a01\u00aa Mesa de Trabalho<br \/>\n Tema: Educa\u00e7\u00e3o a Dist\u00e2ncia e semipresencial: potencialidades e especificidades dos cursos de Ci\u00eancias Econ\u00f4micas.<\/p>\n<p style=\"text-align: justify;\">12h &#8211; \u00a0Almo\u00e7o<\/p>\n<p style=\"text-align: justify;\">13h30min &#8211; 2\u00aa Mesa de Trabalho\u00a0<br \/>\n Tema: \u201cPr\u00e1ticas inovadoras em ensino, pesquisa e extens\u00e3o nos cursos de Ci\u00eancias Econ\u00f4micas\u201d.<\/p>\n<p style=\"text-align: justify;\">15h15min &#8211; \u00a0Coffee break<\/p>\n<p style=\"text-align: justify;\">15h30min &#8211; 3\u00aa Mesa de Trabalho<br \/>\n Palestra: \u201cMedia\u00e7\u00e3o e Arbitragem como Alternativa de Atua\u00e7\u00e3o do Economista Luiz Ant\u00f4nio Rubin\u201d.<\/p>\n<p style=\"text-align: justify;\">17h &#8211; \u00a0Encerramento<br \/>\n Escolha do local do pr\u00f3ximo Ecce.<\/p>\n<p>&nbsp;<\/p>\n<p>&nbsp;<\/p>\n","protected":false},"excerpt":{"rendered":"<p>O XX Encontro dos Cursos de Ci\u00eancias Econ\u00f4micas (ECCE) agendado para o pr\u00f3ximo dia 24 de agosto, na Cidade Universidade da Pedra Branca, em Palho\u00e7a, poder\u00e1 ser acompanhado pela Internet (www.youtube.com\/user\/virtualunisul). O an\u00fancio foi feito esta semana por Paulo Roberto<\/p>\n<p><a class=\"more-link\" href=\"https:\/\/cofecon.org.br\/cofecon\/?p=2629\">Leia Mais<\/a><\/p>\n","protected":false},"author":1,"featured_media":2630,"comment_status":"open","ping_status":"open","sticky":false,"template":"","format":"standard","meta":{"footnotes":""},"categories":[2],"tags":[],"class_list":["post-2629","post","type-post","status-publish","format-standard","has-post-thumbnail","hentry","category-noticias"],"_links":{"self":[{"href":"https:\/\/cofecon.org.br\/cofecon\/index.php?rest_route=\/wp\/v2\/posts\/2629"}],"collection":[{"href":"https:\/\/cofecon.org.br\/cofecon\/index.php?rest_route=\/wp\/v2\/posts"}],"about":[{"href":"https:\/\/cofecon.org.br\/cofecon\/index.php?rest_route=\/wp\/v2\/types\/post"}],"author":[{"embeddable":true,"href":"https:\/\/cofecon.org.br\/cofecon\/index.php?rest_route=\/wp\/v2\/users\/1"}],"replies":[{"embeddable":true,"href":"https:\/\/cofecon.org.br\/cofecon\/index.php?rest_route=%2Fwp%2Fv2%2Fcomments&post=2629"}],"version-history":[{"count":0,"href":"https:\/\/cofecon.org.br\/cofecon\/index.php?rest_route=\/wp\/v2\/posts\/2629\/revisions"}],"wp:featuredmedia":[{"embeddable":true,"href":"https:\/\/cofecon.org.br\/cofecon\/index.php?rest_route=\/wp\/v2\/media\/2630"}],"wp:attachment":[{"href":"https:\/\/cofecon.org.br\/cofecon\/index.php?rest_route=%2Fwp%2Fv2%2Fmedia&parent=2629"}],"wp:term":[{"taxonomy":"category","embeddable":true,"href":"https:\/\/cofecon.org.br\/cofecon\/index.php?rest_route=%2Fwp%2Fv2%2Fcategories&post=2629"},{"taxonomy":"post_tag","embeddable":true,"href":"https:\/\/cofecon.org.br\/cofecon\/index.php?rest_route=%2Fwp%2Fv2%2Ftags&post=2629"}],"curies":[{"name":"wp","href":"https:\/\/api.w.org\/{rel}","templated":true}]}}