{"id":2623,"date":"2017-08-15T13:53:15","date_gmt":"2017-08-15T16:53:15","guid":{"rendered":"http:\/\/www.cofecon.org.br\/?p=2623"},"modified":"2017-08-15T13:53:15","modified_gmt":"2017-08-15T16:53:15","slug":"presidente-do-cofecon-prestigiou-ii-forum-de-debate-sobre-a-economia-do-df","status":"publish","type":"post","link":"https:\/\/cofecon.org.br\/cofecon\/?p=2623","title":{"rendered":"Presidente do Cofecon prestigiou II F\u00f3rum de Debate sobre a Economia do DF"},"content":{"rendered":"<p style=\"text-align: justify;\"><img loading=\"lazy\" decoding=\"async\" class=\"size-full wp-image-2624 alignleft\" src=\"http:\/\/cofecon.org.br\/cofecon\/wp-content\/uploads\/2017\/08\/DSC08332.jpg\" alt=\"\" width=\"350\" height=\"250\" srcset=\"https:\/\/cofecon.org.br\/cofecon\/wp-content\/uploads\/2017\/08\/DSC08332.jpg 350w, https:\/\/cofecon.org.br\/cofecon\/wp-content\/uploads\/2017\/08\/DSC08332-300x214.jpg 300w\" sizes=\"(max-width: 350px) 100vw, 350px\" \/>O presidente do Conselho Federal de Economia, J\u00falio Miragaya, participou do II F\u00f3rum de Debate sobre a Economia do Distrito Federal, uma iniciativa do Conselho Regional de Economia do Distrito Federal (Corecon-DF) que faz parte das comemora\u00e7\u00f5es pela Semana do Economista. O evento ocorreu nesta ter\u00e7a-feira, 15 de agosto, na Fecom\u00e9rcio-DF.<\/p>\n<p style=\"text-align: justify;\">Na abertura do evento, Miragaya elogiou a iniciativa e afirmou que tanto o Corecon-DF quanto o Cofecon t\u00eam participado de discuss\u00f5es sobre o assunto. \u201cTemos aqui um espa\u00e7o privilegiado para discutirmos da economia do Distrito Federal, pois temos representantes do executivo, legislativo e setor produtivo\u201d, afirmou. O presidente do Corecon-DF, M\u00e1rio S\u00e9rgio Sallorenzo, e o vice-presidente da Fecom\u00e9rcio-DF, Miguel Setembrino, este representante o presidente da institui\u00e7\u00e3o, Adelmir Santana, tamb\u00e9m prestigiaram o evento.<\/p>\n<p style=\"text-align: justify;\">Participaram como debatedores o presidente da Federa\u00e7\u00e3o das Ind\u00fastrias do DF (Fibra), Jamal Jorge Bittar; o presidente da C\u00e2mara Legislativa do Distrito Federal, deputado distrital Joe Valle; o secret\u00e1rio de Economia e Desenvolvimento do DF, Ant\u00f4nio Valdir de Oliveira; e o economista Antonio Norival Brito. A discuss\u00e3o foi conduzida pelo economista Jos\u00e9 Eust\u00e1quio Moreira de Carvalho, conselheiro do Corecon-DF e assessor econ\u00f4mico da Fecom\u00e9rcio.<\/p>\n<p style=\"text-align: center;\"><img loading=\"lazy\" decoding=\"async\" class=\"size-full wp-image-2625 aligncenter\" src=\"http:\/\/cofecon.org.br\/cofecon\/wp-content\/uploads\/2017\/08\/DSC08344.jpg\" alt=\"\" width=\"350\" height=\"250\" srcset=\"https:\/\/cofecon.org.br\/cofecon\/wp-content\/uploads\/2017\/08\/DSC08344.jpg 350w, https:\/\/cofecon.org.br\/cofecon\/wp-content\/uploads\/2017\/08\/DSC08344-300x214.jpg 300w\" sizes=\"(max-width: 350px) 100vw, 350px\" \/>Mesa de debate durante o II F\u00f3rum de Debate sobre a Economia do Distrito Federal<\/p>\n","protected":false},"excerpt":{"rendered":"<p>O presidente do Conselho Federal de Economia, J\u00falio Miragaya, participou do II F\u00f3rum de Debate sobre a Economia do Distrito Federal, uma iniciativa do Conselho Regional de Economia do Distrito Federal (Corecon-DF) que faz parte das comemora\u00e7\u00f5es pela Semana do<\/p>\n<p><a class=\"more-link\" href=\"https:\/\/cofecon.org.br\/cofecon\/?p=2623\">Leia Mais<\/a><\/p>\n","protected":false},"author":1,"featured_media":2624,"comment_status":"open","ping_status":"open","sticky":false,"template":"","format":"standard","meta":{"footnotes":""},"categories":[2],"tags":[],"class_list":["post-2623","post","type-post","status-publish","format-standard","has-post-thumbnail","hentry","category-noticias"],"_links":{"self":[{"href":"https:\/\/cofecon.org.br\/cofecon\/index.php?rest_route=\/wp\/v2\/posts\/2623"}],"collection":[{"href":"https:\/\/cofecon.org.br\/cofecon\/index.php?rest_route=\/wp\/v2\/posts"}],"about":[{"href":"https:\/\/cofecon.org.br\/cofecon\/index.php?rest_route=\/wp\/v2\/types\/post"}],"author":[{"embeddable":true,"href":"https:\/\/cofecon.org.br\/cofecon\/index.php?rest_route=\/wp\/v2\/users\/1"}],"replies":[{"embeddable":true,"href":"https:\/\/cofecon.org.br\/cofecon\/index.php?rest_route=%2Fwp%2Fv2%2Fcomments&post=2623"}],"version-history":[{"count":0,"href":"https:\/\/cofecon.org.br\/cofecon\/index.php?rest_route=\/wp\/v2\/posts\/2623\/revisions"}],"wp:featuredmedia":[{"embeddable":true,"href":"https:\/\/cofecon.org.br\/cofecon\/index.php?rest_route=\/wp\/v2\/media\/2624"}],"wp:attachment":[{"href":"https:\/\/cofecon.org.br\/cofecon\/index.php?rest_route=%2Fwp%2Fv2%2Fmedia&parent=2623"}],"wp:term":[{"taxonomy":"category","embeddable":true,"href":"https:\/\/cofecon.org.br\/cofecon\/index.php?rest_route=%2Fwp%2Fv2%2Fcategories&post=2623"},{"taxonomy":"post_tag","embeddable":true,"href":"https:\/\/cofecon.org.br\/cofecon\/index.php?rest_route=%2Fwp%2Fv2%2Ftags&post=2623"}],"curies":[{"name":"wp","href":"https:\/\/api.w.org\/{rel}","templated":true}]}}