{"id":2559,"date":"2017-08-10T12:13:50","date_gmt":"2017-08-10T15:13:50","guid":{"rendered":"http:\/\/www.cofecon.org.br\/?p=2559"},"modified":"2017-08-10T12:13:50","modified_gmt":"2017-08-10T15:13:50","slug":"roberto-troster-apresentara-palestra-sobre-cenarios-para-a-economia-brasileira-2017-2020","status":"publish","type":"post","link":"https:\/\/cofecon.org.br\/cofecon\/?p=2559","title":{"rendered":"Roberto Troster apresentar\u00e1 palestra sobre cen\u00e1rios para a economia brasileira \u2013 2017-2020"},"content":{"rendered":"<p style=\"text-align: justify;\"><img loading=\"lazy\" decoding=\"async\" class=\"size-full wp-image-2561 alignleft\" src=\"http:\/\/cofecon.org.br\/cofecon\/wp-content\/uploads\/2017\/08\/economia.jpg\" alt=\"\" width=\"350\" height=\"250\" srcset=\"https:\/\/cofecon.org.br\/cofecon\/wp-content\/uploads\/2017\/08\/economia.jpg 350w, https:\/\/cofecon.org.br\/cofecon\/wp-content\/uploads\/2017\/08\/economia-300x214.jpg 300w\" sizes=\"(max-width: 350px) 100vw, 350px\" \/>O economista Roberto Troster ministrar\u00e1 palestra gratuita em S\u00e3o Paulo com o tema \u201cCen\u00e1rios Brasil 2017-2020\u201d. O evento, promovido pela Funda\u00e7\u00e3o Instituto de Pesquisas Econ\u00f4micas (Fipe), \u00e9 direcionado a todos os profissionais que desejam aprimorar seus conhecimentos sobre a atual realidade econ\u00f4mica brasileira e suas perspectivas para os pr\u00f3ximos anos. A palestra ocorrer\u00e1 no dia 21 de agosto, das 9h \u00e0s 11h, na Unidade Fipe Paulista. Ao final, os participantes receber\u00e3o certificado. Inscri\u00e7\u00f5es <a href=\"http:\/\/www.fipe.org.br\/pt-br\/ensino\/extensao-curta-duracao\/#PCB1\"><strong>AQUI<\/strong>.<\/a><\/p>\n<p style=\"text-align: justify;\">A apresenta\u00e7\u00e3o de Roberto Troster estar\u00e1 focada em mostrar o que \u00e9 razo\u00e1vel e o que \u00e9 poss\u00edvel esperar para a economia brasileira at\u00e9 2020, considerando alguns desdobramentos da evolu\u00e7\u00e3o pol\u00edtica em Bras\u00edlia. Delinear\u00e1 a evolu\u00e7\u00e3o das principais vari\u00e1veis econ\u00f4micas nos \u00faltimos anos e as perspectivas para os pr\u00f3ximos. Incluir\u00e1 o cen\u00e1rio externo, a gera\u00e7\u00e3o da crise brasileira, a pol\u00edtica econ\u00f4mica adotada at\u00e9 maio do ano passado e a atual, assim como as perspectivas para os pr\u00f3ximos anos.<\/p>\n<p style=\"text-align: justify;\"><strong>Sobre o palestrante<\/strong><\/p>\n<p style=\"text-align: justify;\"><img loading=\"lazy\" decoding=\"async\" class=\"size-thumbnail wp-image-2560 alignleft\" src=\"http:\/\/www.cofecon.org.br\/wp-content\/uploads\/2017\/08\/troster-150x150.png\" alt=\"\" width=\"150\" height=\"150\" srcset=\"https:\/\/cofecon.org.br\/cofecon\/wp-content\/uploads\/2017\/08\/troster-150x150.png 150w, https:\/\/cofecon.org.br\/cofecon\/wp-content\/uploads\/2017\/08\/troster-300x300.png 300w, https:\/\/cofecon.org.br\/cofecon\/wp-content\/uploads\/2017\/08\/troster-250x250.png 250w, https:\/\/cofecon.org.br\/cofecon\/wp-content\/uploads\/2017\/08\/troster.png 400w\" sizes=\"(max-width: 150px) 100vw, 150px\" \/><\/p>\n<p style=\"text-align: justify;\">Roberto Luis Troster tem mais de trinta anos de experi\u00eancia na elabora\u00e7\u00e3o de cen\u00e1rios. \u00c9 doutor em Economia pela Universidade de S\u00e3o Paulo (USP), foi economista-chefe da Febrabran e do Banco Itamarati. Lecionou na USP e na PUC-SP. \u00c9 consultor de empresas, governos e institui\u00e7\u00f5es financeiras, incluindo o Banco Mundial e o FMI. \u00c9 coordenador do workshop de constru\u00e7\u00e3o de cen\u00e1rios para a economia brasileira da Fipe.<\/p>\n","protected":false},"excerpt":{"rendered":"<p>O economista Roberto Troster ministrar\u00e1 palestra gratuita em S\u00e3o Paulo com o tema \u201cCen\u00e1rios Brasil 2017-2020\u201d. O evento, promovido pela Funda\u00e7\u00e3o Instituto de Pesquisas Econ\u00f4micas (Fipe), \u00e9 direcionado a todos os profissionais que desejam aprimorar seus conhecimentos sobre a atual<\/p>\n<p><a class=\"more-link\" href=\"https:\/\/cofecon.org.br\/cofecon\/?p=2559\">Leia Mais<\/a><\/p>\n","protected":false},"author":1,"featured_media":2561,"comment_status":"open","ping_status":"open","sticky":false,"template":"","format":"standard","meta":{"footnotes":""},"categories":[2],"tags":[],"class_list":["post-2559","post","type-post","status-publish","format-standard","has-post-thumbnail","hentry","category-noticias"],"_links":{"self":[{"href":"https:\/\/cofecon.org.br\/cofecon\/index.php?rest_route=\/wp\/v2\/posts\/2559"}],"collection":[{"href":"https:\/\/cofecon.org.br\/cofecon\/index.php?rest_route=\/wp\/v2\/posts"}],"about":[{"href":"https:\/\/cofecon.org.br\/cofecon\/index.php?rest_route=\/wp\/v2\/types\/post"}],"author":[{"embeddable":true,"href":"https:\/\/cofecon.org.br\/cofecon\/index.php?rest_route=\/wp\/v2\/users\/1"}],"replies":[{"embeddable":true,"href":"https:\/\/cofecon.org.br\/cofecon\/index.php?rest_route=%2Fwp%2Fv2%2Fcomments&post=2559"}],"version-history":[{"count":0,"href":"https:\/\/cofecon.org.br\/cofecon\/index.php?rest_route=\/wp\/v2\/posts\/2559\/revisions"}],"wp:featuredmedia":[{"embeddable":true,"href":"https:\/\/cofecon.org.br\/cofecon\/index.php?rest_route=\/wp\/v2\/media\/2561"}],"wp:attachment":[{"href":"https:\/\/cofecon.org.br\/cofecon\/index.php?rest_route=%2Fwp%2Fv2%2Fmedia&parent=2559"}],"wp:term":[{"taxonomy":"category","embeddable":true,"href":"https:\/\/cofecon.org.br\/cofecon\/index.php?rest_route=%2Fwp%2Fv2%2Fcategories&post=2559"},{"taxonomy":"post_tag","embeddable":true,"href":"https:\/\/cofecon.org.br\/cofecon\/index.php?rest_route=%2Fwp%2Fv2%2Ftags&post=2559"}],"curies":[{"name":"wp","href":"https:\/\/api.w.org\/{rel}","templated":true}]}}