{"id":2554,"date":"2017-08-10T10:59:30","date_gmt":"2017-08-10T13:59:30","guid":{"rendered":"http:\/\/www.cofecon.org.br\/?p=2554"},"modified":"2017-08-10T10:59:30","modified_gmt":"2017-08-10T13:59:30","slug":"barbas-de-molho","status":"publish","type":"post","link":"https:\/\/cofecon.org.br\/cofecon\/?p=2554","title":{"rendered":"Artigo &#8211; Barbas de molho"},"content":{"rendered":"<p style=\"text-align: justify;\"><span style=\"font-size: 12px; font-family: verdana,geneva,sans-serif;\">Os jornais desta semana noticiaram que o presidente da Fran\u00e7a, Emmanuel Macron, conta com a aprova\u00e7\u00e3o de apenas 36% dos franceses, apenas tr\u00eas meses ap\u00f3s sua elei\u00e7\u00e3o em maio. Na ocasi\u00e3o, analistas e pol\u00edticos mundo afora apontaram Macron como o mais novo fen\u00f4meno da pol\u00edtica mundial e o saudavam como o competente ex-executivo do mercado financeiro que promoveria o casamento do liberalismo econ\u00f4mico com a prote\u00e7\u00e3o social.<\/span><\/p>\n<p style=\"text-align: justify;\"><span style=\"font-size: 12px; font-family: verdana,geneva,sans-serif;\">Comportando-se como \u201ccomentaristas de botequim\u201d, desprezaram os reais resultados eleitorais: no 1\u00ba turno, as absten\u00e7\u00f5es e votos nulos e brancos somaram 11,53 milh\u00f5es (24,2% do total), superior aos 8,66 milh\u00f5es de votos para Macron (18,2%). No 2\u00ba turno, Macron teve sua vota\u00e7\u00e3o ampliada para 20,75 milh\u00f5es, mas em face do apoio de quase todos os demais partidos contra a candidata fascista Le Pen, e mesmo assim a absten\u00e7\u00e3o e votos nulos e brancos cresceram para 16,19 milh\u00f5es (34% do total).<\/span><\/p>\n<p style=\"text-align: justify;\"><span style=\"font-size: 12px; font-family: verdana,geneva,sans-serif;\">Nas elei\u00e7\u00f5es legislativas, as absten\u00e7\u00f5es e votos nulos e brancos somaram incr\u00edveis 30,77 milh\u00f5es (65% do total). Macron obteve ampla maioria na Assembleia Nacional devido ao antidemocr\u00e1tico sistema de voto distrital, mas seus partid\u00e1rios tiveram apenas 5,43 milh\u00f5es de votos (11,4% do eleitorado).<\/span><\/p>\n<p style=\"text-align: justify;\"><span style=\"font-size: 12px; font-family: verdana,geneva,sans-serif;\">Os jornais tamb\u00e9m t\u00eam relatado a crescente impopularidade do presidente-empres\u00e1rio argentino Maur\u00edcio Macri, que prometeu debelar a infla\u00e7\u00e3o, mas a levou a 40% ao ano, elevando tamb\u00e9m o contingente na linha de pobreza do pa\u00eds a 13 milh\u00f5es (30% da popula\u00e7\u00e3o argentina), para n\u00e3o falar das trapalhadas do presidente-empres\u00e1rio Donald Trump.<\/span><\/p>\n<p style=\"text-align: justify;\"><span style=\"font-size: 12px; font-family: verdana,geneva,sans-serif;\">As \u201cnovidades\u201d est\u00e3o celeremente despencando, e aqueles que no Brasil, como o prefeito paulistano Doria, as celebraram como modelos de empres\u00e1rios ou executivos que fazem sucesso na pol\u00edtica, devem estar botando as \u201cbarbas de molho\u201d. Para os tolos, que acreditam que governar um pa\u00eds \u00e9 o mesmo que dirigir uma empresa, fica o alerta, pois 2018 est\u00e1 logo ali.<\/span><\/p>\n<hr \/>\n<p style=\"text-align: justify;\"><span style=\"font-size: 12px; font-family: verdana,geneva,sans-serif;\"><strong>J\u00falio Miragaya, Presidente do Conselho Federal de Economia<\/strong><\/span><\/p>\n","protected":false},"excerpt":{"rendered":"<p>Os jornais desta semana noticiaram que o presidente da Fran\u00e7a, Emmanuel Macron, conta com a aprova\u00e7\u00e3o de apenas 36% dos franceses, apenas tr\u00eas meses ap\u00f3s sua elei\u00e7\u00e3o em maio. Na ocasi\u00e3o, analistas e pol\u00edticos mundo afora apontaram Macron como o<\/p>\n<p><a class=\"more-link\" href=\"https:\/\/cofecon.org.br\/cofecon\/?p=2554\">Leia Mais<\/a><\/p>\n","protected":false},"author":1,"featured_media":2555,"comment_status":"open","ping_status":"open","sticky":false,"template":"","format":"standard","meta":{"footnotes":""},"categories":[6],"tags":[],"class_list":["post-2554","post","type-post","status-publish","format-standard","has-post-thumbnail","hentry","category-artigo"],"_links":{"self":[{"href":"https:\/\/cofecon.org.br\/cofecon\/index.php?rest_route=\/wp\/v2\/posts\/2554"}],"collection":[{"href":"https:\/\/cofecon.org.br\/cofecon\/index.php?rest_route=\/wp\/v2\/posts"}],"about":[{"href":"https:\/\/cofecon.org.br\/cofecon\/index.php?rest_route=\/wp\/v2\/types\/post"}],"author":[{"embeddable":true,"href":"https:\/\/cofecon.org.br\/cofecon\/index.php?rest_route=\/wp\/v2\/users\/1"}],"replies":[{"embeddable":true,"href":"https:\/\/cofecon.org.br\/cofecon\/index.php?rest_route=%2Fwp%2Fv2%2Fcomments&post=2554"}],"version-history":[{"count":0,"href":"https:\/\/cofecon.org.br\/cofecon\/index.php?rest_route=\/wp\/v2\/posts\/2554\/revisions"}],"wp:featuredmedia":[{"embeddable":true,"href":"https:\/\/cofecon.org.br\/cofecon\/index.php?rest_route=\/wp\/v2\/media\/2555"}],"wp:attachment":[{"href":"https:\/\/cofecon.org.br\/cofecon\/index.php?rest_route=%2Fwp%2Fv2%2Fmedia&parent=2554"}],"wp:term":[{"taxonomy":"category","embeddable":true,"href":"https:\/\/cofecon.org.br\/cofecon\/index.php?rest_route=%2Fwp%2Fv2%2Fcategories&post=2554"},{"taxonomy":"post_tag","embeddable":true,"href":"https:\/\/cofecon.org.br\/cofecon\/index.php?rest_route=%2Fwp%2Fv2%2Ftags&post=2554"}],"curies":[{"name":"wp","href":"https:\/\/api.w.org\/{rel}","templated":true}]}}