{"id":2549,"date":"2017-08-09T13:07:48","date_gmt":"2017-08-09T16:07:48","guid":{"rendered":"http:\/\/www.cofecon.org.br\/?p=2549"},"modified":"2017-08-09T13:07:48","modified_gmt":"2017-08-09T16:07:48","slug":"ipca-teve-alta-de-023-em-julho","status":"publish","type":"post","link":"https:\/\/cofecon.org.br\/cofecon\/?p=2549","title":{"rendered":"IPCA teve alta de 0,23% em julho"},"content":{"rendered":"<div class=\"texto--single \">\n<p style=\"text-align: justify;\"><span style=\"font-size: 12px; font-family: verdana,geneva,sans-serif;\"><em>O <strong>\u00cdndice Nacional de Pre\u00e7os ao Consumidor Amplo (IPCA)<\/strong> do m\u00eas de julho ficou em 0,24%, ap\u00f3s varia\u00e7\u00e3o de -0,23% em junho. Com isto, o acumulado no ano foi de 1,43%, bem menos do que os 4,96% registrados em igual per\u00edodo do ano passado.<\/em><\/span><\/p>\n<p><center><\/p>\n<table width=\"515\">\n<tbody>\n<tr>\n<th width=\"319\">\n<p><strong>Per\u00edodo<\/strong><\/p>\n<\/th>\n<th width=\"196\">\n<p><strong>TAXA<\/strong><\/p>\n<\/th>\n<\/tr>\n<tr>\n<th width=\"319\">\n<p><strong>Julho de 2017<\/strong><\/p>\n<\/th>\n<td width=\"196\">\n<p>0,24%<\/p>\n<\/td>\n<\/tr>\n<tr>\n<th width=\"319\">\n<p><strong>Junho de 2017<\/strong><\/p>\n<\/th>\n<td width=\"196\">\n<p>&#8211; 0,23%<\/p>\n<\/td>\n<\/tr>\n<tr>\n<th width=\"319\">\n<p><strong>Julho de 2016<\/strong><\/p>\n<\/th>\n<td width=\"196\">\n<p>0,52%<\/p>\n<\/td>\n<\/tr>\n<tr>\n<th width=\"319\">\n<p><strong>No ano 2017<\/strong><\/p>\n<\/th>\n<td width=\"196\">\n<p>1,43%<\/p>\n<\/td>\n<\/tr>\n<tr>\n<th width=\"319\">\n<p><strong>Acumulado nos 12 meses<\/strong><\/p>\n<\/th>\n<td width=\"196\">\n<p>2,71%<\/p>\n<\/td>\n<\/tr>\n<\/tbody>\n<\/table>\n<p><\/center><\/p>\n<p style=\"text-align: justify;\"><span style=\"font-size: 12px; font-family: verdana,geneva,sans-serif;\"><em>Em rela\u00e7\u00e3o aos \u00faltimos doze meses, o \u00edndice foi para 2,71%, menor acumulado em 12 meses desde fevereiro de 1999 (2,24%). Em julho de 2016, o \u00edndice havia registrado varia\u00e7\u00e3o de 0,52%. Clique <a href=\"http:\/\/www.ibge.gov.br\/home\/estatistica\/indicadores\/precos\/inpc_ipca\/defaultinpc.shtm\" target=\"_blank\" rel=\"noopener noreferrer\">aqui<\/a> para acessar a publica\u00e7\u00e3o completa.<\/em><\/span><\/p>\n<p style=\"text-align: justify;\"><span style=\"font-size: 12px; font-family: verdana,geneva,sans-serif;\">Em julho, mesmo com o grupo <strong>Alimenta\u00e7\u00e3o e Bebidas<\/strong>, que responde por 25% das despesas das fam\u00edlias, apresentando queda pelo terceiro m\u00eas consecutivo (-0,47%), os grupos <strong>Habita\u00e7\u00e3o<\/strong> (1,64%) e <strong>Transportes<\/strong> (0,34%) pressionaram para cima o resultado do m\u00eas, conforme mostra a tabela a seguir.<\/span><\/p>\n<p><center><\/p>\n<table>\n<tbody>\n<tr>\n<th rowspan=\"2\">Grupo<\/th>\n<th colspan=\"2\">Varia\u00e7\u00e3o (%)<\/th>\n<th colspan=\"2\">Impacto (p.p.)\u00a0\u00a0<\/th>\n<\/tr>\n<tr>\n<th>Junho<\/th>\n<th>Julho<\/th>\n<th>Junho<\/th>\n<th>Julho\u00a0<\/th>\n<\/tr>\n<tr>\n<td colspan=\"5\">\u00a0\u00a0\u00a0\u00a0\u00a0\u00a0<\/td>\n<\/tr>\n<tr>\n<th>\u00cdndice Geral<\/th>\n<td>-0,23<\/td>\n<td>0,24<\/td>\n<td>-0,23<\/td>\n<td>0,24\u00a0<\/td>\n<\/tr>\n<tr>\n<td colspan=\"5\">\u00a0\u00a0\u00a0\u00a0\u00a0\u00a0<\/td>\n<\/tr>\n<tr>\n<th>Alimenta\u00e7\u00e3o e Bebidas<\/th>\n<td>-0,50<\/td>\n<td>-0,47<\/td>\n<td>-0,12<\/td>\n<td>-0,12\u00a0<\/td>\n<\/tr>\n<tr>\n<th>Habita\u00e7\u00e3o<\/th>\n<td>-0,77<\/td>\n<td>1,64<\/td>\n<td>-0,12<\/td>\n<td>0,25\u00a0<\/td>\n<\/tr>\n<tr>\n<th>Artigos de Resid\u00eancia<\/th>\n<td>-0,07<\/td>\n<td>-0,23<\/td>\n<td>0,00<\/td>\n<td>-0,01\u00a0<\/td>\n<\/tr>\n<tr>\n<th>Vestu\u00e1rio<\/th>\n<td>0,21<\/td>\n<td>-0,42<\/td>\n<td>0,01<\/td>\n<td>-0,02\u00a0<\/td>\n<\/tr>\n<tr>\n<th>Transportes<\/th>\n<td>-0,52<\/td>\n<td>0,34<\/td>\n<td>-0,09<\/td>\n<td>0,06\u00a0<\/td>\n<\/tr>\n<tr>\n<th>Sa\u00fade e Cuidados Pessoais<\/th>\n<td>0,46<\/td>\n<td>0,37<\/td>\n<td>0,05<\/td>\n<td>0,04\u00a0<\/td>\n<\/tr>\n<tr>\n<th>Despesas Pessoais<\/th>\n<td>0,33<\/td>\n<td>0,36<\/td>\n<td>0,04<\/td>\n<td>0,04\u00a0<\/td>\n<\/tr>\n<tr>\n<th>Educa\u00e7\u00e3o<\/th>\n<td>0,08<\/td>\n<td>-0,02<\/td>\n<td>0,00<\/td>\n<td>0,00\u00a0<\/td>\n<\/tr>\n<tr>\n<th>Comunica\u00e7\u00e3o<\/th>\n<td>0,09<\/td>\n<td>-0,02<\/td>\n<td>0,00<\/td>\n<td>0,00\u00a0<\/td>\n<\/tr>\n<\/tbody>\n<\/table>\n<p style=\"text-align: justify;\"><span style=\"font-size: 12px; font-family: verdana,geneva,sans-serif;\">Com o maior impacto individual, 0,20 ponto percentual (p.p.), a <strong>energia el\u00e9trica<\/strong> (6,00%), do grupo Habita\u00e7\u00e3o (1,64%), foi o item que mais contribuiu para o resultado de julho. Isso ocorreu devido \u00e0 entrada em vigor da bandeira tarif\u00e1ria amarela, a partir de 01 de julho, representando uma cobran\u00e7a adicional de R$ 2,00 a cada 100 Kwh consumidos. Acrescente-se, ainda, al\u00e9m do aumento na parcela do PIS\/COFINS, ocorrido na maioria das regi\u00f5es pesquisadas, o reajuste de 7,09% em <strong>Curitiba<\/strong>, a partir de 24 de junho, e de 5,15% em uma das concession\u00e1rias de <strong>S\u00e3o Paulo<\/strong>, em vigor desde 04 de julho. A tabela a seguir apresenta as varia\u00e7\u00f5es da <strong>energia el\u00e9trica<\/strong> por regi\u00e3o pesquisada.<\/span><\/p>\n<table width=\"186\">\n<tbody>\n<tr>\n<th width=\"107\">Regi\u00e3o<\/th>\n<th width=\"79\">\n<p>Varia\u00e7\u00e3o<br \/>\n %<\/p>\n<\/th>\n<\/tr>\n<tr>\n<td>Curitiba<\/td>\n<td>9,33<\/td>\n<\/tr>\n<tr>\n<td>S\u00e3o Paulo<\/td>\n<td>8,54<\/td>\n<\/tr>\n<tr>\n<td>Belo Horizonte<\/td>\n<td>8,01<\/td>\n<\/tr>\n<tr>\n<td>Bel\u00e9m<\/td>\n<td>6,92<\/td>\n<\/tr>\n<tr>\n<td>Recife<\/td>\n<td>4,51<\/td>\n<\/tr>\n<tr>\n<td>Salvador<\/td>\n<td>4,41<\/td>\n<\/tr>\n<tr>\n<td>Vit\u00f3ria<\/td>\n<td>3,90<\/td>\n<\/tr>\n<tr>\n<td>Goi\u00e2nia<\/td>\n<td>3,80<\/td>\n<\/tr>\n<tr>\n<td>Fortaleza<\/td>\n<td>3,50<\/td>\n<\/tr>\n<tr>\n<td>Porto Alegre<\/td>\n<td>3,37<\/td>\n<\/tr>\n<tr>\n<td>Rio de Janeiro<\/td>\n<td>2,77<\/td>\n<\/tr>\n<tr>\n<td>Campo Grande<\/td>\n<td>1,67<\/td>\n<\/tr>\n<tr>\n<td>Bras\u00edlia<\/td>\n<td>0,83<\/td>\n<\/tr>\n<tr>\n<td>&nbsp;<\/td>\n<td>&nbsp;<\/td>\n<\/tr>\n<tr>\n<th>Brasil<\/th>\n<th>6,00<\/th>\n<\/tr>\n<\/tbody>\n<\/table>\n<p style=\"text-align: justify;\"><span style=\"font-size: 12px; font-family: verdana,geneva,sans-serif;\">Ainda no grupo <strong>Habita\u00e7\u00e3o<\/strong>, a taxa de \u00e1gua e esgoto (1,21%) teve seu resultado influenciado pelas regi\u00f5es metropolitanas de <strong>Fortaleza<\/strong> (11,27%) e de <strong>Porto Alegre<\/strong> (1,90%) onde ocorreram reajustes de 12,90%, em 26 de junho, e de 4,50%, em 1\u00ba de julho, respectivamente, al\u00e9m de <strong>Goi\u00e2nia<\/strong> (5,89%), cujo reajuste de 6,29% est\u00e1 em vigor desde o dia 1\u00ba de julho.<\/span><\/p>\n<p style=\"text-align: justify;\"><span style=\"font-size: 12px; font-family: verdana,geneva,sans-serif;\">No grupo <strong>Transportes<\/strong> (0,34%), o destaque s\u00e3o os <strong>combust\u00edveis <\/strong>(0,92%). O litro do <strong>etanol <\/strong>ficou, em m\u00e9dia, 0,73% mais caro. J\u00e1 a <strong>gasolina<\/strong> apresentou varia\u00e7\u00e3o de 1,06%. Isso pois, durante o m\u00eas de julho, foram anunciados diversos reajustes (aumentos e redu\u00e7\u00f5es) nos pre\u00e7os da gasolina na refinaria e, em 20 de julho, o aumento na al\u00edquota do PIS\/COFINS. Em 25 de julho, esse aumento foi suspenso por liminar, derrubada em 26 de julho. Nova liminar, em 03 de agosto, derrubada no dia seguinte, suspendia o efeito do decreto que reajustou as al\u00edquotas do PIS\/COFINS dos combust\u00edveis.<\/span><\/p>\n<p style=\"text-align: justify;\"><span style=\"font-size: 12px; font-family: verdana,geneva,sans-serif;\">Cabe mencionar, ainda nos <strong>Transportes<\/strong> (0,34%), as tarifas dos <strong>\u00f4nibus interestaduais<\/strong>, que passaram a custar 2,15% a mais em raz\u00e3o do reajuste m\u00e9dio de 1,45% no valor das passagens a partir do dia primeiro de julho. As varia\u00e7\u00f5es ficaram entre o -1,27% da regi\u00e3o metropolitana de <strong>Salvador <\/strong>e os 6,56% da regi\u00e3o metropolitana de <strong>Recife<\/strong>.<\/span><\/p>\n<p style=\"text-align: justify;\"><span style=\"font-size: 12px; font-family: verdana,geneva,sans-serif;\">No lado das quedas, o destaque ficou com o grupo <strong>Alimenta\u00e7\u00e3o e Bebidas<\/strong> (-0,47%) e<\/span><br \/>\n <span style=\"font-size: 12px; font-family: verdana,geneva,sans-serif;\"> -0,12p.p. de impacto puxada pelos alimentos para consumo em casa, mais baratos em 0,81%, indo de -1,80% em <strong>Goi\u00e2nia<\/strong> at\u00e9 0,06% em <strong>Bras\u00edlia<\/strong>. J\u00e1 a alimenta\u00e7\u00e3o fora subiu 0,15%, no intervalo de -0,32% registrados na regi\u00e3o metropolitana do <strong>Rio de Janeiro<\/strong>, at\u00e9 1,71% em Goi\u00e2nia.<\/span><\/p>\n<p style=\"text-align: justify;\"><span style=\"font-size: 12px; font-family: verdana,geneva,sans-serif;\">Apesar de a maioria dos <strong>alimentos<\/strong> passarem a custar menos de junho para julho, a exemplo da <strong>batata-inglesa<\/strong> (-22,73%), do <strong>leite longa vida<\/strong> (-3,22%), das <strong>frutas<\/strong> (-2,35%) e das <strong>carnes<\/strong> (-1,06%), o <strong>tomate<\/strong> (16,90%) e a <strong>cebola <\/strong>(11,70%) apresentaram varia\u00e7\u00f5es positivas frente \u00e0s quedas registradas em junho.<\/span><\/p>\n<table width=\"509\">\n<tbody>\n<tr>\n<th rowspan=\"2\" width=\"207\">Item<\/th>\n<th colspan=\"2\" width=\"139\">Varia\u00e7\u00e3o (%)<\/th>\n<th colspan=\"2\" width=\"163\">Varia\u00e7\u00e3o Acumulada (%)<\/th>\n<\/tr>\n<tr>\n<th>Junho<\/th>\n<th>Julho<\/th>\n<th>Ano<\/th>\n<th width=\"76\">12 meses<\/th>\n<\/tr>\n<tr>\n<th>Batata-inglesa<\/th>\n<td>-6,17<\/td>\n<td>-22,73<\/td>\n<td>-16,60<\/td>\n<td>-51,97<\/td>\n<\/tr>\n<tr>\n<th>Feij\u00e3o-fradinho<\/th>\n<td>-6,60<\/td>\n<td>-7,11<\/td>\n<td>-19,69<\/td>\n<td>-10,37<\/td>\n<\/tr>\n<tr>\n<th>Feij\u00e3o-carioca<\/th>\n<td>25,86<\/td>\n<td>-5,39<\/td>\n<td>-15,33<\/td>\n<td>-50,54<\/td>\n<\/tr>\n<tr>\n<th>A\u00e7\u00facar cristal<\/th>\n<td>-0,74<\/td>\n<td>-3,52<\/td>\n<td>-11,10<\/td>\n<td>-3,86<\/td>\n<\/tr>\n<tr>\n<th>Leite longa vida<\/th>\n<td>-0,72<\/td>\n<td>-3,22<\/td>\n<td>2,68<\/td>\n<td>-22,67<\/td>\n<\/tr>\n<tr>\n<th>A\u00e7\u00facar refinado<\/th>\n<td>0,50<\/td>\n<td>-2,62<\/td>\n<td>-6,21<\/td>\n<td>-2,77<\/td>\n<\/tr>\n<tr>\n<th>Pescado<\/th>\n<td>-1,60<\/td>\n<td>-2,54<\/td>\n<td>0,70<\/td>\n<td>8,78<\/td>\n<\/tr>\n<tr>\n<th>Frutas<\/th>\n<td>-5,90<\/td>\n<td>-2,35<\/td>\n<td>-15,42<\/td>\n<td>-5,03<\/td>\n<\/tr>\n<tr>\n<th>Hortali\u00e7as<\/th>\n<td>0,61<\/td>\n<td>-2,28<\/td>\n<td>7,08<\/td>\n<td>-7,97<\/td>\n<\/tr>\n<tr>\n<th>Alho<\/th>\n<td>1,23<\/td>\n<td>-2,18<\/td>\n<td>3,32<\/td>\n<td>-12,54<\/td>\n<\/tr>\n<tr>\n<th>Arroz<\/th>\n<td>-0,92<\/td>\n<td>-1,52<\/td>\n<td>-7,70<\/td>\n<td>-3,51<\/td>\n<\/tr>\n<tr>\n<th>Frango inteiro<\/th>\n<td>-0,77<\/td>\n<td>-1,36<\/td>\n<td>-8,47<\/td>\n<td>-2,36<\/td>\n<\/tr>\n<tr>\n<th>Carnes<\/th>\n<td>-1,23<\/td>\n<td>-1,06<\/td>\n<td>-3,71<\/td>\n<td>0,38<\/td>\n<\/tr>\n<tr>\n<th>Leite em p\u00f3<\/th>\n<td>-0,54<\/td>\n<td>-1,00<\/td>\n<td>-4,07<\/td>\n<td>7,71<\/td>\n<\/tr>\n<tr>\n<th>\u00d3leo de soja<\/th>\n<td>-1,32<\/td>\n<td>-0,88<\/td>\n<td>-5,65<\/td>\n<td>-0,82<\/td>\n<\/tr>\n<tr>\n<th>Farinha de trigo<\/th>\n<td>-0,89<\/td>\n<td>-0,84<\/td>\n<td>-7,87<\/td>\n<td>-9,47<\/td>\n<\/tr>\n<tr>\n<th>P\u00e3o de forma<\/th>\n<td>0,82<\/td>\n<td>-0,72<\/td>\n<td>6,14<\/td>\n<td>7,30<\/td>\n<\/tr>\n<tr>\n<th>Queijo<\/th>\n<td>-1,12<\/td>\n<td>-0,53<\/td>\n<td>0,20<\/td>\n<td>4,02<\/td>\n<\/tr>\n<\/tbody>\n<\/table>\n<p style=\"text-align: justify;\"><span style=\"font-size: 12px; font-family: verdana,geneva,sans-serif;\">Na \u00f3tica dos \u00edndices regionais, os resultados ficaram entre os -0,24% registrados em <strong>Campo Grande<\/strong> e os 0,49% da regi\u00e3o metropolitana de <strong>Curitiba<\/strong>. A tabela a seguir apresenta os resultados por regi\u00e3o pesquisada. Na regi\u00e3o metropolitana de Curitiba, o aumento foi impulsionado pelas contas de <strong>energia el\u00e9trica<\/strong>, que ficaram 9,33% mais caras em raz\u00e3o do reajuste de 7,09%, em vigor a partir de 24 de junho. Em Campo Grande, as <strong>carnes<\/strong> registraram redu\u00e7\u00e3o de 2,02%.<\/span><\/p>\n<table width=\"620\">\n<tbody>\n<tr>\n<th rowspan=\"2\" width=\"195\">Regi\u00e3o<\/th>\n<th rowspan=\"2\" width=\"88\">Peso Regional (%)<\/th>\n<th colspan=\"2\" width=\"172\">Varia\u00e7\u00e3o (%)<\/th>\n<th colspan=\"2\" width=\"165\">Varia\u00e7\u00e3o Acumulada (%)<\/th>\n<\/tr>\n<tr>\n<th>Junho<\/th>\n<th>Julho<\/th>\n<th>Ano<\/th>\n<th width=\"79\">12 meses<\/th>\n<\/tr>\n<tr>\n<td>Curitiba<\/td>\n<td>7,79<\/td>\n<td>-0,14<\/td>\n<td>0,49<\/td>\n<td>1,77<\/td>\n<td>2,44<\/td>\n<\/tr>\n<tr>\n<td>S\u00e3o Paulo<\/td>\n<td>30,67<\/td>\n<td>-0,31<\/td>\n<td>0,38<\/td>\n<td>1,41<\/td>\n<td>2,88<\/td>\n<\/tr>\n<tr>\n<td>Goi\u00e2nia<\/td>\n<td>3,59<\/td>\n<td>-0,04<\/td>\n<td>0,38<\/td>\n<td>0,73<\/td>\n<td>1,31<\/td>\n<\/tr>\n<tr>\n<td>Salvador<\/td>\n<td>7,35<\/td>\n<td>-0,08<\/td>\n<td>0,35<\/td>\n<td>1,66<\/td>\n<td>2,54<\/td>\n<\/tr>\n<tr>\n<td>Belo Horizonte<\/td>\n<td>10,86<\/td>\n<td>-0,48<\/td>\n<td>0,31<\/td>\n<td>0,89<\/td>\n<td>1,88<\/td>\n<\/tr>\n<tr>\n<td>Recife<\/td>\n<td>5,05<\/td>\n<td>-0,09<\/td>\n<td>0,29<\/td>\n<td>2,55<\/td>\n<td>4,24<\/td>\n<\/tr>\n<tr>\n<td>Bras\u00edlia<\/td>\n<td>2,80<\/td>\n<td>-0,22<\/td>\n<td>0,28<\/td>\n<td>1,51<\/td>\n<td>3,79<\/td>\n<\/tr>\n<tr>\n<td>Bel\u00e9m<\/td>\n<td>4,65<\/td>\n<td>-0,08<\/td>\n<td>0,10<\/td>\n<td>0,83<\/td>\n<td>1,96<\/td>\n<\/tr>\n<tr>\n<td>Vit\u00f3ria<\/td>\n<td>1,78<\/td>\n<td>-0,22<\/td>\n<td>0,03<\/td>\n<td>1,34<\/td>\n<td>2,64<\/td>\n<\/tr>\n<tr>\n<td>Fortaleza<\/td>\n<td>3,49<\/td>\n<td>-0,25<\/td>\n<td>0,01<\/td>\n<td>1,51<\/td>\n<td>3,65<\/td>\n<\/tr>\n<tr>\n<td>Rio de Janeiro<\/td>\n<td>12,06<\/td>\n<td>-0,09<\/td>\n<td>-0,03<\/td>\n<td>1,95<\/td>\n<td>3,25<\/td>\n<\/tr>\n<tr>\n<td>Porto Alegre<\/td>\n<td>8,40<\/td>\n<td>-0,28<\/td>\n<td>-0,12<\/td>\n<td>0,95<\/td>\n<td>2,10<\/td>\n<\/tr>\n<tr>\n<td>Campo Grande<\/td>\n<td>1,51<\/td>\n<td>-0,40<\/td>\n<td>-0,24<\/td>\n<td>0,59<\/td>\n<td>2,94<\/td>\n<\/tr>\n<tr>\n<td>&nbsp;<\/td>\n<td>&nbsp;<\/td>\n<td>&nbsp;<\/td>\n<td>&nbsp;<\/td>\n<td>&nbsp;<\/td>\n<td>&nbsp;<\/td>\n<\/tr>\n<tr>\n<th>Brasil<\/th>\n<th>100,00<\/th>\n<th>-0,23<\/th>\n<th>0,24<\/th>\n<th>1,43<\/th>\n<th>2,71<\/th>\n<\/tr>\n<\/tbody>\n<\/table>\n<p style=\"text-align: justify;\"><span style=\"font-size: 12px; font-family: verdana,geneva,sans-serif;\">\u00a0O IPCA \u00e9 calculado pelo IBGE desde 1980, se refere \u00e0s fam\u00edlias com rendimento monet\u00e1rio de um a 40 sal\u00e1rios m\u00ednimos, qualquer que seja a fonte, e abrange dez regi\u00f5es metropolitanas do pa\u00eds, al\u00e9m dos munic\u00edpios de Goi\u00e2nia, Campo Grande e de Bras\u00edlia. Para c\u00e1lculo do \u00edndice do m\u00eas, foram comparados os pre\u00e7os coletados no per\u00edodo de 29 de junho a 31 de julho de 2017 (refer\u00eancia) com os pre\u00e7os vigentes no per\u00edodo de 1\u00ba a 28 de junho de 2017 (base).<\/span><\/p>\n<p style=\"text-align: justify;\"><span style=\"font-size: 12px; font-family: verdana,geneva,sans-serif;\"><strong>O \u00cdndice Nacional de Pre\u00e7os ao Consumidor &#8211; INPC<\/strong> apresentou varia\u00e7\u00e3o de 0,17% em julho, ficando acima da taxa de -0,30% de junho. No acumulado dos \u00faltimos doze meses, o \u00edndice desceu para 2,08%, ficando abaixo dos 2,56% registrados nos 12 meses imediatamente anteriores. Em julho de 2016, o INPC registrou 0,64%.<\/span><\/p>\n<p style=\"text-align: justify;\"><span style=\"font-size: 12px; font-family: verdana,geneva,sans-serif;\">Os <strong>produtos aliment\u00edcios<\/strong> tiveram queda de 0,45% em julho. Em junho, o resultado havia sido de -0,52%. O agrupamento dos <strong>n\u00e3o aliment\u00edcios<\/strong> ficou com varia\u00e7\u00e3o de 0,45%, acima da taxa de -0,20% de junho.<\/span><\/p>\n<p style=\"text-align: justify;\"><span style=\"font-size: 12px; font-family: verdana,geneva,sans-serif;\">Quanto aos \u00edndices regionais, as varia\u00e7\u00f5es ficaram entre -0,30% registrado em <strong>Campo Grande<\/strong> e 0,42% na regi\u00e3o metropolitana de <strong>Curitiba<\/strong>. Em Campo Grande, as carnes registraram redu\u00e7\u00e3o de 2,15%. Na regi\u00e3o metropolitana de Curitiba, o aumento foi impulsionado pelas contas de <strong>energia el\u00e9trica<\/strong> que ficaram 9,71% mais caras em raz\u00e3o do reajuste de 7,09%, em vigor a partir de 24 de junho.<\/span><\/p>\n<table width=\"576\">\n<tbody>\n<tr>\n<th rowspan=\"2\" width=\"122\">Regi\u00e3o<\/th>\n<th rowspan=\"2\" width=\"92\">Peso Regional (%)<\/th>\n<th colspan=\"2\" width=\"176\">Varia\u00e7\u00e3o mensal (%)<\/th>\n<th colspan=\"2\" width=\"186\">Varia\u00e7\u00e3o Acumulada (%)<\/th>\n<\/tr>\n<tr>\n<th>Junho<\/th>\n<th>Julho<\/th>\n<th>Ano<\/th>\n<th width=\"79\">12 meses<\/th>\n<\/tr>\n<tr>\n<td>Curitiba<\/td>\n<td>7,29<\/td>\n<td>-0,20<\/td>\n<td>0,42<\/td>\n<td>1,92<\/td>\n<td>2,06<\/td>\n<\/tr>\n<tr>\n<td>Salvador<\/td>\n<td>10,67<\/td>\n<td>0,09<\/td>\n<td>0,36<\/td>\n<td>1,86<\/td>\n<td>2,63<\/td>\n<\/tr>\n<tr>\n<td>Recife<\/td>\n<td>7,17<\/td>\n<td>-0,26<\/td>\n<td>0,32<\/td>\n<td>2,48<\/td>\n<td>4,19<\/td>\n<\/tr>\n<tr>\n<td>S\u00e3o Paulo<\/td>\n<td>24,24<\/td>\n<td>-0,42<\/td>\n<td>0,31<\/td>\n<td>1,16<\/td>\n<td>1,82<\/td>\n<\/tr>\n<tr>\n<td>Goi\u00e2nia<\/td>\n<td>4,15<\/td>\n<td>-0,12<\/td>\n<td>0,25<\/td>\n<td>0,39<\/td>\n<td>0,63<\/td>\n<\/tr>\n<tr>\n<td>Belo Horizonte<\/td>\n<td>10,60<\/td>\n<td>-0,64<\/td>\n<td>0,19<\/td>\n<td>0,56<\/td>\n<td>0,98<\/td>\n<\/tr>\n<tr>\n<td>Fortaleza<\/td>\n<td>6,61<\/td>\n<td>-0,35<\/td>\n<td>0,11<\/td>\n<td>1,58<\/td>\n<td>3,86<\/td>\n<\/tr>\n<tr>\n<td>Bras\u00edlia<\/td>\n<td>1,88<\/td>\n<td>-0,21<\/td>\n<td>0,08<\/td>\n<td>1,95<\/td>\n<td>3,61<\/td>\n<\/tr>\n<tr>\n<td>Bel\u00e9m<\/td>\n<td>7,03<\/td>\n<td>-0,08<\/td>\n<td>-0,03<\/td>\n<td>0,84<\/td>\n<td>1,69<\/td>\n<\/tr>\n<tr>\n<td>Vit\u00f3ria<\/td>\n<td>1,83<\/td>\n<td>-0,33<\/td>\n<td>-0,06<\/td>\n<td>1,28<\/td>\n<td>2,15<\/td>\n<\/tr>\n<tr>\n<td>Porto Alegre<\/td>\n<td>7,38<\/td>\n<td>-0,41<\/td>\n<td>-0,13<\/td>\n<td>0,77<\/td>\n<td>1,42<\/td>\n<\/tr>\n<tr>\n<td>Rio de Janeiro<\/td>\n<td>9,51<\/td>\n<td>-0,27<\/td>\n<td>-0,16<\/td>\n<td>1,60<\/td>\n<td>1,94<\/td>\n<\/tr>\n<tr>\n<td>Campo Grande<\/td>\n<td>1,64<\/td>\n<td>-0,47<\/td>\n<td>-0,30<\/td>\n<td>0,11<\/td>\n<td>1,95<\/td>\n<\/tr>\n<tr>\n<td>&nbsp;<\/td>\n<td>&nbsp;<\/td>\n<td>&nbsp;<\/td>\n<td>&nbsp;<\/td>\n<td>&nbsp;<\/td>\n<td>&nbsp;<\/td>\n<\/tr>\n<tr>\n<th>Brasil<\/th>\n<th>100,00<\/th>\n<th>-0,30<\/th>\n<th>0,17<\/th>\n<th>1,30<\/th>\n<th>2,08<\/th>\n<\/tr>\n<\/tbody>\n<\/table>\n<p style=\"text-align: justify;\"><span style=\"font-family: verdana,geneva,sans-serif; font-size: 12px;\">O INPC \u00e9 calculado pelo IBGE desde 1979, se refere \u00e0s fam\u00edlias com rendimento monet\u00e1rio de um a cinco sal\u00e1rios m\u00ednimos, sendo o chefe assalariado. Abrange dez regi\u00f5es metropolitanas, al\u00e9m dos munic\u00edpios de Goi\u00e2nia, Campo Grande e de Bras\u00edlia.<\/span><\/p>\n<p style=\"text-align: justify;\"><span style=\"font-family: verdana,geneva,sans-serif; font-size: 12px;\">Para c\u00e1lculo do \u00edndice do m\u00eas foram comparados os pre\u00e7os coletados no per\u00edodo de 29 de junho a 31 de julho de 2017 (refer\u00eancia) com os pre\u00e7os vigentes no per\u00edodo de 1\u00ba a 28 de junho de 2017 (base).<\/span><\/p>\n<p><\/center><\/div>\n","protected":false},"excerpt":{"rendered":"<p>O \u00cdndice Nacional de Pre\u00e7os ao Consumidor Amplo (IPCA) do m\u00eas de julho ficou em 0,24%, ap\u00f3s varia\u00e7\u00e3o de -0,23% em junho. Com isto, o acumulado no ano foi de 1,43%, bem menos do que os 4,96% registrados em igual<\/p>\n<p><a class=\"more-link\" href=\"https:\/\/cofecon.org.br\/cofecon\/?p=2549\">Leia Mais<\/a><\/p>\n","protected":false},"author":1,"featured_media":2550,"comment_status":"open","ping_status":"open","sticky":false,"template":"","format":"standard","meta":{"footnotes":""},"categories":[2],"tags":[],"class_list":["post-2549","post","type-post","status-publish","format-standard","has-post-thumbnail","hentry","category-noticias"],"_links":{"self":[{"href":"https:\/\/cofecon.org.br\/cofecon\/index.php?rest_route=\/wp\/v2\/posts\/2549"}],"collection":[{"href":"https:\/\/cofecon.org.br\/cofecon\/index.php?rest_route=\/wp\/v2\/posts"}],"about":[{"href":"https:\/\/cofecon.org.br\/cofecon\/index.php?rest_route=\/wp\/v2\/types\/post"}],"author":[{"embeddable":true,"href":"https:\/\/cofecon.org.br\/cofecon\/index.php?rest_route=\/wp\/v2\/users\/1"}],"replies":[{"embeddable":true,"href":"https:\/\/cofecon.org.br\/cofecon\/index.php?rest_route=%2Fwp%2Fv2%2Fcomments&post=2549"}],"version-history":[{"count":0,"href":"https:\/\/cofecon.org.br\/cofecon\/index.php?rest_route=\/wp\/v2\/posts\/2549\/revisions"}],"wp:featuredmedia":[{"embeddable":true,"href":"https:\/\/cofecon.org.br\/cofecon\/index.php?rest_route=\/wp\/v2\/media\/2550"}],"wp:attachment":[{"href":"https:\/\/cofecon.org.br\/cofecon\/index.php?rest_route=%2Fwp%2Fv2%2Fmedia&parent=2549"}],"wp:term":[{"taxonomy":"category","embeddable":true,"href":"https:\/\/cofecon.org.br\/cofecon\/index.php?rest_route=%2Fwp%2Fv2%2Fcategories&post=2549"},{"taxonomy":"post_tag","embeddable":true,"href":"https:\/\/cofecon.org.br\/cofecon\/index.php?rest_route=%2Fwp%2Fv2%2Ftags&post=2549"}],"curies":[{"name":"wp","href":"https:\/\/api.w.org\/{rel}","templated":true}]}}