{"id":25475,"date":"2025-05-15T17:03:47","date_gmt":"2025-05-15T20:03:47","guid":{"rendered":"https:\/\/cofecon.org.br\/cofecon\/?p=25475"},"modified":"2025-05-15T17:03:49","modified_gmt":"2025-05-15T20:03:49","slug":"debate-com-participacao-da-presidenta-do-cofecon-e-adiado","status":"publish","type":"post","link":"https:\/\/cofecon.org.br\/cofecon\/?p=25475","title":{"rendered":"Debate com participa\u00e7\u00e3o da presidenta do Cofecon \u00e9 adiado"},"content":{"rendered":"\n<p><em>Evento contaria com participa\u00e7\u00e3o da presidenta do Cofecon, Tania Cristina Teixeira. Nova data ainda ser\u00e1 anunciada<\/em><\/p>\n\n\n\n<p>O debate \u201cConstruindo um desenvolvimento em respeito \u00e0s novas gera\u00e7\u00f5es\u201d, previsto para esta quinta-feira (15), \u00e0s 18 horas, foi adiado por motivos de for\u00e7a maior. Uma nova data ser\u00e1 anunciada em breve, a partir de defini\u00e7\u00e3o conjunta entre o Conselho Federal de Economia (Cofecon) e a Associa\u00e7\u00e3o Brasileira de Economistas pela Democracia (ABED), respons\u00e1veis pela organiza\u00e7\u00e3o do evento.<\/p>\n\n\n\n<p>A atividade tem como proposta fomentar o di\u00e1logo intergeracional sobre o papel da economia na constru\u00e7\u00e3o de um futuro mais justo, diverso e sustent\u00e1vel. A abordagem privilegia reflex\u00f5es sobre o modelo de desenvolvimento vigente, seus impactos sobre as juventudes e a necessidade de pol\u00edticas p\u00fablicas que aliem responsabilidade social e equidade entre gera\u00e7\u00f5es.<\/p>\n\n\n\n<p>O Cofecon refor\u00e7a o compromisso com a agenda do evento e com a import\u00e2ncia de espa\u00e7os de debate que integrem diferentes vozes e vis\u00f5es para a constru\u00e7\u00e3o de alternativas econ\u00f4micas alinhadas aos desafios do nosso tempo.<\/p>\n","protected":false},"excerpt":{"rendered":"<p>Evento contaria com participa\u00e7\u00e3o da presidenta do Cofecon, Tania Cristina Teixeira. Nova data ainda ser\u00e1 anunciada O debate \u201cConstruindo um desenvolvimento em respeito \u00e0s novas gera\u00e7\u00f5es\u201d, previsto para esta quinta-feira (15), \u00e0s 18 horas, foi adiado por motivos de for\u00e7a<\/p>\n<p><a class=\"more-link\" href=\"https:\/\/cofecon.org.br\/cofecon\/?p=25475\">Leia Mais<\/a><\/p>\n","protected":false},"author":3,"featured_media":25476,"comment_status":"closed","ping_status":"closed","sticky":false,"template":"","format":"standard","meta":{"footnotes":""},"categories":[2],"tags":[],"class_list":["post-25475","post","type-post","status-publish","format-standard","has-post-thumbnail","hentry","category-noticias"],"_links":{"self":[{"href":"https:\/\/cofecon.org.br\/cofecon\/index.php?rest_route=\/wp\/v2\/posts\/25475"}],"collection":[{"href":"https:\/\/cofecon.org.br\/cofecon\/index.php?rest_route=\/wp\/v2\/posts"}],"about":[{"href":"https:\/\/cofecon.org.br\/cofecon\/index.php?rest_route=\/wp\/v2\/types\/post"}],"author":[{"embeddable":true,"href":"https:\/\/cofecon.org.br\/cofecon\/index.php?rest_route=\/wp\/v2\/users\/3"}],"replies":[{"embeddable":true,"href":"https:\/\/cofecon.org.br\/cofecon\/index.php?rest_route=%2Fwp%2Fv2%2Fcomments&post=25475"}],"version-history":[{"count":1,"href":"https:\/\/cofecon.org.br\/cofecon\/index.php?rest_route=\/wp\/v2\/posts\/25475\/revisions"}],"predecessor-version":[{"id":25477,"href":"https:\/\/cofecon.org.br\/cofecon\/index.php?rest_route=\/wp\/v2\/posts\/25475\/revisions\/25477"}],"wp:featuredmedia":[{"embeddable":true,"href":"https:\/\/cofecon.org.br\/cofecon\/index.php?rest_route=\/wp\/v2\/media\/25476"}],"wp:attachment":[{"href":"https:\/\/cofecon.org.br\/cofecon\/index.php?rest_route=%2Fwp%2Fv2%2Fmedia&parent=25475"}],"wp:term":[{"taxonomy":"category","embeddable":true,"href":"https:\/\/cofecon.org.br\/cofecon\/index.php?rest_route=%2Fwp%2Fv2%2Fcategories&post=25475"},{"taxonomy":"post_tag","embeddable":true,"href":"https:\/\/cofecon.org.br\/cofecon\/index.php?rest_route=%2Fwp%2Fv2%2Ftags&post=25475"}],"curies":[{"name":"wp","href":"https:\/\/api.w.org\/{rel}","templated":true}]}}