{"id":2545,"date":"2017-08-08T18:34:49","date_gmt":"2017-08-08T21:34:49","guid":{"rendered":"http:\/\/www.cofecon.org.br\/?p=2545"},"modified":"2017-08-08T18:34:49","modified_gmt":"2017-08-08T21:34:49","slug":"corecon-go-realiza-semana-de-economia-de-12-a-16-de-agosto","status":"publish","type":"post","link":"https:\/\/cofecon.org.br\/cofecon\/?p=2545","title":{"rendered":"CORECON-GO realiza Semana de Economia, de 12 a 16 de agosto"},"content":{"rendered":"<p style=\"text-align: justify;\">Em comemora\u00e7\u00e3o ao Dia do Economista, o Conselho Regional de Economia de Goi\u00e1s (CORECON-GO) realizar\u00e1 v\u00e1rios eventos, de 12 a 16 de agosto, em Goi\u00e2nia. No dia 12, um caf\u00e9 da manh\u00e3 em homenagem ao Dia do Economista na sede do Regional, que fica na Rua 86, Setor Sul. No dia 14, os economistas ser\u00e3o homenageados em sess\u00e3o solene na Assembleia Legislativa de Goi\u00e1s.\u00a0<\/p>\n<p style=\"text-align: justify;\">No dia 16, uma palestra com o economista e professor Rubens Sawaya, a partir das 19 horas, sobre o tema Qual o Impacto da Crise Pol\u00edtica sobre a Retomada do Crescimento, no audit\u00f3rio da Casa da Ind\u00fastria, na Avenida Independ\u00eancia. O evento faz parte da Semana do Economista, encontro organizado anualmente pelo CORECON-GO.\u00a0<\/p>\n<p><img loading=\"lazy\" decoding=\"async\" class=\"aligncenter wp-image-2547 size-medium\" src=\"http:\/\/www.cofecon.org.br\/wp-content\/uploads\/2017\/08\/POST-CORECON-semana-01-300x300.jpg\" alt=\"\" width=\"300\" height=\"300\" srcset=\"https:\/\/cofecon.org.br\/cofecon\/wp-content\/uploads\/2017\/08\/POST-CORECON-semana-01-300x300.jpg 300w, https:\/\/cofecon.org.br\/cofecon\/wp-content\/uploads\/2017\/08\/POST-CORECON-semana-01-150x150.jpg 150w, https:\/\/cofecon.org.br\/cofecon\/wp-content\/uploads\/2017\/08\/POST-CORECON-semana-01-250x250.jpg 250w, https:\/\/cofecon.org.br\/cofecon\/wp-content\/uploads\/2017\/08\/POST-CORECON-semana-01.jpg 700w\" sizes=\"(max-width: 300px) 100vw, 300px\" \/><\/p>\n","protected":false},"excerpt":{"rendered":"<p>Em comemora\u00e7\u00e3o ao Dia do Economista, o Conselho Regional de Economia de Goi\u00e1s (CORECON-GO) realizar\u00e1 v\u00e1rios eventos, de 12 a 16 de agosto, em Goi\u00e2nia. No dia 12, um caf\u00e9 da manh\u00e3 em homenagem ao Dia do Economista na sede<\/p>\n<p><a class=\"more-link\" href=\"https:\/\/cofecon.org.br\/cofecon\/?p=2545\">Leia Mais<\/a><\/p>\n","protected":false},"author":1,"featured_media":2546,"comment_status":"open","ping_status":"open","sticky":false,"template":"","format":"standard","meta":{"footnotes":""},"categories":[2],"tags":[],"class_list":["post-2545","post","type-post","status-publish","format-standard","has-post-thumbnail","hentry","category-noticias"],"_links":{"self":[{"href":"https:\/\/cofecon.org.br\/cofecon\/index.php?rest_route=\/wp\/v2\/posts\/2545"}],"collection":[{"href":"https:\/\/cofecon.org.br\/cofecon\/index.php?rest_route=\/wp\/v2\/posts"}],"about":[{"href":"https:\/\/cofecon.org.br\/cofecon\/index.php?rest_route=\/wp\/v2\/types\/post"}],"author":[{"embeddable":true,"href":"https:\/\/cofecon.org.br\/cofecon\/index.php?rest_route=\/wp\/v2\/users\/1"}],"replies":[{"embeddable":true,"href":"https:\/\/cofecon.org.br\/cofecon\/index.php?rest_route=%2Fwp%2Fv2%2Fcomments&post=2545"}],"version-history":[{"count":0,"href":"https:\/\/cofecon.org.br\/cofecon\/index.php?rest_route=\/wp\/v2\/posts\/2545\/revisions"}],"wp:featuredmedia":[{"embeddable":true,"href":"https:\/\/cofecon.org.br\/cofecon\/index.php?rest_route=\/wp\/v2\/media\/2546"}],"wp:attachment":[{"href":"https:\/\/cofecon.org.br\/cofecon\/index.php?rest_route=%2Fwp%2Fv2%2Fmedia&parent=2545"}],"wp:term":[{"taxonomy":"category","embeddable":true,"href":"https:\/\/cofecon.org.br\/cofecon\/index.php?rest_route=%2Fwp%2Fv2%2Fcategories&post=2545"},{"taxonomy":"post_tag","embeddable":true,"href":"https:\/\/cofecon.org.br\/cofecon\/index.php?rest_route=%2Fwp%2Fv2%2Ftags&post=2545"}],"curies":[{"name":"wp","href":"https:\/\/api.w.org\/{rel}","templated":true}]}}