{"id":25208,"date":"2025-03-26T17:43:23","date_gmt":"2025-03-26T20:43:23","guid":{"rendered":"https:\/\/cofecon.org.br\/cofecon\/?p=25208"},"modified":"2025-03-26T17:43:25","modified_gmt":"2025-03-26T20:43:25","slug":"nota-de-pesar-pelo-falecimento-do-economista-fuad-noman","status":"publish","type":"post","link":"https:\/\/cofecon.org.br\/cofecon\/?p=25208","title":{"rendered":"Nota de pesar pelo falecimento do economista Fuad Noman"},"content":{"rendered":"\n<p><em>Prefeito de Belo Horizonte estava internado desde o dia 03 de janeiro<\/em><\/p>\n\n\n\n<p>Foi com grande pesar que o Conselho Federal de Economia tomou conhecimento do falecimento do economista Fuad Jorge Noman Filho, prefeito de Belo Horizonte. Ele estava internado no Hospital Mater-Dei desde o dia 03 de janeiro deste ano e deixa esposa, dois filhos e quatro netos.<\/p>\n\n\n\n<p>Graduado pelo Centro de Ensino Universit\u00e1rio de Bras\u00edlia, Noman foi funcion\u00e1rio de carreira do Banco Central do Brasil e exerceu v\u00e1rios cargos dentro e fora do Pa\u00eds.<\/p>\n\n\n\n<p>No governo federal, foi secret\u00e1rio-executivo da Casa Civil da Presid\u00eancia da Rep\u00fablica (1996-1997). No governo estadual atuou como secret\u00e1rio das pastas da Fazenda (2003-2006), Transportes e Obras P\u00fablicas (2007-2010) e da Secretaria Extraordin\u00e1ria para a Coordena\u00e7\u00e3o de Investimentos (2013-2014). No governo municipal, foi secret\u00e1rio de Fazenda (2017-2020). Eleito vice-prefeito de Belo Horizonte nas elei\u00e7\u00f5es de 2020, Noman assumiu o cargo de prefeito em mar\u00e7o de 2022, ap\u00f3s a ren\u00fancia de Alexandre Kalil, e foi reeleito em 2024. Em organismos internacionais, foi consultor do Fundo Monet\u00e1rio Internacional.<\/p>\n\n\n\n<p>O Cofecon lamenta esta perda irrepar\u00e1vel e estende suas condol\u00eancias aos familiares, amigos e a todos os que puderam conviver com um profissional e ser humano da mais alta qualidade.<\/p>\n","protected":false},"excerpt":{"rendered":"<p>Prefeito de Belo Horizonte estava internado desde o dia 03 de janeiro Foi com grande pesar que o Conselho Federal de Economia tomou conhecimento do falecimento do economista Fuad Jorge Noman Filho, prefeito de Belo Horizonte. Ele estava internado no<\/p>\n<p><a class=\"more-link\" href=\"https:\/\/cofecon.org.br\/cofecon\/?p=25208\">Leia Mais<\/a><\/p>\n","protected":false},"author":7,"featured_media":25211,"comment_status":"closed","ping_status":"closed","sticky":false,"template":"","format":"standard","meta":{"footnotes":""},"categories":[1],"tags":[],"class_list":["post-25208","post","type-post","status-publish","format-standard","has-post-thumbnail","hentry","category-sem-categoria"],"_links":{"self":[{"href":"https:\/\/cofecon.org.br\/cofecon\/index.php?rest_route=\/wp\/v2\/posts\/25208"}],"collection":[{"href":"https:\/\/cofecon.org.br\/cofecon\/index.php?rest_route=\/wp\/v2\/posts"}],"about":[{"href":"https:\/\/cofecon.org.br\/cofecon\/index.php?rest_route=\/wp\/v2\/types\/post"}],"author":[{"embeddable":true,"href":"https:\/\/cofecon.org.br\/cofecon\/index.php?rest_route=\/wp\/v2\/users\/7"}],"replies":[{"embeddable":true,"href":"https:\/\/cofecon.org.br\/cofecon\/index.php?rest_route=%2Fwp%2Fv2%2Fcomments&post=25208"}],"version-history":[{"count":1,"href":"https:\/\/cofecon.org.br\/cofecon\/index.php?rest_route=\/wp\/v2\/posts\/25208\/revisions"}],"predecessor-version":[{"id":25209,"href":"https:\/\/cofecon.org.br\/cofecon\/index.php?rest_route=\/wp\/v2\/posts\/25208\/revisions\/25209"}],"wp:featuredmedia":[{"embeddable":true,"href":"https:\/\/cofecon.org.br\/cofecon\/index.php?rest_route=\/wp\/v2\/media\/25211"}],"wp:attachment":[{"href":"https:\/\/cofecon.org.br\/cofecon\/index.php?rest_route=%2Fwp%2Fv2%2Fmedia&parent=25208"}],"wp:term":[{"taxonomy":"category","embeddable":true,"href":"https:\/\/cofecon.org.br\/cofecon\/index.php?rest_route=%2Fwp%2Fv2%2Fcategories&post=25208"},{"taxonomy":"post_tag","embeddable":true,"href":"https:\/\/cofecon.org.br\/cofecon\/index.php?rest_route=%2Fwp%2Fv2%2Ftags&post=25208"}],"curies":[{"name":"wp","href":"https:\/\/api.w.org\/{rel}","templated":true}]}}