{"id":25206,"date":"2025-03-27T12:20:25","date_gmt":"2025-03-27T15:20:25","guid":{"rendered":"https:\/\/cofecon.org.br\/cofecon\/?p=25206"},"modified":"2025-03-27T12:20:27","modified_gmt":"2025-03-27T15:20:27","slug":"corecon-am-rr-escolhe-icamiabas-como-simbolo-da-comissao-mulher-economista","status":"publish","type":"post","link":"https:\/\/cofecon.org.br\/cofecon\/?p=25206","title":{"rendered":"Corecon-AM\/RR escolhe icamiabas como s\u00edmbolo da Comiss\u00e3o Mulher Economista"},"content":{"rendered":"\n<p><em>Guerreiras eram extremamente h\u00e1beis no uso de armas e na defesa do territ\u00f3rio. Escolha representa a resili\u00eancia, a luta por espa\u00e7o e o protagonismo das mulheres<\/em><\/p>\n\n\n\n<p>A Comiss\u00e3o Mulher Economista do Corecon-AM\/RR escolheu como s\u00edmbolo, neste ano, as icamiabas, guerreiras lend\u00e1rias da cultura ind\u00edgena da Amaz\u00f4nia que eram extremamente h\u00e1beis no uso de armas e na defesa de seu territ\u00f3rio. A escolha se deu em reconhecimento \u00e0s batalhas que as mulheres enfrentam por seus espa\u00e7os.<\/p>\n\n\n\n<p>&#8220;A inspira\u00e7\u00e3o est\u00e1 centrada nas mulheres guerreiras da Amaz\u00f4nia que sempre protegeram e foram respons\u00e1veis pela educa\u00e7\u00e3o e cuidados das crian\u00e7as e idosos das suas tribos, al\u00e9m de serem respons\u00e1veis pela alimenta\u00e7\u00e3o de todos, pois eram respons\u00e1veis pela ro\u00e7a coletiva&#8221;, conta a presidenta do Corecon-AM, Econ. Michele Aracaty. &#8220;O Corecon tem o prop\u00f3sito de fortalecer a participa\u00e7\u00e3o da mulher economista no mercado de trabalho, melhorando sua qualifica\u00e7\u00e3o e estimulando o empreendedorismo feminino&#8221;.<\/p>\n\n\n\n<p>Para a presidenta do Cofecon, Econ. Tania Cristina Teixeira, a escolha das icamiabas como s\u00edmbolo \u00e9 extremamente significativa. &#8220;Elas representam n\u00e3o apenas a for\u00e7a e a resili\u00eancia das mulheres da Amaz\u00f4nia e de todo o Brasil, mas tamb\u00e9m a conex\u00e3o profunda com a natureza e a sustentabilidade. Assim como essas guerreiras protegiam suas comunidades e viviam em harmonia com o meio ambiente, as economistas de hoje enfrentam desafios para construir um futuro mais equilibrado e sustent\u00e1vel, consolidando seu espa\u00e7o no mercado de trabalho&#8221;, destacou Tania. &#8220;O Cofecon reafirma seu compromisso com a valoriza\u00e7\u00e3o da mulher economista, promovendo qualifica\u00e7\u00e3o, equidade e oportunidades para o fortalecimento do protagonismo feminino na profiss\u00e3o&#8221;.<\/p>\n\n\n\n<p>A iniciativa da Comiss\u00e3o Mulher Economista do Corecon-AM\/RR refor\u00e7a a import\u00e2ncia de reconhecer e valorizar a trajet\u00f3ria das mulheres na economia, inspirando novas gera\u00e7\u00f5es a seguirem esse caminho com determina\u00e7\u00e3o e confian\u00e7a. Ao trazer as icamiabas como s\u00edmbolo, a campanha n\u00e3o apenas resgata um legado de for\u00e7a e resist\u00eancia, mas tamb\u00e9m reafirma o compromisso com a equidade de g\u00eanero na profiss\u00e3o e com a participa\u00e7\u00e3o ativa das mulheres no desenvolvimento econ\u00f4mico.<\/p>\n\n\n\n<p><\/p>\n","protected":false},"excerpt":{"rendered":"<p>Guerreiras eram extremamente h\u00e1beis no uso de armas e na defesa do territ\u00f3rio. Escolha representa a resili\u00eancia, a luta por espa\u00e7o e o protagonismo das mulheres A Comiss\u00e3o Mulher Economista do Corecon-AM\/RR escolheu como s\u00edmbolo, neste ano, as icamiabas, guerreiras<\/p>\n<p><a class=\"more-link\" href=\"https:\/\/cofecon.org.br\/cofecon\/?p=25206\">Leia Mais<\/a><\/p>\n","protected":false},"author":7,"featured_media":25212,"comment_status":"closed","ping_status":"closed","sticky":false,"template":"","format":"standard","meta":{"footnotes":""},"categories":[2],"tags":[],"class_list":["post-25206","post","type-post","status-publish","format-standard","has-post-thumbnail","hentry","category-noticias"],"_links":{"self":[{"href":"https:\/\/cofecon.org.br\/cofecon\/index.php?rest_route=\/wp\/v2\/posts\/25206"}],"collection":[{"href":"https:\/\/cofecon.org.br\/cofecon\/index.php?rest_route=\/wp\/v2\/posts"}],"about":[{"href":"https:\/\/cofecon.org.br\/cofecon\/index.php?rest_route=\/wp\/v2\/types\/post"}],"author":[{"embeddable":true,"href":"https:\/\/cofecon.org.br\/cofecon\/index.php?rest_route=\/wp\/v2\/users\/7"}],"replies":[{"embeddable":true,"href":"https:\/\/cofecon.org.br\/cofecon\/index.php?rest_route=%2Fwp%2Fv2%2Fcomments&post=25206"}],"version-history":[{"count":1,"href":"https:\/\/cofecon.org.br\/cofecon\/index.php?rest_route=\/wp\/v2\/posts\/25206\/revisions"}],"predecessor-version":[{"id":25207,"href":"https:\/\/cofecon.org.br\/cofecon\/index.php?rest_route=\/wp\/v2\/posts\/25206\/revisions\/25207"}],"wp:featuredmedia":[{"embeddable":true,"href":"https:\/\/cofecon.org.br\/cofecon\/index.php?rest_route=\/wp\/v2\/media\/25212"}],"wp:attachment":[{"href":"https:\/\/cofecon.org.br\/cofecon\/index.php?rest_route=%2Fwp%2Fv2%2Fmedia&parent=25206"}],"wp:term":[{"taxonomy":"category","embeddable":true,"href":"https:\/\/cofecon.org.br\/cofecon\/index.php?rest_route=%2Fwp%2Fv2%2Fcategories&post=25206"},{"taxonomy":"post_tag","embeddable":true,"href":"https:\/\/cofecon.org.br\/cofecon\/index.php?rest_route=%2Fwp%2Fv2%2Ftags&post=25206"}],"curies":[{"name":"wp","href":"https:\/\/api.w.org\/{rel}","templated":true}]}}