{"id":25198,"date":"2025-03-24T17:14:20","date_gmt":"2025-03-24T20:14:20","guid":{"rendered":"https:\/\/cofecon.org.br\/cofecon\/?p=25198"},"modified":"2025-03-24T17:50:36","modified_gmt":"2025-03-24T20:50:36","slug":"lacerda-discute-desglobalizacao-nao-adianta-ter-o-fornecedor-mais-barato","status":"publish","type":"post","link":"https:\/\/cofecon.org.br\/cofecon\/?p=25198","title":{"rendered":"Lacerda discute desglobaliza\u00e7\u00e3o: \u201cN\u00e3o adianta ter o fornecedor mais barato\u201d"},"content":{"rendered":"\n<p><em>Conselheiro federal falou \u00e0 Isto \u00c9 sobre a reorganiza\u00e7\u00e3o das cadeias produtivas globais, impulsionada pela pandemia, pela crise clim\u00e1tica e pelas tens\u00f5es geopol\u00edticas<\/em><\/p>\n\n\n\n<p>O conselheiro federal Antonio Corr\u00eaa de Lacerda foi ouvido pela Isto \u00c9 em uma mat\u00e9ria abordando o fen\u00f4meno na desglobaliza\u00e7\u00e3o. O texto discute uma revers\u00e3o do processo que ganhou for\u00e7a na d\u00e9cada de 1990, levando o mundo a uma interliga\u00e7\u00e3o econ\u00f4mica global sem precedentes na hist\u00f3ria.<\/p>\n\n\n\n<p>\u201cN\u00e3o se trata de uma revers\u00e3o integral da vis\u00e3o da globaliza\u00e7\u00e3o, mas outros fatores passaram a fazer parte da estrat\u00e9gia das empresas\u201d, comenta o economista. \u201cA pandemia exp\u00f4s a fragilidade de depender do abastecimento externo diante da falta dos equipamentos de prote\u00e7\u00e3o individual\u201d, recordou.<\/p>\n\n\n\n<p>A crise clim\u00e1tica tamb\u00e9m est\u00e1 presente na realoca\u00e7\u00e3o das cadeias globais de valor. \u201cA ilus\u00e3o de muitos pa\u00edses de que bastava transferir para outros a ind\u00fastria poluente se foi, porque o planeta \u00e9 o mesmo e os problemas clim\u00e1ticos em outros pa\u00edses tamb\u00e9m te afetam\u201d, apontou Lacerda. Al\u00e9m disso, conflitos como a guerra entre a R\u00fassia e a Ucr\u00e2nia trazem d\u00favidas sobre a seguran\u00e7a. \u201cN\u00e3o adianta ter o fornecedor mais barato, que dar\u00e1 mais efici\u00eancia, se ele n\u00e3o garante o abastecimento\u201d.<\/p>\n\n\n\n<p>Em meio a este cen\u00e1rio, Donald Trump assumiu a presid\u00eancia dos Estados Unidos e, determinado a levar a produ\u00e7\u00e3o de volta ao territ\u00f3rio nacional, vem levantando diversas barreiras tarif\u00e1rias, inclusive contra pa\u00edses aliados. \u201cH\u00e1 um reposicionamento das cadeias produtivas internacionais e, agora, a quest\u00e3o tarif\u00e1ria, sem d\u00favida, \u00e9 um fator a mais que as empresas passam a avaliar para reposicionar suas f\u00e1bricas\u201d, argumenta o economista. Ele cita a depend\u00eancia do mundo em rela\u00e7\u00e3o aos chips de Taiwan. \u201cO mundo se tornou dependente, porque todo aplicativo industrial usa chip de l\u00e1. Foi erro estrat\u00e9gico. Como reverter? N\u00e3o \u00e9 simples assim\u201d.<\/p>\n\n\n\n<p>A mat\u00e9ria pode ser lida clicando <a href=\"https:\/\/istoe.com.br\/platobr-o-mundo-foi-longe-demais-com-a-globalizacao\/\">AQUI<\/a>.<\/p>\n","protected":false},"excerpt":{"rendered":"<p>Conselheiro federal falou \u00e0 Isto \u00c9 sobre a reorganiza\u00e7\u00e3o das cadeias produtivas globais, impulsionada pela pandemia, pela crise clim\u00e1tica e pelas tens\u00f5es geopol\u00edticas O conselheiro federal Antonio Corr\u00eaa de Lacerda foi ouvido pela Isto \u00c9 em uma mat\u00e9ria abordando o<\/p>\n<p><a class=\"more-link\" href=\"https:\/\/cofecon.org.br\/cofecon\/?p=25198\">Leia Mais<\/a><\/p>\n","protected":false},"author":3,"featured_media":25205,"comment_status":"closed","ping_status":"closed","sticky":false,"template":"","format":"standard","meta":{"footnotes":""},"categories":[2],"tags":[],"class_list":["post-25198","post","type-post","status-publish","format-standard","has-post-thumbnail","hentry","category-noticias"],"_links":{"self":[{"href":"https:\/\/cofecon.org.br\/cofecon\/index.php?rest_route=\/wp\/v2\/posts\/25198"}],"collection":[{"href":"https:\/\/cofecon.org.br\/cofecon\/index.php?rest_route=\/wp\/v2\/posts"}],"about":[{"href":"https:\/\/cofecon.org.br\/cofecon\/index.php?rest_route=\/wp\/v2\/types\/post"}],"author":[{"embeddable":true,"href":"https:\/\/cofecon.org.br\/cofecon\/index.php?rest_route=\/wp\/v2\/users\/3"}],"replies":[{"embeddable":true,"href":"https:\/\/cofecon.org.br\/cofecon\/index.php?rest_route=%2Fwp%2Fv2%2Fcomments&post=25198"}],"version-history":[{"count":1,"href":"https:\/\/cofecon.org.br\/cofecon\/index.php?rest_route=\/wp\/v2\/posts\/25198\/revisions"}],"predecessor-version":[{"id":25199,"href":"https:\/\/cofecon.org.br\/cofecon\/index.php?rest_route=\/wp\/v2\/posts\/25198\/revisions\/25199"}],"wp:featuredmedia":[{"embeddable":true,"href":"https:\/\/cofecon.org.br\/cofecon\/index.php?rest_route=\/wp\/v2\/media\/25205"}],"wp:attachment":[{"href":"https:\/\/cofecon.org.br\/cofecon\/index.php?rest_route=%2Fwp%2Fv2%2Fmedia&parent=25198"}],"wp:term":[{"taxonomy":"category","embeddable":true,"href":"https:\/\/cofecon.org.br\/cofecon\/index.php?rest_route=%2Fwp%2Fv2%2Fcategories&post=25198"},{"taxonomy":"post_tag","embeddable":true,"href":"https:\/\/cofecon.org.br\/cofecon\/index.php?rest_route=%2Fwp%2Fv2%2Ftags&post=25198"}],"curies":[{"name":"wp","href":"https:\/\/api.w.org\/{rel}","templated":true}]}}