{"id":25144,"date":"2025-03-18T11:55:45","date_gmt":"2025-03-18T14:55:45","guid":{"rendered":"https:\/\/cofecon.org.br\/cofecon\/?p=25144"},"modified":"2025-03-18T11:55:47","modified_gmt":"2025-03-18T14:55:47","slug":"combinacao-entre-financiamento-do-bndes-e-mercado-privado-continua-fundamental-para-desenvolvimento","status":"publish","type":"post","link":"https:\/\/cofecon.org.br\/cofecon\/?p=25144","title":{"rendered":"Combina\u00e7\u00e3o entre financiamento do BNDES e mercado privado continua fundamental para desenvolvimento"},"content":{"rendered":"\n<p><em>\u00c9 salutar observar que mercado privado e fundos p\u00fablicos t\u00eam apresentado expans\u00e3o de forma complementar<\/em><\/p>\n\n\n\n<p><strong>Por\u00a0Antonio Corr\u00eaa de Lacerda*, publicado originalmente no Estad\u00e3o<\/strong><\/p>\n\n\n\n<p>O financiamento \u00e9 fundamental para impulsionar os investimentos de forma a sustentar o crescimento econ\u00f4mico de longo prazo. \u00c9, neste ponto, salutar observar que mercado privado e fundos p\u00fablicos t\u00eam apresentado expans\u00e3o de forma complementar. Os bancos p\u00fablicos, especialmente o Banco Nacional de Desenvolvimento Econ\u00f4mico e Social (BNDES), t\u00eam cumprido um importante papel nesse sentido, tanto no financiamento e participa\u00e7\u00e3o na forma de private equity quanto na estrutura\u00e7\u00e3o de Parcerias P\u00fablico-Privadas (PPPs) e concess\u00f5es p\u00fablicas ao setor privado.<\/p>\n\n\n\n<p>No mercado financeiro privado, as empresas captaram R$ 541 bilh\u00f5es entre janeiro e setembro de 2024, maior volume da s\u00e9rie iniciada em 2012, e 15,9% superior ao per\u00edodo hom\u00f3logo de 2023. As emiss\u00f5es de deb\u00eantures chegaram a R$ 325,6 bilh\u00f5es, especialmente em infraestrutura e gest\u00e3o ordin\u00e1ria. A distribui\u00e7\u00e3o por setores aponta para energia el\u00e9trica com 23,5%, transporte e log\u00edstica com 16,5%, e saneamento com 8,6%.<\/p>\n\n\n\n<p>Essa expans\u00e3o ocorreu concomitantemente ao retorno do BNDES como fomentador da infraestrutura, ind\u00fastria e servi\u00e7os. Mais uma evid\u00eancia de que o BNDES n\u00e3o compete, ao contr\u00e1rio, incentiva o desenvolvimento do mercado de capitais.<\/p>\n\n\n\n<p>Nos primeiros nove meses de 2024, as consultas ao BNDES somaram R$ 258,9 bilh\u00f5es, o que significou uma amplia\u00e7\u00e3o de 30%, comparativamente ao per\u00edodo hom\u00f3logo de 2023, e 153% maior em rela\u00e7\u00e3o a 2022. Os desembolsos no mesmo per\u00edodo atingiram R$ 87 bilh\u00f5es, crescimento de 15% sobre 2023 e de 38% em compara\u00e7\u00e3o a 2022.<\/p>\n\n\n\n<p>A inadimpl\u00eancia \u00e9 pr\u00f3xima de zero, em raz\u00e3o dos r\u00edgidos padr\u00f5es de exig\u00eancias de garantias seguidos nas opera\u00e7\u00f5es. O banco tem sido considerado pelo segundo ano consecutivo o ente estatal mais transparente, pelos \u00f3rg\u00e3os de controle Tribunal de Contas da Uni\u00e3o (TCU) e Advocacia-Geral da Uni\u00e3o (AGU).<\/p>\n\n\n\n<p>Da mesma forma, as aprova\u00e7\u00f5es de cr\u00e9dito, importante sinalizador de futuros desembolsos, apresentaram crescimento em todos os setores, atingindo R$ 137,4 bilh\u00f5es, um desempenho 39% maior comparativamente ao mesmo per\u00edodo de 2023 e 108% maior sobre 2022. A ind\u00fastria foi destaque, com o maior crescimento: de 108% em rela\u00e7\u00e3o a 2023 e de 263% ante 2022. A carteira de cr\u00e9dito expandida atingiu o volume de R$ 550,3 bilh\u00f5es em 30 de setembro de 2024.<\/p>\n\n\n\n<p>A combina\u00e7\u00e3o entre financiamento p\u00fablico e mercado privado tem sido, e continuar\u00e1 sendo, fundamental para os aportes em infraestrutura, ind\u00fastria, com\u00e9rcio e servi\u00e7os, no fomento \u00e0 transi\u00e7\u00e3o energ\u00e9tica, nas demandas das crises clim\u00e1ticas, na digitaliza\u00e7\u00e3o e inclus\u00e3o social, assim como para o desenvolvimento brasileiro.<\/p>\n\n\n\n<p>*<strong>Antonio Corr\u00eaa de Lacerda<\/strong><br><em>Economista, professor-doutor do Programa de P\u00f3s-gradua\u00e7\u00e3o em Economia Pol\u00edtica da PUC-SP. \u00c9 conselheiro federal e foi presidente do Conselho Federal de Economia (Cofecon)<\/em><\/p>\n","protected":false},"excerpt":{"rendered":"<p>\u00c9 salutar observar que mercado privado e fundos p\u00fablicos t\u00eam apresentado expans\u00e3o de forma complementar Por\u00a0Antonio Corr\u00eaa de Lacerda*, publicado originalmente no Estad\u00e3o O financiamento \u00e9 fundamental para impulsionar os investimentos de forma a sustentar o crescimento econ\u00f4mico de longo<\/p>\n<p><a class=\"more-link\" href=\"https:\/\/cofecon.org.br\/cofecon\/?p=25144\">Leia Mais<\/a><\/p>\n","protected":false},"author":3,"featured_media":25145,"comment_status":"closed","ping_status":"closed","sticky":false,"template":"","format":"standard","meta":{"footnotes":""},"categories":[6],"tags":[],"class_list":["post-25144","post","type-post","status-publish","format-standard","has-post-thumbnail","hentry","category-artigo"],"_links":{"self":[{"href":"https:\/\/cofecon.org.br\/cofecon\/index.php?rest_route=\/wp\/v2\/posts\/25144"}],"collection":[{"href":"https:\/\/cofecon.org.br\/cofecon\/index.php?rest_route=\/wp\/v2\/posts"}],"about":[{"href":"https:\/\/cofecon.org.br\/cofecon\/index.php?rest_route=\/wp\/v2\/types\/post"}],"author":[{"embeddable":true,"href":"https:\/\/cofecon.org.br\/cofecon\/index.php?rest_route=\/wp\/v2\/users\/3"}],"replies":[{"embeddable":true,"href":"https:\/\/cofecon.org.br\/cofecon\/index.php?rest_route=%2Fwp%2Fv2%2Fcomments&post=25144"}],"version-history":[{"count":1,"href":"https:\/\/cofecon.org.br\/cofecon\/index.php?rest_route=\/wp\/v2\/posts\/25144\/revisions"}],"predecessor-version":[{"id":25146,"href":"https:\/\/cofecon.org.br\/cofecon\/index.php?rest_route=\/wp\/v2\/posts\/25144\/revisions\/25146"}],"wp:featuredmedia":[{"embeddable":true,"href":"https:\/\/cofecon.org.br\/cofecon\/index.php?rest_route=\/wp\/v2\/media\/25145"}],"wp:attachment":[{"href":"https:\/\/cofecon.org.br\/cofecon\/index.php?rest_route=%2Fwp%2Fv2%2Fmedia&parent=25144"}],"wp:term":[{"taxonomy":"category","embeddable":true,"href":"https:\/\/cofecon.org.br\/cofecon\/index.php?rest_route=%2Fwp%2Fv2%2Fcategories&post=25144"},{"taxonomy":"post_tag","embeddable":true,"href":"https:\/\/cofecon.org.br\/cofecon\/index.php?rest_route=%2Fwp%2Fv2%2Ftags&post=25144"}],"curies":[{"name":"wp","href":"https:\/\/api.w.org\/{rel}","templated":true}]}}