{"id":25085,"date":"2025-02-26T15:24:47","date_gmt":"2025-02-26T18:24:47","guid":{"rendered":"https:\/\/cofecon.org.br\/cofecon\/?p=25085"},"modified":"2025-02-26T17:36:33","modified_gmt":"2025-02-26T20:36:33","slug":"cofecon-nao-reconhece-premiacao-a-javier-milei-como-economista-do-ano","status":"publish","type":"post","link":"https:\/\/cofecon.org.br\/cofecon\/?p=25085","title":{"rendered":"Cofecon n\u00e3o reconhece premia\u00e7\u00e3o a Javier Milei como &#8220;Economista do Ano&#8221;\u00a0\u00a0"},"content":{"rendered":"\n<p>O Conselho Federal de Economia (Cofecon) manifesta-se contra a decis\u00e3o da Ordem dos Economistas do Brasil (OEB) de conceder o t\u00edtulo de \u201cEconomista do Ano\u201d ao presidente da Argentina, Javier Milei.&nbsp;<\/p>\n\n\n\n<p>O presidente argentino enfrenta um esc\u00e2ndalo de natureza econ\u00f4mica em seu pr\u00f3prio pa\u00eds, sendo acusado neste m\u00eas de participar de uma associa\u00e7\u00e3o il\u00edcita que causou preju\u00edzo a mais de 40 mil pessoas. A den\u00fancia surgiu ap\u00f3s a divulga\u00e7\u00e3o em suas redes sociais, no dia 14 de fevereiro, da criptomoeda $LIBRA, que posteriormente se revelou uma fraude do tipo \u201crug pull\u201d (ou \u201cpuxada de tapete\u201d).&nbsp;<\/p>\n\n\n\n<p>O Cofecon ressalta, tamb\u00e9m, que a OEB \u00e9 uma entidade privada que re\u00fane um pequeno grupo de cidad\u00e3os, economistas ou n\u00e3o, e n\u00e3o possui qualquer atribui\u00e7\u00e3o normativa, fiscalizat\u00f3ria ou representativa sobre a profiss\u00e3o de Economista. Nos termos da legisla\u00e7\u00e3o vigente no Brasil (Lei 1.411\/1951), cabe exclusivamente ao Conselho Federal de Economia e aos Conselhos Regionais de Economia a regulamenta\u00e7\u00e3o e fiscaliza\u00e7\u00e3o do exerc\u00edcio da profiss\u00e3o no Pa\u00eds, incluindo o registro profissional obrigat\u00f3rio para o desempenho da atividade.&nbsp;<\/p>\n\n\n\n<p>Destaque-se, ainda, que o atual mandat\u00e1rio da OEB, no cargo h\u00e1 mais de uma d\u00e9cada, encontra-se com seu registro de economista suspenso em raz\u00e3o de processo \u00e9tico-disciplinar, o que refor\u00e7a a aus\u00eancia de legitimidade da entidade para se pronunciar em nome da categoria.&nbsp;<\/p>\n\n\n\n<p>O pr\u00f3prio regulamento do pr\u00eamio menciona que ele \u00e9 \u201cdestinado a premiar Economistas que se destacaram na atividade profissional ou em trabalhos em benef\u00edcio do pa\u00eds, da coletividade ou da classe dos economistas\u201d, condi\u00e7\u00f5es que n\u00e3o se verificam no caso de um economista cuja atua\u00e7\u00e3o se d\u00e1 fora do Brasil.&nbsp;&nbsp;<\/p>\n\n\n\n<p>Por fim, o Cofecon reafirma seu compromisso com uma economia que promova o desenvolvimento sustent\u00e1vel, fortale\u00e7a o mercado interno, reduza as desigualdades e garanta inclus\u00e3o social e oportunidades para todos.&nbsp;&nbsp;<\/p>\n\n\n\n<p><strong>Presid\u00eancia do Conselho Federal de Economia (Cofecon)<\/strong>&nbsp;<\/p>\n","protected":false},"excerpt":{"rendered":"<p>O Conselho Federal de Economia (Cofecon) manifesta-se contra a decis\u00e3o da Ordem dos Economistas do Brasil (OEB) de conceder o t\u00edtulo de \u201cEconomista do Ano\u201d ao presidente da Argentina, Javier Milei.&nbsp; O presidente argentino enfrenta um esc\u00e2ndalo de natureza econ\u00f4mica<\/p>\n<p><a class=\"more-link\" href=\"https:\/\/cofecon.org.br\/cofecon\/?p=25085\">Leia Mais<\/a><\/p>\n","protected":false},"author":3,"featured_media":25086,"comment_status":"closed","ping_status":"closed","sticky":false,"template":"","format":"standard","meta":{"footnotes":""},"categories":[10],"tags":[],"class_list":["post-25085","post","type-post","status-publish","format-standard","has-post-thumbnail","hentry","category-notas-oficiais"],"_links":{"self":[{"href":"https:\/\/cofecon.org.br\/cofecon\/index.php?rest_route=\/wp\/v2\/posts\/25085"}],"collection":[{"href":"https:\/\/cofecon.org.br\/cofecon\/index.php?rest_route=\/wp\/v2\/posts"}],"about":[{"href":"https:\/\/cofecon.org.br\/cofecon\/index.php?rest_route=\/wp\/v2\/types\/post"}],"author":[{"embeddable":true,"href":"https:\/\/cofecon.org.br\/cofecon\/index.php?rest_route=\/wp\/v2\/users\/3"}],"replies":[{"embeddable":true,"href":"https:\/\/cofecon.org.br\/cofecon\/index.php?rest_route=%2Fwp%2Fv2%2Fcomments&post=25085"}],"version-history":[{"count":1,"href":"https:\/\/cofecon.org.br\/cofecon\/index.php?rest_route=\/wp\/v2\/posts\/25085\/revisions"}],"predecessor-version":[{"id":25087,"href":"https:\/\/cofecon.org.br\/cofecon\/index.php?rest_route=\/wp\/v2\/posts\/25085\/revisions\/25087"}],"wp:featuredmedia":[{"embeddable":true,"href":"https:\/\/cofecon.org.br\/cofecon\/index.php?rest_route=\/wp\/v2\/media\/25086"}],"wp:attachment":[{"href":"https:\/\/cofecon.org.br\/cofecon\/index.php?rest_route=%2Fwp%2Fv2%2Fmedia&parent=25085"}],"wp:term":[{"taxonomy":"category","embeddable":true,"href":"https:\/\/cofecon.org.br\/cofecon\/index.php?rest_route=%2Fwp%2Fv2%2Fcategories&post=25085"},{"taxonomy":"post_tag","embeddable":true,"href":"https:\/\/cofecon.org.br\/cofecon\/index.php?rest_route=%2Fwp%2Fv2%2Ftags&post=25085"}],"curies":[{"name":"wp","href":"https:\/\/api.w.org\/{rel}","templated":true}]}}