{"id":2504,"date":"2017-08-03T12:35:26","date_gmt":"2017-08-03T15:35:26","guid":{"rendered":"http:\/\/www.cofecon.org.br\/?p=2504"},"modified":"2017-08-03T12:35:26","modified_gmt":"2017-08-03T15:35:26","slug":"corecon-rn-realizara-semana-do-economista-de-07-a-12-de-agosto-em-natal","status":"publish","type":"post","link":"https:\/\/cofecon.org.br\/cofecon\/?p=2504","title":{"rendered":"Corecon-RN realizar\u00e1 Semana do Economista de 07 a 12 de agosto, em Natal"},"content":{"rendered":"<p style=\"text-align: justify;\"><img loading=\"lazy\" decoding=\"async\" class=\"size-medium wp-image-2505 alignleft\" src=\"http:\/\/www.cofecon.org.br\/wp-content\/uploads\/2017\/08\/corecon-rn-300x214.jpg\" alt=\"\" width=\"300\" height=\"214\" srcset=\"https:\/\/cofecon.org.br\/cofecon\/wp-content\/uploads\/2017\/08\/corecon-rn-300x214.jpg 300w, https:\/\/cofecon.org.br\/cofecon\/wp-content\/uploads\/2017\/08\/corecon-rn.jpg 350w\" sizes=\"(max-width: 300px) 100vw, 300px\" \/>Em homenagem aos profissionais de Ci\u00eancias Econ\u00f4micas, celebrado Dia 13 de Agosto, o Conselho Regional de Economia do Rio Grande do Norte \u2013 CORECON\/RN realiza de 07 a 12 de agosto a \u201cSemana do Economista 2017\u201d na capital potiguar, com tem\u00e1tica \u2018Redu\u00e7\u00e3o da Desigualdade Social no Brasil\u2019. A comemora\u00e7\u00e3o se estende aos Campus de Ass\u00fa, Mossor\u00f3 e Pau dos Ferros com palestras e congressos.<\/p>\n<p style=\"text-align: justify;\">\nO evento faz parte da proposta do CORECON\/RN em valorizar a profiss\u00e3o e o profissional respons\u00e1vel pelo desenvolvimento socioecon\u00f4mico do Brasil. Para comemorar a data, o Conselho montou uma programa\u00e7\u00e3o voltada aos economistas e tamb\u00e9m \u00e0 popula\u00e7\u00e3o.<\/p>\n<p style=\"text-align: justify;\">\nEntre os destaques, palestras, solenidades, semin\u00e1rios, lan\u00e7amento da Campanha pela \u201cRedu\u00e7\u00e3o da Desigualdade Social no Brasil\u201d; entrega do \u201cXVII Pr\u00eamio RN de Economia\u201d aos vencedores do concurso; Lan\u00e7amento da Cartilha de Educa\u00e7\u00e3o Financeira; \u2018Homenagens aos Economistas do Ano 2016\u2019 e, voltado \u00e0 popula\u00e7\u00e3o est\u00e3o: \u201cA\u00e7\u00f5es de Educa\u00e7\u00e3o Financeira e Cidadania\u201d e \u201cConsumo Consciente e Planejamento Financeiro\u201d, no Via Direta, dia 11\/08 (sexta-feira), das 9h \u00e0s 13h.<\/p>\n<p style=\"text-align: justify;\">\nA Semana do Economista \u00e9 um evento promovido pelo CORECON\/RN em parceria com a UFRN, UERN, ADURN-SINDICATO, M\u00e1ximo \u2013 Corretora de Seguros, Sindicato dos Economistas do Rio Grande do Norte (SINDECON-RN), Cosern, CAERN, C\u00e2mara Municipal de Natal e apoio COFECON.<\/p>\n<p style=\"text-align: justify;\">\nConfira programa\u00e7\u00e3o completa: Semana do Economista \u2013 <a href=\"http:\/\/www.corecon-rn.org.br\/wp-content\/uploads\/2017\/08\/Semana-do-Economista-Programa%C3%A7%C3%A3o.pdf\"><span style=\"text-decoration: underline;\"><strong>Programa\u00e7\u00e3o<\/strong><\/span><\/a><\/p>\n","protected":false},"excerpt":{"rendered":"<p>Em homenagem aos profissionais de Ci\u00eancias Econ\u00f4micas, celebrado Dia 13 de Agosto, o Conselho Regional de Economia do Rio Grande do Norte \u2013 CORECON\/RN realiza de 07 a 12 de agosto a \u201cSemana do Economista 2017\u201d na capital potiguar, com<\/p>\n<p><a class=\"more-link\" href=\"https:\/\/cofecon.org.br\/cofecon\/?p=2504\">Leia Mais<\/a><\/p>\n","protected":false},"author":1,"featured_media":2505,"comment_status":"open","ping_status":"open","sticky":false,"template":"","format":"standard","meta":{"footnotes":""},"categories":[2],"tags":[],"class_list":["post-2504","post","type-post","status-publish","format-standard","has-post-thumbnail","hentry","category-noticias"],"_links":{"self":[{"href":"https:\/\/cofecon.org.br\/cofecon\/index.php?rest_route=\/wp\/v2\/posts\/2504"}],"collection":[{"href":"https:\/\/cofecon.org.br\/cofecon\/index.php?rest_route=\/wp\/v2\/posts"}],"about":[{"href":"https:\/\/cofecon.org.br\/cofecon\/index.php?rest_route=\/wp\/v2\/types\/post"}],"author":[{"embeddable":true,"href":"https:\/\/cofecon.org.br\/cofecon\/index.php?rest_route=\/wp\/v2\/users\/1"}],"replies":[{"embeddable":true,"href":"https:\/\/cofecon.org.br\/cofecon\/index.php?rest_route=%2Fwp%2Fv2%2Fcomments&post=2504"}],"version-history":[{"count":0,"href":"https:\/\/cofecon.org.br\/cofecon\/index.php?rest_route=\/wp\/v2\/posts\/2504\/revisions"}],"wp:featuredmedia":[{"embeddable":true,"href":"https:\/\/cofecon.org.br\/cofecon\/index.php?rest_route=\/wp\/v2\/media\/2505"}],"wp:attachment":[{"href":"https:\/\/cofecon.org.br\/cofecon\/index.php?rest_route=%2Fwp%2Fv2%2Fmedia&parent=2504"}],"wp:term":[{"taxonomy":"category","embeddable":true,"href":"https:\/\/cofecon.org.br\/cofecon\/index.php?rest_route=%2Fwp%2Fv2%2Fcategories&post=2504"},{"taxonomy":"post_tag","embeddable":true,"href":"https:\/\/cofecon.org.br\/cofecon\/index.php?rest_route=%2Fwp%2Fv2%2Ftags&post=2504"}],"curies":[{"name":"wp","href":"https:\/\/api.w.org\/{rel}","templated":true}]}}