{"id":2501,"date":"2017-08-03T09:48:13","date_gmt":"2017-08-03T12:48:13","guid":{"rendered":"http:\/\/www.cofecon.org.br\/?p=2501"},"modified":"2017-08-03T09:48:13","modified_gmt":"2017-08-03T12:48:13","slug":"artigo-melhorando-para-pior","status":"publish","type":"post","link":"https:\/\/cofecon.org.br\/cofecon\/?p=2501","title":{"rendered":"Artigo &#8211; Melhorando para pior!"},"content":{"rendered":"<p style=\"text-align: justify;\"><span style=\"font-size: 12px; font-family: verdana,geneva,sans-serif;\">O Governo Temer \u00e9 pr\u00f3digo em inova\u00e7\u00f5es. Durante sua vergonhosa participa\u00e7\u00e3o na reuni\u00e3o do G-20, em Hamburgo, afirmou que n\u00e3o havia crise alguma no Brasil e que ia tudo bem. Retornou ao Pa\u00eds e, enquanto dedicava-se ao \u201cconvencimento\u201d de deputados para votarem contra a aceita\u00e7\u00e3o da den\u00fancia da PGR, voltou a afirmar que a situa\u00e7\u00e3o econ\u00f4mica e social continuava melhorando.<\/span><\/p>\n<p style=\"text-align: justify;\"><span style=\"font-size: 12px; font-family: verdana,geneva,sans-serif;\">Temer parece falar para os 5% dos brasileiros que, segundo as diversas pesquisas de opini\u00e3o, avaliam que ele faz um \u00f3timo ou bom governo. Trata-se, provavelmente, da parcela que est\u00e1 no topo da pir\u00e2mide social, os maiores benefici\u00e1rios de suas pol\u00edticas de destrui\u00e7\u00e3o de direitos sociais e da dilapida\u00e7\u00e3o do patrim\u00f4nio p\u00fablico; em suma, os mais ricos.<\/span><\/p>\n<p style=\"text-align: justify;\"><span style=\"font-size: 12px; font-family: verdana,geneva,sans-serif;\">\u00a0\u00a0 Mas 95% dos brasileiros n\u00e3o aprovam o governo Temer, talvez por sentirem na pele as consequ\u00eancias das pol\u00edticas desse governo. A Pesquisa Nacional por Amostra de Domic\u00edlios, a PNAD Cont\u00ednua, do IBGE, mostra que houve redu\u00e7\u00e3o da taxa de desemprego no 2\u00ba trimestre de 2017, mas sem gera\u00e7\u00e3o de empregos com carteira assinada e sim de assalariados sem carteira (mais 442 mil) e de aut\u00f4nomos (mais 396 mil), antecipando a precariza\u00e7\u00e3o das rela\u00e7\u00f5es de trabalho decorrente da reforma trabalhista e da lei da terceiriza\u00e7\u00e3o. Como previsto, ocorreu queda de 4,4% no rendimento m\u00e9dio real dos assalariados sem carteira e de 1,5% entre os aut\u00f4nomos.<\/span><\/p>\n<p style=\"text-align: justify;\"><span style=\"font-size: 12px; font-family: verdana,geneva,sans-serif;\">Enquanto isso, o descalabro das contas p\u00fablicas segue em mete\u00f3rica ascens\u00e3o, totalizando R$ 183 bilh\u00f5es nos \u00faltimos 12 meses. E pensar que Dilma foi destitu\u00edda por gerar d\u00e9ficit p\u00fablico de R$ 114 bilh\u00f5es. Na busca de votos, Temer est\u00e1 empenhando R$ 17 bilh\u00f5es em emendas parlamentares e negociou com membros da bancada ruralista o perd\u00e3o de 80% da d\u00edvida com o Funrural (de R$ 10 bilh\u00f5es, o governo receber\u00e1 2 bilh\u00f5es).<\/span><\/p>\n<p style=\"text-align: justify;\"><span style=\"font-size: 12px; font-family: verdana,geneva,sans-serif;\">Estranha-se o sumi\u00e7o do pato amarelo, a reten\u00e7\u00e3o das camisetas amarelas nas gavetas e o sil\u00eancio das panelas do mais puro inox.<\/span><\/p>\n<hr \/>\n<p style=\"text-align: justify;\"><span style=\"font-size: 12px; font-family: verdana,geneva,sans-serif;\"><strong>J\u00falio Miragaya, Presidente do Conselho Federal de Economia<\/strong><\/span><\/p>\n","protected":false},"excerpt":{"rendered":"<p>O Governo Temer \u00e9 pr\u00f3digo em inova\u00e7\u00f5es. Durante sua vergonhosa participa\u00e7\u00e3o na reuni\u00e3o do G-20, em Hamburgo, afirmou que n\u00e3o havia crise alguma no Brasil e que ia tudo bem. Retornou ao Pa\u00eds e, enquanto dedicava-se ao \u201cconvencimento\u201d de deputados<\/p>\n<p><a class=\"more-link\" href=\"https:\/\/cofecon.org.br\/cofecon\/?p=2501\">Leia Mais<\/a><\/p>\n","protected":false},"author":1,"featured_media":2502,"comment_status":"open","ping_status":"open","sticky":false,"template":"","format":"standard","meta":{"footnotes":""},"categories":[6],"tags":[],"class_list":["post-2501","post","type-post","status-publish","format-standard","has-post-thumbnail","hentry","category-artigo"],"_links":{"self":[{"href":"https:\/\/cofecon.org.br\/cofecon\/index.php?rest_route=\/wp\/v2\/posts\/2501"}],"collection":[{"href":"https:\/\/cofecon.org.br\/cofecon\/index.php?rest_route=\/wp\/v2\/posts"}],"about":[{"href":"https:\/\/cofecon.org.br\/cofecon\/index.php?rest_route=\/wp\/v2\/types\/post"}],"author":[{"embeddable":true,"href":"https:\/\/cofecon.org.br\/cofecon\/index.php?rest_route=\/wp\/v2\/users\/1"}],"replies":[{"embeddable":true,"href":"https:\/\/cofecon.org.br\/cofecon\/index.php?rest_route=%2Fwp%2Fv2%2Fcomments&post=2501"}],"version-history":[{"count":0,"href":"https:\/\/cofecon.org.br\/cofecon\/index.php?rest_route=\/wp\/v2\/posts\/2501\/revisions"}],"wp:featuredmedia":[{"embeddable":true,"href":"https:\/\/cofecon.org.br\/cofecon\/index.php?rest_route=\/wp\/v2\/media\/2502"}],"wp:attachment":[{"href":"https:\/\/cofecon.org.br\/cofecon\/index.php?rest_route=%2Fwp%2Fv2%2Fmedia&parent=2501"}],"wp:term":[{"taxonomy":"category","embeddable":true,"href":"https:\/\/cofecon.org.br\/cofecon\/index.php?rest_route=%2Fwp%2Fv2%2Fcategories&post=2501"},{"taxonomy":"post_tag","embeddable":true,"href":"https:\/\/cofecon.org.br\/cofecon\/index.php?rest_route=%2Fwp%2Fv2%2Ftags&post=2501"}],"curies":[{"name":"wp","href":"https:\/\/api.w.org\/{rel}","templated":true}]}}