{"id":2495,"date":"2017-08-02T15:23:53","date_gmt":"2017-08-02T18:23:53","guid":{"rendered":"http:\/\/www.cofecon.org.br\/?p=2495"},"modified":"2017-08-02T15:23:53","modified_gmt":"2017-08-02T18:23:53","slug":"ministerio-do-planejamento-promove-concurso-de-monografias","status":"publish","type":"post","link":"https:\/\/cofecon.org.br\/cofecon\/?p=2495","title":{"rendered":"Minist\u00e9rio do Planejamento promove concurso de monografias"},"content":{"rendered":"<p style=\"text-align: justify;\"><img loading=\"lazy\" decoding=\"async\" class=\"size-medium wp-image-2496 alignleft\" src=\"http:\/\/www.cofecon.org.br\/wp-content\/uploads\/2017\/08\/pr\u00eamio_seplan_monografias-300x214.jpg\" alt=\"\" width=\"300\" height=\"214\" \/>Est\u00e3o abertas as inscri\u00e7\u00f5es para o Pr\u00eamio Seplan de Monografias 2017, uma iniciativa do Minist\u00e9rio do Planejamento, Desenvolvimento e Gest\u00e3o realizada pela Escola Nacional de Administra\u00e7\u00e3o P\u00fablica \u2013 ENAP. O pr\u00eamio tem a finalidade de estimular a pesquisa sobre planejamento governamental, avalia\u00e7\u00e3o de pol\u00edticas p\u00fablicas e reformas econ\u00f4micas, reconhecendo os trabalhos de qualidade t\u00e9cnica e de aplicabilidade na Administra\u00e7\u00e3o P\u00fablica brasileira que permitam melhorar o desempenho econ\u00f4mico do Brasil.<\/p>\n<p style=\"text-align: justify;\">Est\u00e3o aptos a concorrer os trabalhos individuais ou em grupo de candidatos de qualquer nacionalidade e forma\u00e7\u00e3o acad\u00eamica (gradua\u00e7\u00e3o ou p\u00f3s-gradua\u00e7\u00e3o) ou que estejam cursando o \u00faltimo ano da gradua\u00e7\u00e3o. As inscri\u00e7\u00f5es seguem at\u00e9 o dia 31 de outubro. Mais informa\u00e7\u00f5es <a href=\"http:\/\/www.enap.gov.br\/documents\/730933\/0\/Folder+Pr%C3%AAmio+SEPLAN+de+Monografias+2017.pdf\/1ecb4848-71b1-4141-bb14-fd497b7c0029\"><span style=\"text-decoration: underline;\"><strong>AQUI<\/strong><\/span><\/a>.<\/p>\n","protected":false},"excerpt":{"rendered":"<p>Est\u00e3o abertas as inscri\u00e7\u00f5es para o Pr\u00eamio Seplan de Monografias 2017, uma iniciativa do Minist\u00e9rio do Planejamento, Desenvolvimento e Gest\u00e3o realizada pela Escola Nacional de Administra\u00e7\u00e3o P\u00fablica \u2013 ENAP. O pr\u00eamio tem a finalidade de estimular a pesquisa sobre planejamento<\/p>\n<p><a class=\"more-link\" href=\"https:\/\/cofecon.org.br\/cofecon\/?p=2495\">Leia Mais<\/a><\/p>\n","protected":false},"author":1,"featured_media":2496,"comment_status":"open","ping_status":"open","sticky":false,"template":"","format":"standard","meta":{"footnotes":""},"categories":[2],"tags":[],"class_list":["post-2495","post","type-post","status-publish","format-standard","has-post-thumbnail","hentry","category-noticias"],"_links":{"self":[{"href":"https:\/\/cofecon.org.br\/cofecon\/index.php?rest_route=\/wp\/v2\/posts\/2495"}],"collection":[{"href":"https:\/\/cofecon.org.br\/cofecon\/index.php?rest_route=\/wp\/v2\/posts"}],"about":[{"href":"https:\/\/cofecon.org.br\/cofecon\/index.php?rest_route=\/wp\/v2\/types\/post"}],"author":[{"embeddable":true,"href":"https:\/\/cofecon.org.br\/cofecon\/index.php?rest_route=\/wp\/v2\/users\/1"}],"replies":[{"embeddable":true,"href":"https:\/\/cofecon.org.br\/cofecon\/index.php?rest_route=%2Fwp%2Fv2%2Fcomments&post=2495"}],"version-history":[{"count":0,"href":"https:\/\/cofecon.org.br\/cofecon\/index.php?rest_route=\/wp\/v2\/posts\/2495\/revisions"}],"wp:featuredmedia":[{"embeddable":true,"href":"https:\/\/cofecon.org.br\/cofecon\/index.php?rest_route=\/wp\/v2\/media\/2496"}],"wp:attachment":[{"href":"https:\/\/cofecon.org.br\/cofecon\/index.php?rest_route=%2Fwp%2Fv2%2Fmedia&parent=2495"}],"wp:term":[{"taxonomy":"category","embeddable":true,"href":"https:\/\/cofecon.org.br\/cofecon\/index.php?rest_route=%2Fwp%2Fv2%2Fcategories&post=2495"},{"taxonomy":"post_tag","embeddable":true,"href":"https:\/\/cofecon.org.br\/cofecon\/index.php?rest_route=%2Fwp%2Fv2%2Ftags&post=2495"}],"curies":[{"name":"wp","href":"https:\/\/api.w.org\/{rel}","templated":true}]}}