{"id":2490,"date":"2017-08-01T14:30:02","date_gmt":"2017-08-01T17:30:02","guid":{"rendered":"http:\/\/www.cofecon.org.br\/?p=2490"},"modified":"2017-08-01T14:30:02","modified_gmt":"2017-08-01T17:30:02","slug":"palestra-apresentara-os-impactos-da-conjuntura-nacional-e-internacional-para-a-divida-publica","status":"publish","type":"post","link":"https:\/\/cofecon.org.br\/cofecon\/?p=2490","title":{"rendered":"Palestra apresentar\u00e1 os impactos da conjuntura nacional e internacional para a d\u00edvida p\u00fablica"},"content":{"rendered":"<p style=\"text-align: justify;\"><img loading=\"lazy\" decoding=\"async\" class=\"size-medium wp-image-2491 alignleft\" src=\"http:\/\/www.cofecon.org.br\/wp-content\/uploads\/2017\/08\/palestra_victor_hohl-300x214.jpg\" alt=\"\" width=\"300\" height=\"214\" srcset=\"https:\/\/cofecon.org.br\/cofecon\/wp-content\/uploads\/2017\/08\/palestra_victor_hohl-300x214.jpg 300w, https:\/\/cofecon.org.br\/cofecon\/wp-content\/uploads\/2017\/08\/palestra_victor_hohl.jpg 350w\" sizes=\"(max-width: 300px) 100vw, 300px\" \/>A Auditoria Cidad\u00e3 da D\u00edvida, N\u00facleo Distrito Federal, realizar\u00e1 uma palestra no dia 9 de agosto sobre \u201cConjuntura macroecon\u00f4mica mundial e brasileira: impacto na d\u00edvida p\u00fablica\u201d. O tema ser\u00e1 apresentado pelo economista e conselheiro do Conselho Regional de Economia do Distrito Federal (Corecon-DF) Victor Hohl, que na ocasi\u00e3o representar\u00e1 a Auditoria Cidad\u00e3 da D\u00edvida. O evento ocorrer\u00e1 na sede do Cofecon e ter\u00e1 in\u00edcio \u00e0s 19h. A participa\u00e7\u00e3o \u00e9 gratuita.<\/p>\n<p style=\"text-align: justify;\">Victor Hohl \u00e9 economista e contabilista formado pela Pontif\u00edcia Universidade Cat\u00f3lica de S\u00e3o Paulo (PUC-SP), com p\u00f3s-gradua\u00e7\u00e3o em Economia pela Funda\u00e7\u00e3o Get\u00falio Vargas do Rio de Janeiro (FGV\/RJ). Aposentado, trabalhou por 17 anos no Departamento Econ\u00f4mico do Banco Central do Brasil, foi diretor de planejamento da Secretaria Especial do Idoso no Distrito Federal e atuou na Secretaria de Controle das Empresas Estatais do Minist\u00e9rio do Planejamento. \u00c9 conselheiro do Corecon-DF, professor de Mercado Financeiro e de Capitais e analista de valores imobili\u00e1rios com Certificado Nacional do Profissional de Investimento.<\/p>\n<p style=\"text-align: justify;\">\u00a0<\/p>\n<p style=\"text-align: justify;\">Servi\u00e7o:<\/p>\n<p style=\"text-align: justify;\">Palestra \u201cConjuntura macroecon\u00f4mica mundial e brasileira: impacto na d\u00edvida p\u00fablica\u201d, com o economista Victor Hohl<\/p>\n<p style=\"text-align: justify;\">Data: 9 de agosto<\/p>\n<p style=\"text-align: justify;\">Hor\u00e1rio: 19h<\/p>\n<p style=\"text-align: justify;\">Local: Plen\u00e1rio do Cofecon \u2013 SCS Quadra 02, Bloco B, 12\u00ba andar \u2013 Ed. Pal\u00e1cio do Com\u00e9rcio.<\/p>\n<p>&nbsp;<\/p>\n<p>&nbsp;<\/p>\n","protected":false},"excerpt":{"rendered":"<p>A Auditoria Cidad\u00e3 da D\u00edvida, N\u00facleo Distrito Federal, realizar\u00e1 uma palestra no dia 9 de agosto sobre \u201cConjuntura macroecon\u00f4mica mundial e brasileira: impacto na d\u00edvida p\u00fablica\u201d. O tema ser\u00e1 apresentado pelo economista e conselheiro do Conselho Regional de Economia do<\/p>\n<p><a class=\"more-link\" href=\"https:\/\/cofecon.org.br\/cofecon\/?p=2490\">Leia Mais<\/a><\/p>\n","protected":false},"author":1,"featured_media":2491,"comment_status":"open","ping_status":"open","sticky":false,"template":"","format":"standard","meta":{"footnotes":""},"categories":[2],"tags":[],"class_list":["post-2490","post","type-post","status-publish","format-standard","has-post-thumbnail","hentry","category-noticias"],"_links":{"self":[{"href":"https:\/\/cofecon.org.br\/cofecon\/index.php?rest_route=\/wp\/v2\/posts\/2490"}],"collection":[{"href":"https:\/\/cofecon.org.br\/cofecon\/index.php?rest_route=\/wp\/v2\/posts"}],"about":[{"href":"https:\/\/cofecon.org.br\/cofecon\/index.php?rest_route=\/wp\/v2\/types\/post"}],"author":[{"embeddable":true,"href":"https:\/\/cofecon.org.br\/cofecon\/index.php?rest_route=\/wp\/v2\/users\/1"}],"replies":[{"embeddable":true,"href":"https:\/\/cofecon.org.br\/cofecon\/index.php?rest_route=%2Fwp%2Fv2%2Fcomments&post=2490"}],"version-history":[{"count":0,"href":"https:\/\/cofecon.org.br\/cofecon\/index.php?rest_route=\/wp\/v2\/posts\/2490\/revisions"}],"wp:featuredmedia":[{"embeddable":true,"href":"https:\/\/cofecon.org.br\/cofecon\/index.php?rest_route=\/wp\/v2\/media\/2491"}],"wp:attachment":[{"href":"https:\/\/cofecon.org.br\/cofecon\/index.php?rest_route=%2Fwp%2Fv2%2Fmedia&parent=2490"}],"wp:term":[{"taxonomy":"category","embeddable":true,"href":"https:\/\/cofecon.org.br\/cofecon\/index.php?rest_route=%2Fwp%2Fv2%2Fcategories&post=2490"},{"taxonomy":"post_tag","embeddable":true,"href":"https:\/\/cofecon.org.br\/cofecon\/index.php?rest_route=%2Fwp%2Fv2%2Ftags&post=2490"}],"curies":[{"name":"wp","href":"https:\/\/api.w.org\/{rel}","templated":true}]}}