{"id":2471,"date":"2017-07-31T14:26:27","date_gmt":"2017-07-31T17:26:27","guid":{"rendered":"http:\/\/www.cofecon.org.br\/?p=2471"},"modified":"2017-07-31T14:26:27","modified_gmt":"2017-07-31T17:26:27","slug":"cofecon-prestigiou-a-realizacao-do-22o-enesul","status":"publish","type":"post","link":"https:\/\/cofecon.org.br\/cofecon\/?p=2471","title":{"rendered":"Cofecon prestigiou a realiza\u00e7\u00e3o do 22\u00ba Enesul"},"content":{"rendered":"<div id=\"attachment_2473\" style=\"width: 310px\" class=\"wp-caption alignleft\"><img loading=\"lazy\" decoding=\"async\" aria-describedby=\"caption-attachment-2473\" class=\"size-medium wp-image-2473\" src=\"http:\/\/www.cofecon.org.br\/wp-content\/uploads\/2017\/07\/gesner-maria-de-f\u00e1tima-e-miragaya_reduz-300x191.jpg\" alt=\"\" width=\"300\" height=\"191\" \/><p id=\"caption-attachment-2473\" class=\"wp-caption-text\">\u00a0O economista Gesner Oliveira; a presidente do Corecon-PR, Maria de F\u00e1tima Miranda; e o presidente do Cofecon, J\u00falio Miragaya. Foto: Priscilla Fiedler<\/p><\/div>\n<p style=\"text-align: justify;\">A conjuntura econ\u00f4mica nacional e da regi\u00e3o Sul teve destaque na 22\u00aa edi\u00e7\u00e3o do Encontro dos Economistas da Regi\u00e3o Sul (Enesul), realizado nos dias 28 e 29 de julho em Curitiba. O evento \u00e9 uma iniciativa conjunta entre os Conselhos Regionais de Economia do Paran\u00e1, Santa Catarina e Rio Grande do Sul e teve como tema, neste ano, \u201cAs perspectivas da economia brasileira sob a \u00f3tica da Regi\u00e3o Sul\u201d.<\/p>\n<p style=\"text-align: justify;\">O presidente do Cofecon, J\u00falio Miragaya, comp\u00f4s a mesa de abertura do evento, na qual parabenizou os tr\u00eas Corecons por terem mantido a tradi\u00e7\u00e3o do evento, que contou com uma excelente programa\u00e7\u00e3o. Na manh\u00e3 do dia 29, Miragaya apresentou o Painel Conjuntura Econ\u00f4mica \/ Projeto de Lei da Reformula\u00e7\u00e3o da Profiss\u00e3o do Economista, em que destacou a import\u00e2ncia do posicionamento do Cofecon diante da grave crise econ\u00f4mica e da ado\u00e7\u00e3o de medidas que n\u00e3o contribuem para a retomada do crescimento econ\u00f4mico. Sobre o Projeto de Lei que atualiza a regulamenta\u00e7\u00e3o da profiss\u00e3o, revelou a expectativa de aprova\u00e7\u00e3o at\u00e9 o final do ano.<\/p>\n<p style=\"text-align: justify;\">Ao todo, o evento contemplou mais tr\u00eas pain\u00e9is, com os seguintes temas: \u201cSitua\u00e7\u00e3o Econ\u00f4mica dos Estados do Sul e suas Perspectivas\u201d e \u201cEconomia do Crime\u201d. A palestra magna do evento foi proferida pelo economista Gesner de Oliveira, professor do Departamento de Planejamento e An\u00e1lise Econ\u00f4mica Aplicados \u00e0 Administra\u00e7\u00e3o \u2013 PAE-EAESP\/FGV, que falou sobre \u201cCen\u00e1rios para a economia e aspectos relevantes para a Regi\u00e3o Sul\u201d. O\u00a0Enesul\u00a0\u00e9 promovido anualmente, em sistema de rod\u00edzio, entre os Conselhos Regionais de Economia do Paran\u00e1, Santa Catarina e Rio Grande do Sul, sempre abordando temas importantes relacionados ao desenvolvimento destes Estados.<\/p>\n","protected":false},"excerpt":{"rendered":"<p>A conjuntura econ\u00f4mica nacional e da regi\u00e3o Sul teve destaque na 22\u00aa edi\u00e7\u00e3o do Encontro dos Economistas da Regi\u00e3o Sul (Enesul), realizado nos dias 28 e 29 de julho em Curitiba. O evento \u00e9 uma iniciativa conjunta entre os Conselhos<\/p>\n<p><a class=\"more-link\" href=\"https:\/\/cofecon.org.br\/cofecon\/?p=2471\">Leia Mais<\/a><\/p>\n","protected":false},"author":1,"featured_media":2472,"comment_status":"open","ping_status":"open","sticky":false,"template":"","format":"standard","meta":{"footnotes":""},"categories":[2],"tags":[],"class_list":["post-2471","post","type-post","status-publish","format-standard","has-post-thumbnail","hentry","category-noticias"],"_links":{"self":[{"href":"https:\/\/cofecon.org.br\/cofecon\/index.php?rest_route=\/wp\/v2\/posts\/2471"}],"collection":[{"href":"https:\/\/cofecon.org.br\/cofecon\/index.php?rest_route=\/wp\/v2\/posts"}],"about":[{"href":"https:\/\/cofecon.org.br\/cofecon\/index.php?rest_route=\/wp\/v2\/types\/post"}],"author":[{"embeddable":true,"href":"https:\/\/cofecon.org.br\/cofecon\/index.php?rest_route=\/wp\/v2\/users\/1"}],"replies":[{"embeddable":true,"href":"https:\/\/cofecon.org.br\/cofecon\/index.php?rest_route=%2Fwp%2Fv2%2Fcomments&post=2471"}],"version-history":[{"count":0,"href":"https:\/\/cofecon.org.br\/cofecon\/index.php?rest_route=\/wp\/v2\/posts\/2471\/revisions"}],"wp:featuredmedia":[{"embeddable":true,"href":"https:\/\/cofecon.org.br\/cofecon\/index.php?rest_route=\/wp\/v2\/media\/2472"}],"wp:attachment":[{"href":"https:\/\/cofecon.org.br\/cofecon\/index.php?rest_route=%2Fwp%2Fv2%2Fmedia&parent=2471"}],"wp:term":[{"taxonomy":"category","embeddable":true,"href":"https:\/\/cofecon.org.br\/cofecon\/index.php?rest_route=%2Fwp%2Fv2%2Fcategories&post=2471"},{"taxonomy":"post_tag","embeddable":true,"href":"https:\/\/cofecon.org.br\/cofecon\/index.php?rest_route=%2Fwp%2Fv2%2Ftags&post=2471"}],"curies":[{"name":"wp","href":"https:\/\/api.w.org\/{rel}","templated":true}]}}