{"id":2461,"date":"2017-07-31T12:18:14","date_gmt":"2017-07-31T15:18:14","guid":{"rendered":"http:\/\/www.cofecon.org.br\/?p=2461"},"modified":"2017-07-31T12:18:14","modified_gmt":"2017-07-31T15:18:14","slug":"artigo-pdv-nao-e-alternativa-para-o-ajuste-fiscal","status":"publish","type":"post","link":"https:\/\/cofecon.org.br\/cofecon\/?p=2461","title":{"rendered":"Artigo &#8211; PDV n\u00e3o \u00e9 alternativa para o ajuste fiscal"},"content":{"rendered":"<p style=\"text-align: justify;\"><span style=\"font-family: verdana,geneva,sans-serif; font-size: 12px;\">O Programa de Desligamento Volunt\u00e1rio (PDV) para servidores federais de forma alguma representa alternativa para o ajuste fiscal das contas p\u00fablicas. A proje\u00e7\u00e3o do governo federal de conseguir a ades\u00e3o de 5 mil servidores federais, com economia para o governo de R$ 1 bilh\u00e3o por ano com gastos da folha salarial, revela que \u00e9 uma medida in\u00f3cua, incapaz de mitigar o quadro de absoluto descontrole das contas p\u00fablicas.<\/span><\/p>\n<p style=\"text-align: justify;\"><span style=\"font-family: verdana,geneva,sans-serif; font-size: 12px;\">\u00c9 oportuno lembrar que Temer assumiu o governo em maio de 2016 prometendo retomar o crescimento da economia brasileira e reduzir o d\u00e9ficit fiscal. Passados um ano e tr\u00eas meses, o resultado \u00e9 uma economia estagnada e um aumento no d\u00e9ficit p\u00fablico, que passou de R$ 114,7 bilh\u00f5es em 2015, com Dilma, para R$ 182,8 bilh\u00f5es no acumulado dos \u00faltimos 12 meses. N\u00e3o fossem algumas \u201cpedaladas\u201d ou receitas extraordin\u00e1rias, como aumento do PIS\/Cofins, uso de precat\u00f3rios, Refis, entre outras, fatalmente o d\u00e9ficit fiscal superaria R$ 200 bilh\u00f5es em 2017. O fato \u00e9 que o PDV de Temer \u00e9 uma medida desesperada de um governo impopular e acuado, tentando passar a imagem de um gestor preocupado com os gastos p\u00fablicos e que prima pela austeridade fiscal, como se o povo fosse uma massa de alienados que n\u00e3o percebesse que a economia projetada de R$ 1 bilh\u00e3o nada representa diante do aumento de R$ 27 bilh\u00f5es na folha neste ano, da cria\u00e7\u00e3o de milhares de novos cargos comissionados, e da libera\u00e7\u00e3o de alguns bilh\u00f5es na forma de emendas parlamentares para os que se comprometeram a mant\u00ea-lo como presidente at\u00e9 dezembro de 2018, votando contra a den\u00fancia apresentada pela PGR.<\/span><\/p>\n<p style=\"text-align: justify;\"><span style=\"font-family: verdana,geneva,sans-serif; font-size: 12px;\">O ajuste das contas p\u00fablicas n\u00e3o vir\u00e1 pelo PDV de Temer e tampouco pelas medidas que tem aprovado no Congresso Nacional, em particular a Lei que fixa teto para gastos n\u00e3o financeiros. \u00c9 assim definida propositalmente para excluir limites aos gastos financeiros, que nos \u00faltimos anos tem oscilado entre R$ 400 e 500 bilh\u00f5es, e que somados aos subs\u00eddios \u00e0s grandes corpora\u00e7\u00f5es e ao agroneg\u00f3cio e ren\u00fancias fiscais de toda sorte, totalizam mais de R$ 800 bilh\u00f5es. Combater de fato o d\u00e9ficit p\u00fablico passa pelo fim das vultosas transfer\u00eancias de recursos p\u00fablicos para a elite econ\u00f4mica que habita o topo da pir\u00e2mide social.<\/span><\/p>\n<hr \/>\n<p style=\"text-align: justify;\"><span style=\"font-family: verdana,geneva,sans-serif; font-size: 12px;\">J\u00falio Miragaya \u00e9 presidente do Conselho Federal de Economia. Artigo publicado originalmente no jornal O Povo.<\/span><\/p>\n","protected":false},"excerpt":{"rendered":"<p>O Programa de Desligamento Volunt\u00e1rio (PDV) para servidores federais de forma alguma representa alternativa para o ajuste fiscal das contas p\u00fablicas. A proje\u00e7\u00e3o do governo federal de conseguir a ades\u00e3o de 5 mil servidores federais, com economia para o governo<\/p>\n<p><a class=\"more-link\" href=\"https:\/\/cofecon.org.br\/cofecon\/?p=2461\">Leia Mais<\/a><\/p>\n","protected":false},"author":1,"featured_media":2462,"comment_status":"open","ping_status":"open","sticky":false,"template":"","format":"standard","meta":{"footnotes":""},"categories":[6],"tags":[],"class_list":["post-2461","post","type-post","status-publish","format-standard","has-post-thumbnail","hentry","category-artigo"],"_links":{"self":[{"href":"https:\/\/cofecon.org.br\/cofecon\/index.php?rest_route=\/wp\/v2\/posts\/2461"}],"collection":[{"href":"https:\/\/cofecon.org.br\/cofecon\/index.php?rest_route=\/wp\/v2\/posts"}],"about":[{"href":"https:\/\/cofecon.org.br\/cofecon\/index.php?rest_route=\/wp\/v2\/types\/post"}],"author":[{"embeddable":true,"href":"https:\/\/cofecon.org.br\/cofecon\/index.php?rest_route=\/wp\/v2\/users\/1"}],"replies":[{"embeddable":true,"href":"https:\/\/cofecon.org.br\/cofecon\/index.php?rest_route=%2Fwp%2Fv2%2Fcomments&post=2461"}],"version-history":[{"count":0,"href":"https:\/\/cofecon.org.br\/cofecon\/index.php?rest_route=\/wp\/v2\/posts\/2461\/revisions"}],"wp:featuredmedia":[{"embeddable":true,"href":"https:\/\/cofecon.org.br\/cofecon\/index.php?rest_route=\/wp\/v2\/media\/2462"}],"wp:attachment":[{"href":"https:\/\/cofecon.org.br\/cofecon\/index.php?rest_route=%2Fwp%2Fv2%2Fmedia&parent=2461"}],"wp:term":[{"taxonomy":"category","embeddable":true,"href":"https:\/\/cofecon.org.br\/cofecon\/index.php?rest_route=%2Fwp%2Fv2%2Fcategories&post=2461"},{"taxonomy":"post_tag","embeddable":true,"href":"https:\/\/cofecon.org.br\/cofecon\/index.php?rest_route=%2Fwp%2Fv2%2Ftags&post=2461"}],"curies":[{"name":"wp","href":"https:\/\/api.w.org\/{rel}","templated":true}]}}