{"id":2454,"date":"2017-07-27T11:34:13","date_gmt":"2017-07-27T14:34:13","guid":{"rendered":"http:\/\/www.cofecon.org.br\/?p=2454"},"modified":"2017-07-27T11:34:13","modified_gmt":"2017-07-27T14:34:13","slug":"copom-reduz-juros-para-925","status":"publish","type":"post","link":"https:\/\/cofecon.org.br\/cofecon\/?p=2454","title":{"rendered":"Copom reduz juros para 9,25%"},"content":{"rendered":"<p style=\"text-align: justify;\"><span style=\"font-size: 12px; font-family: verdana,geneva,sans-serif;\"><img loading=\"lazy\" decoding=\"async\" class=\"size-medium wp-image-2455 alignleft\" src=\"http:\/\/www.cofecon.org.br\/wp-content\/uploads\/2017\/07\/Juros-JUL-17-300x214.png\" alt=\"\" width=\"300\" height=\"214\" srcset=\"https:\/\/cofecon.org.br\/cofecon\/wp-content\/uploads\/2017\/07\/Juros-JUL-17-300x214.png 300w, https:\/\/cofecon.org.br\/cofecon\/wp-content\/uploads\/2017\/07\/Juros-JUL-17.png 525w\" sizes=\"(max-width: 300px) 100vw, 300px\" \/>O Comit\u00ea de Pol\u00edtica Monet\u00e1ria do Banco Central (Copom) anunciou nesta quarta-feira (26) a redu\u00e7\u00e3o da taxa b\u00e1sica de juros (Selic) em 1,0 ponto percentual. A decis\u00e3o foi un\u00e2nime e veio em linha com o que o mercado esperava, conforme divulgado na pesquisa semanal do pr\u00f3prio BC conhecida como relat\u00f3rio Focus. O Comit\u00ea se reunir\u00e1 novamente nos dias 05 e 06 de setembro.<\/span><\/p>\n<p style=\"text-align: justify;\"><span style=\"font-size: 12px; font-family: verdana,geneva,sans-serif;\">Leia abaixo a \u00edntegra do comunicado que o Copom divulgou \u00e0 imprensa:<\/span><\/p>\n<p style=\"text-align: justify;\"><span style=\"font-size: 12px;\"><em><span style=\"font-family: verdana,geneva,sans-serif;\">O Copom decidiu, por unanimidade, reduzir a taxa Selic em um ponto percentual, para 9,25% a.a., sem vi\u00e9s.<\/span><\/em><\/span><\/p>\n<p style=\"text-align: justify;\"><span style=\"font-size: 12px;\"><em><span style=\"font-family: verdana,geneva,sans-serif;\">A atualiza\u00e7\u00e3o do cen\u00e1rio b\u00e1sico do Copom pode ser descrita com as seguintes observa\u00e7\u00f5es:<\/span><\/em><\/span><\/p>\n<p style=\"text-align: justify;\"><span style=\"font-size: 12px;\"><em><span style=\"font-family: verdana,geneva,sans-serif;\">O conjunto dos indicadores de atividade econ\u00f4mica divulgados desde a \u00faltima reuni\u00e3o do Copom permanece compat\u00edvel com estabiliza\u00e7\u00e3o da economia brasileira no curto prazo e recupera\u00e7\u00e3o gradual. O recente aumento de incerteza quanto ao ritmo de implementa\u00e7\u00e3o de reformas e ajustes na economia impactou negativamente \u00edndices de confian\u00e7a dos agentes econ\u00f4micos. No entanto, a informa\u00e7\u00e3o dispon\u00edvel sugere que o impacto dessa queda de confian\u00e7a na atividade tem sido, at\u00e9 o momento, limitado;<\/span><\/em><\/span><\/p>\n<p style=\"text-align: justify;\"><span style=\"font-size: 12px;\"><em><span style=\"font-family: verdana,geneva,sans-serif;\">O cen\u00e1rio externo tem se mostrado favor\u00e1vel, na medida em que a atividade econ\u00f4mica global tem se recuperado gradualmente, sem pressionar as condi\u00e7\u00f5es financeiras nas economias avan\u00e7adas. Isso contribui para manter o apetite ao risco em rela\u00e7\u00e3o a economias emergentes. Al\u00e9m disso, houve arrefecimento de poss\u00edveis mudan\u00e7as de pol\u00edtica econ\u00f4mica em alguns pa\u00edses centrais;<\/span><\/em><\/span><\/p>\n<p style=\"text-align: justify;\"><span style=\"font-size: 12px;\"><em><span style=\"font-family: verdana,geneva,sans-serif;\">O comportamento da infla\u00e7\u00e3o permanece favor\u00e1vel com desinfla\u00e7\u00e3o difundida, inclusive nos componentes mais sens\u00edveis ao ciclo econ\u00f4mico e \u00e0 pol\u00edtica monet\u00e1ria. At\u00e9 o momento, os efeitos de curto prazo do aumento de incerteza quanto ao ritmo de implementa\u00e7\u00e3o de reformas e ajustes na economia n\u00e3o se mostram inflacion\u00e1rios nem desinflacion\u00e1rios;<\/span><\/em><\/span><\/p>\n<p style=\"text-align: justify;\"><span style=\"font-size: 12px;\"><em><span style=\"font-family: verdana,geneva,sans-serif;\">As expectativas de infla\u00e7\u00e3o apuradas pela pesquisa Focus recuaram para em torno de 3,3% para 2017 e para 4,2% para 2018 e encontram-se em torno de 4,25% para 2019 e 4,0% para 2020; e<\/span><\/em><\/span><\/p>\n<p style=\"text-align: justify;\"><span style=\"font-size: 12px;\"><em><span style=\"font-family: verdana,geneva,sans-serif;\">No cen\u00e1rio com trajet\u00f3rias para as taxas de juros e c\u00e2mbio extra\u00eddas da pesquisa Focus, as proje\u00e7\u00f5es do Copom recuaram para em torno de 3,6% para 2017 e 4,3% para 2018. Esse cen\u00e1rio sup\u00f5e trajet\u00f3ria de juros que alcan\u00e7a 8,0% ao final de 2017 e mant\u00e9m-se nesse patamar at\u00e9 o final de 2018.<\/span><\/em><\/span><\/p>\n<p style=\"text-align: justify;\"><span style=\"font-size: 12px;\"><em><span style=\"font-family: verdana,geneva,sans-serif;\">Considerando o cen\u00e1rio b\u00e1sico, o balan\u00e7o de riscos e o amplo conjunto de informa\u00e7\u00f5es dispon\u00edveis, o Copom decidiu, por unanimidade, pela redu\u00e7\u00e3o da taxa b\u00e1sica de juros em um ponto percentual, para 9,25% a.a., sem vi\u00e9s. O Comit\u00ea entende que a converg\u00eancia da infla\u00e7\u00e3o para a meta de 4,5% no horizonte relevante para a condu\u00e7\u00e3o da pol\u00edtica monet\u00e1ria, que inclui o ano-calend\u00e1rio de 2018, \u00e9 compat\u00edvel com o processo de flexibiliza\u00e7\u00e3o monet\u00e1ria.<\/span><\/em><\/span><\/p>\n<p style=\"text-align: justify;\"><span style=\"font-size: 12px;\"><em><span style=\"font-family: verdana,geneva,sans-serif;\">O Copom ressalta que a extens\u00e3o do ciclo de flexibiliza\u00e7\u00e3o monet\u00e1ria depender\u00e1 de fatores conjunturais e das estimativas da taxa de juros estrutural da economia brasileira. O Comit\u00ea entende que a evolu\u00e7\u00e3o do processo de reformas e ajustes necess\u00e1rios na economia (principalmente das fiscais e credit\u00edcias) \u00e9 importante para a queda das estimativas da taxa de juros estrutural. Essas estimativas continuar\u00e3o a ser reavaliadas pelo Comit\u00ea ao longo do tempo.<\/span><\/em><\/span><\/p>\n<p style=\"text-align: justify;\"><span style=\"font-size: 12px;\"><em><span style=\"font-family: verdana,geneva,sans-serif;\">O Copom ressalta que a manuten\u00e7\u00e3o das condi\u00e7\u00f5es econ\u00f4micas, at\u00e9 este momento, a despeito do aumento de incerteza quanto ao ritmo de implementa\u00e7\u00e3o de reformas e ajustes na economia, permitiu a manuten\u00e7\u00e3o do ritmo de flexibiliza\u00e7\u00e3o nesta reuni\u00e3o. Para a pr\u00f3xima reuni\u00e3o, a manuten\u00e7\u00e3o deste ritmo depender\u00e1 da perman\u00eancia das condi\u00e7\u00f5es descritas no cen\u00e1rio b\u00e1sico do Copom e de estimativas da extens\u00e3o do ciclo. O ritmo de flexibiliza\u00e7\u00e3o continuar\u00e1 dependendo da evolu\u00e7\u00e3o da atividade econ\u00f4mica, do balan\u00e7o de riscos, de poss\u00edveis reavalia\u00e7\u00f5es da estimativa da extens\u00e3o do ciclo e das proje\u00e7\u00f5es e expectativas de infla\u00e7\u00e3o.<\/span><\/em><\/span><\/p>\n<p style=\"text-align: justify;\"><span style=\"font-size: 12px;\"><em><span style=\"font-family: verdana,geneva,sans-serif;\">Votaram por essa decis\u00e3o os seguintes membros do Comit\u00ea: Ilan Goldfajn (Presidente), Anthero de Moraes Meirelles, Carlos Viana de Carvalho, Isaac Sidney Menezes Ferreira, Luiz Edson Feltrim, Ot\u00e1vio Ribeiro Damaso, Reinaldo Le Grazie, Sidnei Corr\u00eaa Marques e Tiago Couto Berriel.<\/span><\/em><\/span><\/p>\n","protected":false},"excerpt":{"rendered":"<p>O Comit\u00ea de Pol\u00edtica Monet\u00e1ria do Banco Central (Copom) anunciou nesta quarta-feira (26) a redu\u00e7\u00e3o da taxa b\u00e1sica de juros (Selic) em 1,0 ponto percentual. A decis\u00e3o foi un\u00e2nime e veio em linha com o que o mercado esperava, conforme<\/p>\n<p><a class=\"more-link\" href=\"https:\/\/cofecon.org.br\/cofecon\/?p=2454\">Leia Mais<\/a><\/p>\n","protected":false},"author":1,"featured_media":2455,"comment_status":"open","ping_status":"open","sticky":false,"template":"","format":"standard","meta":{"footnotes":""},"categories":[2],"tags":[],"class_list":["post-2454","post","type-post","status-publish","format-standard","has-post-thumbnail","hentry","category-noticias"],"_links":{"self":[{"href":"https:\/\/cofecon.org.br\/cofecon\/index.php?rest_route=\/wp\/v2\/posts\/2454"}],"collection":[{"href":"https:\/\/cofecon.org.br\/cofecon\/index.php?rest_route=\/wp\/v2\/posts"}],"about":[{"href":"https:\/\/cofecon.org.br\/cofecon\/index.php?rest_route=\/wp\/v2\/types\/post"}],"author":[{"embeddable":true,"href":"https:\/\/cofecon.org.br\/cofecon\/index.php?rest_route=\/wp\/v2\/users\/1"}],"replies":[{"embeddable":true,"href":"https:\/\/cofecon.org.br\/cofecon\/index.php?rest_route=%2Fwp%2Fv2%2Fcomments&post=2454"}],"version-history":[{"count":0,"href":"https:\/\/cofecon.org.br\/cofecon\/index.php?rest_route=\/wp\/v2\/posts\/2454\/revisions"}],"wp:featuredmedia":[{"embeddable":true,"href":"https:\/\/cofecon.org.br\/cofecon\/index.php?rest_route=\/wp\/v2\/media\/2455"}],"wp:attachment":[{"href":"https:\/\/cofecon.org.br\/cofecon\/index.php?rest_route=%2Fwp%2Fv2%2Fmedia&parent=2454"}],"wp:term":[{"taxonomy":"category","embeddable":true,"href":"https:\/\/cofecon.org.br\/cofecon\/index.php?rest_route=%2Fwp%2Fv2%2Fcategories&post=2454"},{"taxonomy":"post_tag","embeddable":true,"href":"https:\/\/cofecon.org.br\/cofecon\/index.php?rest_route=%2Fwp%2Fv2%2Ftags&post=2454"}],"curies":[{"name":"wp","href":"https:\/\/api.w.org\/{rel}","templated":true}]}}