{"id":2440,"date":"2017-07-27T10:30:59","date_gmt":"2017-07-27T13:30:59","guid":{"rendered":"http:\/\/www.cofecon.org.br\/?p=2440"},"modified":"2017-07-27T10:30:59","modified_gmt":"2017-07-27T13:30:59","slug":"donos-do-mundo","status":"publish","type":"post","link":"https:\/\/cofecon.org.br\/cofecon\/?p=2440","title":{"rendered":"Artigo &#8211; Donos do mundo"},"content":{"rendered":"<p style=\"text-align: justify;\"><span style=\"font-size: 12px; font-family: verdana,geneva,sans-serif;\">Desde a d\u00e9cada de 1980, com a crise e derrocada do bloco socialista e a ampla hegemonia das teses neoliberais, iniciou-se o chamado per\u00edodo da globaliza\u00e7\u00e3o da economia, que prefiro chamar de financeiriza\u00e7\u00e3o. A mais forte caracter\u00edstica desse per\u00edodo tem sido o aumento da concentra\u00e7\u00e3o da renda e da riqueza nos extratos que habitam o topo da pir\u00e2mide social dos pa\u00edses de nosso planeta, sejam eles desenvolvidos, emergentes ou subdesenvolvidos.<\/span><\/p>\n<p style=\"text-align: justify;\"><span style=\"font-size: 12px; font-family: verdana,geneva,sans-serif;\">O relat\u00f3rio Global Wealth Report &amp; Databook 2015, elaborado pelo banco Credit Suisse, revela a evolu\u00e7\u00e3o da concentra\u00e7\u00e3o da riqueza entre 2000 e 2015, e destaco aqui a situa\u00e7\u00e3o em quatro das principais economias do mundo: EUA, China, R\u00fassia e Brasil. Observa-se que o seleto grupo compreende a principal economia capitalista, duas grandes economias que transitaram do sistema socialista para o capitalista e o nosso Brasil.<\/span><\/p>\n<p style=\"text-align: justify;\"><span style=\"font-size: 12px; font-family: verdana,geneva,sans-serif;\">Nos EUA, a concentra\u00e7\u00e3o da riqueza entre os 10% mais ricos se manteve est\u00e1vel em 74,6% entre 2000 e 2015, ou seja, os demais 90% detinham apenas 25,4% da riqueza. No Brasil, a concentra\u00e7\u00e3o da riqueza no Top 10% passou de 69,4% em 2000 para 73,5% em 2015. Mesmo num per\u00edodo tido como de avan\u00e7o na distribui\u00e7\u00e3o da renda, a riqueza se concentrou ainda mais nos segmentos que comp\u00f5em nossa elite econ\u00f4mica.<\/span><\/p>\n<p style=\"text-align: justify;\"><span style=\"font-size: 12px; font-family: verdana,geneva,sans-serif;\">Mas o maior avan\u00e7o da concentra\u00e7\u00e3o da riqueza se deu exatamente nos dois pa\u00edses que rec\u00e9m adotaram o sistema capitalista. Na R\u00fassia, ap\u00f3s a dissolu\u00e7\u00e3o do regime sovi\u00e9tico e a privatiza\u00e7\u00e3o da propriedade estatal em 1991, a concentra\u00e7\u00e3o da riqueza (que j\u00e1 avan\u00e7ara bastante, chegando em 2000 a 77,1% no Top 10%) atingiu 87,0% em 2015. E na China, ainda dita comunista, passou de 48,6% em 2000 para 67,6% em 2015.<\/span><\/p>\n<p style=\"text-align: justify;\"><span style=\"font-size: 12px; font-family: verdana,geneva,sans-serif;\">O mais incr\u00edvel \u00e9 que a concentra\u00e7\u00e3o da riqueza no 1% mais rico chegou a patamares estratosf\u00e9ricos: 37,3% nos EUA, 39,4% na China, 48,0% no Brasil e 70,3% na R\u00fassia. E os ricos ainda querem que o povo reaja a tal distribui\u00e7\u00e3o da riqueza de forma resignada?<\/span><\/p>\n<p style=\"text-align: justify;\"><span style=\"font-size: 12px; font-family: verdana,geneva,sans-serif;\"><strong>J\u00falio Miragaya, Presidente do Conselho Federal de Economia<\/strong><\/span><\/p>\n","protected":false},"excerpt":{"rendered":"<p>Desde a d\u00e9cada de 1980, com a crise e derrocada do bloco socialista e a ampla hegemonia das teses neoliberais, iniciou-se o chamado per\u00edodo da globaliza\u00e7\u00e3o da economia, que prefiro chamar de financeiriza\u00e7\u00e3o. A mais forte caracter\u00edstica desse per\u00edodo tem<\/p>\n<p><a class=\"more-link\" href=\"https:\/\/cofecon.org.br\/cofecon\/?p=2440\">Leia Mais<\/a><\/p>\n","protected":false},"author":1,"featured_media":2441,"comment_status":"open","ping_status":"open","sticky":false,"template":"","format":"standard","meta":{"footnotes":""},"categories":[6],"tags":[],"class_list":["post-2440","post","type-post","status-publish","format-standard","has-post-thumbnail","hentry","category-artigo"],"_links":{"self":[{"href":"https:\/\/cofecon.org.br\/cofecon\/index.php?rest_route=\/wp\/v2\/posts\/2440"}],"collection":[{"href":"https:\/\/cofecon.org.br\/cofecon\/index.php?rest_route=\/wp\/v2\/posts"}],"about":[{"href":"https:\/\/cofecon.org.br\/cofecon\/index.php?rest_route=\/wp\/v2\/types\/post"}],"author":[{"embeddable":true,"href":"https:\/\/cofecon.org.br\/cofecon\/index.php?rest_route=\/wp\/v2\/users\/1"}],"replies":[{"embeddable":true,"href":"https:\/\/cofecon.org.br\/cofecon\/index.php?rest_route=%2Fwp%2Fv2%2Fcomments&post=2440"}],"version-history":[{"count":0,"href":"https:\/\/cofecon.org.br\/cofecon\/index.php?rest_route=\/wp\/v2\/posts\/2440\/revisions"}],"wp:featuredmedia":[{"embeddable":true,"href":"https:\/\/cofecon.org.br\/cofecon\/index.php?rest_route=\/wp\/v2\/media\/2441"}],"wp:attachment":[{"href":"https:\/\/cofecon.org.br\/cofecon\/index.php?rest_route=%2Fwp%2Fv2%2Fmedia&parent=2440"}],"wp:term":[{"taxonomy":"category","embeddable":true,"href":"https:\/\/cofecon.org.br\/cofecon\/index.php?rest_route=%2Fwp%2Fv2%2Fcategories&post=2440"},{"taxonomy":"post_tag","embeddable":true,"href":"https:\/\/cofecon.org.br\/cofecon\/index.php?rest_route=%2Fwp%2Fv2%2Ftags&post=2440"}],"curies":[{"name":"wp","href":"https:\/\/api.w.org\/{rel}","templated":true}]}}