{"id":2437,"date":"2017-07-27T10:20:51","date_gmt":"2017-07-27T13:20:51","guid":{"rendered":"http:\/\/www.cofecon.org.br\/?p=2437"},"modified":"2017-07-27T10:20:51","modified_gmt":"2017-07-27T13:20:51","slug":"artigo-sinais-de-concorrencia-e-competicao","status":"publish","type":"post","link":"https:\/\/cofecon.org.br\/cofecon\/?p=2437","title":{"rendered":"Artigo &#8211; Sinais de concorr\u00eancia e competi\u00e7\u00e3o"},"content":{"rendered":"<p style=\"text-align: justify;\"><span style=\"font-family: verdana,geneva,sans-serif; font-size: 12px;\">Alegria de trabalhador brasileiro tem durado pouco mesmo, inclusive, a deste escriba da Beira da Prainha (meu local de nascimento), que nos dias atuais \u00e9 a regi\u00e3o onde est\u00e1 constru\u00eddo o Santu\u00e1rio Nossa Senhora Auxiliadora (1929), ali\u00e1s, local Sacrossanto onde me casei, em 1986, com a dona companheira e engenheira sanitarista de primeiro time, Dinalva.<\/span><\/p>\n<p style=\"text-align: justify;\"><span style=\"font-family: verdana,geneva,sans-serif; font-size: 12px;\">Mas a alegria a que me refiro, tem a ver com o fato de quando eu ia abastecer nos postos de combust\u00edveis e percebia, a cada abastecida, redu\u00e7\u00e3o dos pre\u00e7os de combust\u00edveis nas bombas.<\/span><\/p>\n<p style=\"text-align: justify;\"><span style=\"font-family: verdana,geneva,sans-serif; font-size: 12px;\">Parecia uma tend\u00eancia de sairmos da condi\u00e7\u00e3o de compradores da gasolina mais cara do mundo, meu bolso agradecia e ainda sobravam mais alguns trocados para comprar as Bailarinas do Cuiab\u00e1 \u2013 \u201cperaputangas\u201d.<\/span><\/p>\n<p style=\"text-align: justify;\"><span style=\"font-family: verdana,geneva,sans-serif; font-size: 12px;\">No meu entendimento de economista, esse fato econ\u00f4mico decorria da percep\u00e7\u00e3o dos empres\u00e1rios do ramo come\u00e7arem a entender que mercado \u00e9 uma refer\u00eancia e n\u00e3o uma conduta a ser seguida cegamente. <\/span><span style=\"font-family: verdana,geneva,sans-serif; font-size: 12px;\">Digo mais: a concorr\u00eancia \u00e9 praticada pelo agente econ\u00f4mico de acordo com a estrutura de mercado que seu estabelecimento est\u00e1 inserido.<\/span><\/p>\n<p style=\"text-align: justify;\"><span style=\"font-family: verdana,geneva,sans-serif; font-size: 12px;\">Os livros de microeconomia hoje adotados nos cursos de Ci\u00eancia Econ\u00f4mica pelo Brasil afora tratam esse assunto de maneira bem aprofundada. <\/span><span style=\"font-family: verdana,geneva,sans-serif; font-size: 12px;\">Mercado concorrencial, mercado monopolizado, mercado oligopolizado concentrado, mercado oligopolizado diferenciado, mercado de concorr\u00eancia monopol\u00edstica s\u00e3o algumas das estruturas de mercado existentes e trabalhadas teoricamente.<\/span><\/p>\n<p style=\"text-align: justify;\"><span style=\"font-family: verdana,geneva,sans-serif; font-size: 12px;\">No limite de toler\u00e2ncia da Ci\u00eancia Econ\u00f4mica e dos colegas de profiss\u00e3o, arriscamos afirmar que o mercado de postos de combust\u00edveis, em Cuiab\u00e1 e V\u00e1rzea-Grande, \u00e9 um mercado oligopolizado concorrencial, poucas marcas, mas com um grande n\u00famero de firmas estabelecido.<\/span><\/p>\n<p style=\"text-align: justify;\"><span style=\"font-family: verdana,geneva,sans-serif; font-size: 12px;\">Assim, se h\u00e1 concorr\u00eancia \u2013 agentes envolvidos no jogo de mercado \u2013 h\u00e1 de existir competi\u00e7\u00e3o, sendo que esta \u00e9 resultado da capacidade da firma estruturar sua fun\u00e7\u00e3o de produ\u00e7\u00e3o (combina\u00e7\u00e3o dos fatores), observar a configura\u00e7\u00e3o da ind\u00fastria, com\u00e9rcio ou servi\u00e7os em que est\u00e1 inserida, fornecimento de mat\u00e9rias-primas e produtos para revenda (os donos de postos de gasolina (sobre)vivem diante de um monops\u00f4nio) e as condi\u00e7\u00f5es macroecon\u00f4micas e de infraestrutura vigentes para o lan\u00e7amento do seu produto e pre\u00e7o competitivos diante do seu ambiente de atua\u00e7\u00e3o e conduta.<\/span><\/p>\n<p style=\"text-align: justify;\"><span style=\"font-family: verdana,geneva,sans-serif; font-size: 12px;\">Nos finalmentes, com concorr\u00eancia (que \u00e9 o ideal necess\u00e1rio) ou n\u00e3o; com ou sem a teoria econ\u00f4mica (que nos fundamenta diante dos problemas econ\u00f4micos), o fato \u00e9 que a alta, decorrente da tributa\u00e7\u00e3o de PIS\/COFINS incerta e inoportuna, interrompeu uma sequ\u00eancia de baixas, especialmente sobre o litro do etanol hidratado, que em junho, atingiu o menor valor dos \u00faltimos dois anos.<\/span><\/p>\n<p style=\"text-align: justify;\"><span style=\"font-family: verdana,geneva,sans-serif; font-size: 12px;\">A alta do imposto ser\u00e1 pretexto para manuten\u00e7\u00e3o do pre\u00e7o ao consumidor nas alturas e ainda ser respons\u00e1vel por eliminar a livre escolha do cidad\u00e3o cuiabano e varzeagrandense, um dos poucos do Pa\u00eds, que podia optar por abastecer, com pre\u00e7os acess\u00edveis, pelo etanol ou pela gasolina.<\/span><\/p>\n<p style=\"text-align: justify;\"><span style=\"font-family: verdana,geneva,sans-serif; font-size: 12px;\">Essa alta traz um efeito em cadeia que vai onerar toda a produ\u00e7\u00e3o e inibir o poder de compra do cidad\u00e3o. Tal medida poder\u00e1 nos conduzir para uma revers\u00e3o da tend\u00eancia de acomoda\u00e7\u00e3o baixista dos pre\u00e7os relativos da nossa economia local e nacional.<\/span><\/p>\n<hr \/>\n<p style=\"text-align: justify;\"><span style=\"font-family: verdana,geneva,sans-serif; font-size: 12px;\"><strong>Ernani L\u00facio Pinto de Souza \u00e9 economista do Niepe\/Fe\/Ufmt e ms. em planejamento do desenvolvimento pela Anpec\/Naea\/Ufpa <\/strong><strong>(<\/strong><a href=\"mailto:elpsouza@ufmt.b\"><strong>elpsouza@ufmt.b<\/strong><\/a><strong>)<\/strong><\/span><\/p>\n<p style=\"text-align: justify;\"><span style=\"font-family: verdana,geneva,sans-serif; font-size: 12px;\"><strong>PS.: <\/strong>Agrade\u00e7o as sugest\u00f5es de Marianna Peres, jornalista do Di\u00e1rio de Cuiab\u00e1 especializada em assuntos do agroneg\u00f3cio, para as conclus\u00f5es deste artigo.<\/span><\/p>\n","protected":false},"excerpt":{"rendered":"<p>Alegria de trabalhador brasileiro tem durado pouco mesmo, inclusive, a deste escriba da Beira da Prainha (meu local de nascimento), que nos dias atuais \u00e9 a regi\u00e3o onde est\u00e1 constru\u00eddo o Santu\u00e1rio Nossa Senhora Auxiliadora (1929), ali\u00e1s, local Sacrossanto onde<\/p>\n<p><a class=\"more-link\" href=\"https:\/\/cofecon.org.br\/cofecon\/?p=2437\">Leia Mais<\/a><\/p>\n","protected":false},"author":1,"featured_media":2438,"comment_status":"open","ping_status":"open","sticky":false,"template":"","format":"standard","meta":{"footnotes":""},"categories":[6],"tags":[],"class_list":["post-2437","post","type-post","status-publish","format-standard","has-post-thumbnail","hentry","category-artigo"],"_links":{"self":[{"href":"https:\/\/cofecon.org.br\/cofecon\/index.php?rest_route=\/wp\/v2\/posts\/2437"}],"collection":[{"href":"https:\/\/cofecon.org.br\/cofecon\/index.php?rest_route=\/wp\/v2\/posts"}],"about":[{"href":"https:\/\/cofecon.org.br\/cofecon\/index.php?rest_route=\/wp\/v2\/types\/post"}],"author":[{"embeddable":true,"href":"https:\/\/cofecon.org.br\/cofecon\/index.php?rest_route=\/wp\/v2\/users\/1"}],"replies":[{"embeddable":true,"href":"https:\/\/cofecon.org.br\/cofecon\/index.php?rest_route=%2Fwp%2Fv2%2Fcomments&post=2437"}],"version-history":[{"count":0,"href":"https:\/\/cofecon.org.br\/cofecon\/index.php?rest_route=\/wp\/v2\/posts\/2437\/revisions"}],"wp:featuredmedia":[{"embeddable":true,"href":"https:\/\/cofecon.org.br\/cofecon\/index.php?rest_route=\/wp\/v2\/media\/2438"}],"wp:attachment":[{"href":"https:\/\/cofecon.org.br\/cofecon\/index.php?rest_route=%2Fwp%2Fv2%2Fmedia&parent=2437"}],"wp:term":[{"taxonomy":"category","embeddable":true,"href":"https:\/\/cofecon.org.br\/cofecon\/index.php?rest_route=%2Fwp%2Fv2%2Fcategories&post=2437"},{"taxonomy":"post_tag","embeddable":true,"href":"https:\/\/cofecon.org.br\/cofecon\/index.php?rest_route=%2Fwp%2Fv2%2Ftags&post=2437"}],"curies":[{"name":"wp","href":"https:\/\/api.w.org\/{rel}","templated":true}]}}