{"id":24340,"date":"2024-12-18T15:19:44","date_gmt":"2024-12-18T18:19:44","guid":{"rendered":"https:\/\/cofecon.org.br\/cofecon\/?p=24340"},"modified":"2025-01-08T00:17:07","modified_gmt":"2025-01-08T03:17:07","slug":"cofecon-encerra-2024-com-balanco-de-acoes-e-projetos-estrategicos","status":"publish","type":"post","link":"https:\/\/cofecon.org.br\/cofecon\/?p=24340","title":{"rendered":"Cofecon encerra 2024 com balan\u00e7o de a\u00e7\u00f5es e projetos estrat\u00e9gicos"},"content":{"rendered":"\n<p><em>Na 738\u00aa Sess\u00e3o Plen\u00e1ria da autarquia foram apresentadas a\u00e7\u00f5es de excel\u00eancia em fiscaliza\u00e7\u00e3o e estrat\u00e9gias para aprimorar a gest\u00e3o dos Corecons<\/em>\u00a0<\/p>\n\n\n\n<p>O Cofecon realizou nos dias 13 e 14 de dezembro, em Bras\u00edlia, sua 738\u00aa Sess\u00e3o Plen\u00e1ria \u2013 a \u00faltima de 2024. Em meio a tarefas mais espec\u00edficas (como a homologa\u00e7\u00e3o dos resultados do Pr\u00eamio Paul Singer de Boas Pr\u00e1ticas Acad\u00eamicas e a apresenta\u00e7\u00e3o dos trabalhos das Comiss\u00f5es ao longo do ano), dois itens de pauta se destacaram: o Programa de Fiscaliza\u00e7\u00e3o Integrada e o Programa de Fortalecimento dos Corecons.&nbsp;<\/p>\n\n\n\n<p><strong>Programa de Fiscaliza\u00e7\u00e3o Integrada<\/strong>&nbsp;<\/p>\n\n\n\n<p>O Programa de Fiscaliza\u00e7\u00e3o Integrada foi uma a\u00e7\u00e3o priorit\u00e1ria do Cofecon em 2024 e consistiu em uma coopera\u00e7\u00e3o t\u00e9cnica com o Corecon-DF para fortalecer esta atividade em outros Conselhos Regionais de Economia. A partir da parceria realizada buscou-se uma estrat\u00e9gia para garantir a excel\u00eancia e a efici\u00eancia na fiscaliza\u00e7\u00e3o do exerc\u00edcio profissional, disseminando boas pr\u00e1ticas em outros Conselhos Regionais de Economia e fortalecendo o setor. &nbsp;<\/p>\n\n\n\n<p>O suporte cont\u00ednuo da equipe do Corecon-DF permitiu ampliar a abrang\u00eancia das a\u00e7\u00f5es, gerando quase 70 processos de fiscaliza\u00e7\u00e3o em tr\u00eas estados: Goi\u00e1s, Mato Grosso e Sergipe. \u201cProcuramos trazer para estes Conselhos uma vis\u00e3o completa da fiscaliza\u00e7\u00e3o. As demandas s\u00e3o muitas, mas chegamos ao m\u00eas de dezembro tendo alguns \u00eaxitos\u201d, expressou o fiscal Angeilton Lima.&nbsp;<\/p>\n\n\n\n<p>J\u00e1 o coordenador da Comiss\u00e3o de Fiscaliza\u00e7\u00e3o do Cofecon, conselheiro Paulo Hermance Paiva, ressaltou que em 2025 ser\u00e3o apresentadas novas ferramentas para auxiliar os Corecons no processo de fiscaliza\u00e7\u00e3o. \u201cVamos apresentar propostas a todos os Corecons por ocasi\u00e3o da pr\u00f3xima sess\u00e3o plen\u00e1ria ampliada\u201d, expressou o conselheiro. &nbsp;<\/p>\n\n\n\n<p><strong>Programa de Fortalecimento dos Corecons<\/strong>&nbsp;<\/p>\n\n\n\n<p>Mas o momento n\u00e3o foi s\u00f3 de balan\u00e7o de atividades passadas. A Comiss\u00e3o de Planejamento Estrat\u00e9gico, Governan\u00e7a, LGPD e Transpar\u00eancia apresentou o Programa de Fortalecimento dos Corecons, que consiste numa iniciativa destinada a fortalecer a estrutura e a gest\u00e3o dos Regionais.&nbsp;<\/p>\n\n\n\n<p>O projeto busca oferecer um ambiente virtual peri\u00f3dico no qual os presidentes e gestores possam ter o apoio de consultores especializados em \u00e1reas essenciais como gest\u00e3o financeira, <em>compliance<\/em>, planejamento estrat\u00e9gico e assessoria jur\u00eddica. O objetivo, mais do que apenas a dissemina\u00e7\u00e3o de boas pr\u00e1ticas, \u00e9 a melhoria dos indicadores de gest\u00e3o e o principal p\u00fablico-alvo s\u00e3o os Corecons com bases reduzidas de economistas adimplentes, em face dos desafios que essas entidades regionais enfrentam para garantir sua sustentabilidade e cumprir suas atribui\u00e7\u00f5es.&nbsp;<\/p>\n\n\n\n<p>Os primeiros temas a serem abordados s\u00e3o os planos de fiscaliza\u00e7\u00e3o, a cobran\u00e7a eficiente e o uso do Sistema Eletr\u00f4nico de Informa\u00e7\u00f5es (implantado neste ano em diversos Corecons). Cada Regional ter\u00e1 um plano de a\u00e7\u00e3o desenvolvido com consultores, al\u00e9m de um monitoramento peri\u00f3dico.&nbsp;<\/p>\n\n\n\n<p>Para 2025 tamb\u00e9m est\u00e1 previsto um workshop com presidentes e gestores dos Corecons abordando a estrutura do Sistema Cofecon\/Corecons, legisla\u00e7\u00e3o e tarefas essenciais, sustentabilidade financeira, planejamento estrat\u00e9gico, comiss\u00f5es e alinhamento de atividades.&nbsp;<\/p>\n","protected":false},"excerpt":{"rendered":"<p>Na 738\u00aa Sess\u00e3o Plen\u00e1ria da autarquia foram apresentadas a\u00e7\u00f5es de excel\u00eancia em fiscaliza\u00e7\u00e3o e estrat\u00e9gias para aprimorar a gest\u00e3o dos Corecons\u00a0 O Cofecon realizou nos dias 13 e 14 de dezembro, em Bras\u00edlia, sua 738\u00aa Sess\u00e3o Plen\u00e1ria \u2013 a \u00faltima<\/p>\n<p><a class=\"more-link\" href=\"https:\/\/cofecon.org.br\/cofecon\/?p=24340\">Leia Mais<\/a><\/p>\n","protected":false},"author":3,"featured_media":24341,"comment_status":"closed","ping_status":"closed","sticky":false,"template":"","format":"standard","meta":{"footnotes":""},"categories":[60,2],"tags":[],"class_list":["post-24340","post","type-post","status-publish","format-standard","has-post-thumbnail","hentry","category-acoes-da-presidencia-dantas","category-noticias"],"_links":{"self":[{"href":"https:\/\/cofecon.org.br\/cofecon\/index.php?rest_route=\/wp\/v2\/posts\/24340"}],"collection":[{"href":"https:\/\/cofecon.org.br\/cofecon\/index.php?rest_route=\/wp\/v2\/posts"}],"about":[{"href":"https:\/\/cofecon.org.br\/cofecon\/index.php?rest_route=\/wp\/v2\/types\/post"}],"author":[{"embeddable":true,"href":"https:\/\/cofecon.org.br\/cofecon\/index.php?rest_route=\/wp\/v2\/users\/3"}],"replies":[{"embeddable":true,"href":"https:\/\/cofecon.org.br\/cofecon\/index.php?rest_route=%2Fwp%2Fv2%2Fcomments&post=24340"}],"version-history":[{"count":1,"href":"https:\/\/cofecon.org.br\/cofecon\/index.php?rest_route=\/wp\/v2\/posts\/24340\/revisions"}],"predecessor-version":[{"id":24342,"href":"https:\/\/cofecon.org.br\/cofecon\/index.php?rest_route=\/wp\/v2\/posts\/24340\/revisions\/24342"}],"wp:featuredmedia":[{"embeddable":true,"href":"https:\/\/cofecon.org.br\/cofecon\/index.php?rest_route=\/wp\/v2\/media\/24341"}],"wp:attachment":[{"href":"https:\/\/cofecon.org.br\/cofecon\/index.php?rest_route=%2Fwp%2Fv2%2Fmedia&parent=24340"}],"wp:term":[{"taxonomy":"category","embeddable":true,"href":"https:\/\/cofecon.org.br\/cofecon\/index.php?rest_route=%2Fwp%2Fv2%2Fcategories&post=24340"},{"taxonomy":"post_tag","embeddable":true,"href":"https:\/\/cofecon.org.br\/cofecon\/index.php?rest_route=%2Fwp%2Fv2%2Ftags&post=24340"}],"curies":[{"name":"wp","href":"https:\/\/api.w.org\/{rel}","templated":true}]}}