{"id":24337,"date":"2024-12-17T17:50:21","date_gmt":"2024-12-17T20:50:21","guid":{"rendered":"https:\/\/cofecon.org.br\/cofecon\/?p=24337"},"modified":"2025-01-08T00:17:16","modified_gmt":"2025-01-08T03:17:16","slug":"cofecon-homenageia-conselheiros-federais-que-terminam-seus-mandatos","status":"publish","type":"post","link":"https:\/\/cofecon.org.br\/cofecon\/?p=24337","title":{"rendered":"Cofecon homenageia conselheiros federais que terminam seus mandatos"},"content":{"rendered":"\n<p><em>O reconhecimento ao compromisso e \u00e0 contribui\u00e7\u00e3o dada ao Sistema Cofecon\/Corecons foi feito na forma de uma placa de homenagem. Conselheiros mencionaram gratid\u00e3o e import\u00e2ncia do trabalho realizado<\/em><\/p>\n\n\n\n<p>Durante a 738\u00aa Sess\u00e3o Plen\u00e1ria o Cofecon realizou uma homenagem aos conselheiros federais que est\u00e3o em final de mandato. Clovis Benoni Meurer, Heric Santos Hosso\u00e9, Lauro Chaves Neto, Maur\u00edlio Proc\u00f3pio Gomes e Paulo Dantas da Costa tiveram em 2024 seu \u00faltimo ano na condi\u00e7\u00e3o de conselheiros efetivos e receberam uma placa do Cofecon em reconhecimento ao seu trabalho durante o mandato.<\/p>\n\n\n\n<p>Paulo Dantas da Costa, presidente do Cofecon, foi o primeiro a receber a homenagem. Ele recebeu das m\u00e3os da nova presidente, Tania Cristina Teixeira, uma placa referente ao seu per\u00edodo \u00e0 frente do Cofecon (2023-2024), e uma segunda, das m\u00e3os do conselheiro federal Jo\u00e3o Manoel Gon\u00e7alves Barbosa, referente aos seus dois mandatos de conselheiro federal efetivo (2019-2021 e 2022-2024). Dantas agradeceu de forma bastante breve, mencionando sentir-se honrado com a homenagem.<\/p>\n\n\n\n<p>Maur\u00edlio Proc\u00f3pio Gomes, do estado de Alagoas, desejou \u00eaxito \u00e0 nova gest\u00e3o: \u201cAgrade\u00e7o a todas as pessoas que me deram a oportunidade de ser conselheiro federal. Entrei aqui como suplente e depois fui convidado a assumir o mandato de efetivo. Foi uma grande honra participar deste Conselho e agrade\u00e7o a todo o corpo funcional\u201d.<\/p>\n\n\n\n<p>Clovis Benoni Meurer, do Rio Grande do Sul, fez parte do plen\u00e1rio durante dois mandatos (2019-2021 e 2022-2024): \u201cConsegui fazer tudo o que pretendia neste per\u00edodo. Eu me esforcei muito para trazer mais modernidade, digitaliza\u00e7\u00e3o e processos empresariais para dentro desta Casa. A carteira digital profissional e o Sistema Eletr\u00f4nico de Informa\u00e7\u00f5es s\u00e3o algumas destas melhorias e fico feliz por ter trabalhado nisso\u201d.<\/p>\n\n\n\n<p>Heric Santos Hosso\u00e9, do estado do Maranh\u00e3o, escreveu um pequeno discurso para o momento. \u201cForam anos de aprendizado intenso, trabalho conjunto e conquistas que s\u00f3 foram poss\u00edveis gra\u00e7as \u00e0 compet\u00eancia e esp\u00edrito colaborativo de todos os que integram este Sistema t\u00e3o importante para a profiss\u00e3o e para o desenvolvimento da sociedade\u201d, mencionou o conselheiro, que tamb\u00e9m esteve no cargo por dois mandatos (2019-2021 e 2022-2024). \u201cAos conselheiros, agrade\u00e7o pelas discuss\u00f5es enriquecedoras, pela troca de ideias e pela constru\u00e7\u00e3o de caminhos que fortalecem nossa categoria. \u00c0 equipe interna, meu reconhecimento pelo trabalho incans\u00e1vel e pelo suporte incans\u00e1vel. Aos economistas que comp\u00f5em o sistema deixo minha admira\u00e7\u00e3o pelas suas contribui\u00e7\u00f5es. Saio com saudade, mas com a certeza de que deixo a institui\u00e7\u00e3o em m\u00e3os extremamente competentes, com profissionais qualificados e comprometidos com o avan\u00e7o das pautas que fazem do Cofecon um exemplo de seriedade e compromisso com a sociedade\u201d.<\/p>\n\n\n\n<p>Lauro Chaves Neto, do estado do Cear\u00e1, mencionou o encerramento de um ciclo tamb\u00e9m em sua vida pessoal. \u201cTenho uma satisfa\u00e7\u00e3o enorme de, nestes seis anos (2019-2021 e 2022-2024), ter contribu\u00eddo dentro do que eu podia fazer de melhor para a nossa profiss\u00e3o. Quero agradecer a toda a equipe funcional que sempre apoiou e auxiliou em tudo o que precisei\u201d, observou Lauro. \u201cNossa vida \u00e9 feita de ciclos. Ao terminar aqui, fui aprovado no p\u00f3s-doutorado na Universidade de Massachusetts e, a partir de mar\u00e7o, vou morar na regi\u00e3o de Boston. Todos somos passageiros \u2013 o importante \u00e9 que cada um de n\u00f3s deixa uma contribui\u00e7\u00e3o para o fortalecimento da profiss\u00e3o\u201d.<\/p>\n\n\n\n<p>Entre os conselheiros suplentes em final de mandato \u2013 que tamb\u00e9m receber\u00e3o oportunamente a homenagem \u2013 um deles estava presente \u00e0 sess\u00e3o plen\u00e1ria: J\u00falio Miragaya (2022-2024), que reside em Bras\u00edlia e tem acompanhado ativamente todas as sess\u00f5es (mesmo aquelas nas quais ele n\u00e3o vota). \u201cS\u00f3 tenho a agradecer. Neste pr\u00f3ximo ano n\u00e3o estarei no plen\u00e1rio, mas continuarei contribuindo com o Sistema Cofecon\/Corecons como sempre fiz. Tenho muita f\u00e9 na pr\u00f3xima gest\u00e3o, com a Tania Cristina como presidente e o Jo\u00e3o Manoel como vice. Eles t\u00eam tudo para fazerem um grande trabalho e continuarem honrando nossa profiss\u00e3o\u201d.<\/p>\n","protected":false},"excerpt":{"rendered":"<p>O reconhecimento ao compromisso e \u00e0 contribui\u00e7\u00e3o dada ao Sistema Cofecon\/Corecons foi feito na forma de uma placa de homenagem. Conselheiros mencionaram gratid\u00e3o e import\u00e2ncia do trabalho realizado Durante a 738\u00aa Sess\u00e3o Plen\u00e1ria o Cofecon realizou uma homenagem aos conselheiros<\/p>\n<p><a class=\"more-link\" href=\"https:\/\/cofecon.org.br\/cofecon\/?p=24337\">Leia Mais<\/a><\/p>\n","protected":false},"author":3,"featured_media":24338,"comment_status":"closed","ping_status":"closed","sticky":false,"template":"","format":"standard","meta":{"footnotes":""},"categories":[60,2],"tags":[],"class_list":["post-24337","post","type-post","status-publish","format-standard","has-post-thumbnail","hentry","category-acoes-da-presidencia-dantas","category-noticias"],"_links":{"self":[{"href":"https:\/\/cofecon.org.br\/cofecon\/index.php?rest_route=\/wp\/v2\/posts\/24337"}],"collection":[{"href":"https:\/\/cofecon.org.br\/cofecon\/index.php?rest_route=\/wp\/v2\/posts"}],"about":[{"href":"https:\/\/cofecon.org.br\/cofecon\/index.php?rest_route=\/wp\/v2\/types\/post"}],"author":[{"embeddable":true,"href":"https:\/\/cofecon.org.br\/cofecon\/index.php?rest_route=\/wp\/v2\/users\/3"}],"replies":[{"embeddable":true,"href":"https:\/\/cofecon.org.br\/cofecon\/index.php?rest_route=%2Fwp%2Fv2%2Fcomments&post=24337"}],"version-history":[{"count":1,"href":"https:\/\/cofecon.org.br\/cofecon\/index.php?rest_route=\/wp\/v2\/posts\/24337\/revisions"}],"predecessor-version":[{"id":24339,"href":"https:\/\/cofecon.org.br\/cofecon\/index.php?rest_route=\/wp\/v2\/posts\/24337\/revisions\/24339"}],"wp:featuredmedia":[{"embeddable":true,"href":"https:\/\/cofecon.org.br\/cofecon\/index.php?rest_route=\/wp\/v2\/media\/24338"}],"wp:attachment":[{"href":"https:\/\/cofecon.org.br\/cofecon\/index.php?rest_route=%2Fwp%2Fv2%2Fmedia&parent=24337"}],"wp:term":[{"taxonomy":"category","embeddable":true,"href":"https:\/\/cofecon.org.br\/cofecon\/index.php?rest_route=%2Fwp%2Fv2%2Fcategories&post=24337"},{"taxonomy":"post_tag","embeddable":true,"href":"https:\/\/cofecon.org.br\/cofecon\/index.php?rest_route=%2Fwp%2Fv2%2Ftags&post=24337"}],"curies":[{"name":"wp","href":"https:\/\/api.w.org\/{rel}","templated":true}]}}