{"id":24329,"date":"2024-12-17T16:45:00","date_gmt":"2024-12-17T19:45:00","guid":{"rendered":"https:\/\/cofecon.org.br\/cofecon\/?p=24329"},"modified":"2024-12-17T16:45:02","modified_gmt":"2024-12-17T19:45:02","slug":"economia-financas-e-sustentabilidade-transformando-o-futuro-com-educacao-e-inclusao","status":"publish","type":"post","link":"https:\/\/cofecon.org.br\/cofecon\/?p=24329","title":{"rendered":"Economia, Finan\u00e7as e Sustentabilidade &#8211; Transformando o futuro com educa\u00e7\u00e3o e inclus\u00e3o"},"content":{"rendered":"\n<p><em>Artigo de opini\u00e3o escrito pela economista Dirlene Silva*<\/em><\/p>\n\n\n\n<p>O mundo est\u00e1 passando por transforma\u00e7\u00f5es profundas, e \u00e1reas como economia, finan\u00e7as e sustentabilidade est\u00e3o no centro dessas mudan\u00e7as.&nbsp;&nbsp;<\/p>\n\n\n\n<p>Inspirada nas Big Ideas 2025 do Linkedin, o qual muitos dos temas j\u00e1 haviam sido abordados por mim ao longo do ano, escrevo pelo segundo ano a vers\u00e3o by Dirlene Silva das Big Ideas.&nbsp;<\/p>\n\n\n\n<p>O ano de 2024 apresentou um marco nas inova\u00e7\u00f5es tecnol\u00f3gicas. A intelig\u00eancia artificial (IA) foi a tema dominante nos eventos e, na \u00e1rea financeira ocorreram movimentos estruturantes, como a <em>Open Finance<\/em> que moldaram o futuro das rela\u00e7\u00f5es financeiras. Em paralelo, iniciativas que promovem <strong>educa\u00e7\u00e3o e inclus\u00e3o financeira<\/strong> se tornam pilares para <strong>a redu\u00e7\u00e3o das desigualdades<\/strong> e o <strong>fortalecimento das bases sustent\u00e1veis da economia<\/strong>.&nbsp;<\/p>\n\n\n\n<p>Ent\u00e3o, vamos as Big Ideas by Dirlene Silva.&nbsp;<\/p>\n\n\n\n<p><strong>1. Intelig\u00eancia Artificial no mercado financeiro<\/strong>&nbsp;<\/p>\n\n\n\n<p>A intelig\u00eancia artificial despontou como uma ferramenta essencial para a transforma\u00e7\u00e3o do setor financeiro. Em 2025, sua utiliza\u00e7\u00e3o promete expandir ainda mais a previs\u00e3o de cen\u00e1rios econ\u00f4micos, a an\u00e1lise de riscos e a personaliza\u00e7\u00e3o de produtos financeiros. Institui\u00e7\u00f5es financeiras j\u00e1 est\u00e3o incorporando modelos preditivos de IA para analisar o comportamento do consumidor e oferecer solu\u00e7\u00f5es que atendam \u00e0s necessidades individuais de forma mais precisa.&nbsp;<\/p>\n\n\n\n<p>A automatiza\u00e7\u00e3o, al\u00e9m de reduzir custos operacionais e democratiza o acesso a servi\u00e7os, permitindo que pequenas empresas e indiv\u00edduos historicamente exclu\u00eddos tenham acesso a cr\u00e9dito, gest\u00e3o de investimentos e ferramentas de planejamento financeiro.&nbsp;&nbsp;<\/p>\n\n\n\n<p>Contudo, chamo a aten\u00e7\u00e3o que \u00e9 fundamental alinhar essa evolu\u00e7\u00e3o \u00e0 seguran\u00e7a de dados e \u00e0 \u00e9tica no uso das informa\u00e7\u00f5es sens\u00edveis dos clientes. Entendo que este \u00e9 o grande desafio para 2025.&nbsp;<\/p>\n\n\n\n<p><strong>2. Virtualiza\u00e7\u00e3o da Moeda<\/strong>&nbsp;<\/p>\n\n\n\n<p>O avan\u00e7o das moedas digitais \u00e9 outra tend\u00eancia que impacta profundamente a economia global. A populariza\u00e7\u00e3o das criptomoedas e o desenvolvimento de moedas digitais emitidas por bancos centrais (CBDCs) est\u00e3o redesenhando o conceito de transa\u00e7\u00f5es financeiras. A virtualiza\u00e7\u00e3o da moeda traz maior agilidade e transpar\u00eancia, mas tamb\u00e9m imp\u00f5e desafios regulat\u00f3rios e de infraestrutura.&nbsp;<\/p>\n\n\n\n<p>Este ano, o Banco Central do Brasil foi reconhecido internacionalmente como o <em>&#8220;Central Bank of the Year 2024&#8221;<\/em> pela revista Central Banking. Esse t\u00edtulo reflete a posi\u00e7\u00e3o disruptiva da institui\u00e7\u00e3o, alcan\u00e7ada devido \u00e0s suas iniciativas inovadoras, como o Pix, o <em>Open Finance<\/em> e o Drex, a moeda digital brasileira.&nbsp;<\/p>\n\n\n\n<p>O projeto do Real Digital \u00e9 um exemplo concreto de como a economia nacional busca se adaptar \u00e0 nova era digital. A sua implementa\u00e7\u00e3o pode facilitar a inclus\u00e3o financeira ao integrar indiv\u00edduos e neg\u00f3cios em um ecossistema mais acess\u00edvel e confi\u00e1vel, al\u00e9m de possibilitar transa\u00e7\u00f5es mais seguras e rastre\u00e1veis.&nbsp;&nbsp;<\/p>\n\n\n\n<p>Para as empresas, esse movimento \u00e9 uma oportunidade de inovar na rela\u00e7\u00e3o com clientes e fornecedores, consolidando sua presen\u00e7a em um mercado cada vez mais conectado.&nbsp;<\/p>\n\n\n\n<p><strong>3. Open Finance e Portabilidade de Investimentos<\/strong>&nbsp;<\/p>\n\n\n\n<p>A fase atual da <em>open finance<\/em> no Brasil representa um passo significativo para a descentraliza\u00e7\u00e3o e a personaliza\u00e7\u00e3o de servi\u00e7os financeiros. Essa iniciativa permite que consumidores tenham mais controle sobre seus dados financeiros, podendo compartilh\u00e1-los com diferentes institui\u00e7\u00f5es de forma segura.&nbsp;<\/p>\n\n\n\n<p>Um dos principais avan\u00e7os dessa abordagem \u00e9 a portabilidade de investimentos. Com maior transpar\u00eancia e facilidade, investidores podem migrar suas aplica\u00e7\u00f5es entre plataformas para buscar melhores condi\u00e7\u00f5es e rendimentos. Essa liberdade estimula a competitividade no mercado financeiro, for\u00e7ando as institui\u00e7\u00f5es a aprimorarem seus servi\u00e7os e criarem solu\u00e7\u00f5es mais atrativas e acess\u00edveis.&nbsp;<\/p>\n\n\n\n<p>Para al\u00e9m disso, a <em>open finance<\/em> incentiva a inova\u00e7\u00e3o em produtos financeiros personalizados, adaptados ao perfil e \u00e0s necessidades de cada usu\u00e1rio.&nbsp;&nbsp;<\/p>\n\n\n\n<p>Essa revolu\u00e7\u00e3o contribui diretamente para a educa\u00e7\u00e3o financeira, pois torna as ferramentas de gest\u00e3o financeira mais intuitivas e acess\u00edveis.&nbsp;<\/p>\n\n\n\n<p><strong>4. Educa\u00e7\u00e3o e Inclus\u00e3o Financeira<\/strong>&nbsp;<\/p>\n\n\n\n<p>A educa\u00e7\u00e3o financeira segue como um dos pilares fundamentais para a constru\u00e7\u00e3o de uma sociedade mais equitativa.&nbsp;&nbsp;<\/p>\n\n\n\n<p>Tenho a honra de ser Conselheira e compor o Conselho de Desenvolvimento Econ\u00f4mico Social Sustent\u00e1vel e junto com Nath Finan\u00e7as lideramos a pauta de educa\u00e7\u00e3o financeira, que teve muitos avan\u00e7os neste ano como a articula\u00e7\u00e3o de programas entre MEC \u2013 Minist\u00e9rio da Educa\u00e7\u00e3o e Banco Central.&nbsp;<\/p>\n\n\n\n<p>Assim, em 2025, espera-se que novas iniciativas promovam o acesso ao conhecimento sobre gest\u00e3o de finan\u00e7as pessoais, investimentos e planejamento a longo prazo.&nbsp;<\/p>\n\n\n\n<p>Programas de educa\u00e7\u00e3o financeira em escolas e comunidades tamb\u00e9m contribuem para a forma\u00e7\u00e3o de uma gera\u00e7\u00e3o mais consciente e preparada para lidar com os desafios econ\u00f4micos. Nesse contexto, a parceria entre o setor p\u00fablico e privado \u00e9 essencial para expandir o alcance dessas iniciativas.&nbsp;<\/p>\n\n\n\n<p>A inclus\u00e3o financeira est\u00e1 diretamente conectada a esses esfor\u00e7os. Ferramentas tecnol\u00f3gicas, como aplicativos de microcr\u00e9dito e carteiras digitais, desempenham um papel essencial ao democratizar servi\u00e7os financeiros para popula\u00e7\u00f5es que, at\u00e9 ent\u00e3o, estavam \u00e0 margem do sistema banc\u00e1rio tradicional.&nbsp;<\/p>\n\n\n\n<p>Al\u00e9m disso, uma proposta que ganha destaque em 2025 \u00e9 a isen\u00e7\u00e3o de imposto de renda para indiv\u00edduos com renda mensal de at\u00e9 cinco mil reais. Essa medida busca aliviar o peso tribut\u00e1rio sobre as classes m\u00e9dia e baixa, ampliando seu poder de consumo e sua capacidade de poupar ou investir.&nbsp;<\/p>\n\n\n\n<p>Ao beneficiar um segmento significativo da popula\u00e7\u00e3o, a isen\u00e7\u00e3o atua como um catalisador para a inclus\u00e3o financeira e de crescimento e desenvolvimento da economia do pa\u00eds, visto que, o aumento da renda dispon\u00edvel permite que mais pessoas participem do sistema financeiro formal, promove maior estabilidade econ\u00f4mica, mobilidade social e tamb\u00e9m libera recursos para o consumo e o investimento na economia local, gerando um ciclo positivo de crescimento econ\u00f4mico e inclus\u00e3o social.&nbsp;<\/p>\n\n\n\n<p><strong>5. Governan\u00e7a, Diversidade e Sustentabilidade:&nbsp;<\/strong>&nbsp;<\/p>\n\n\n\n<p>Em um mundo cada vez mais conectado e exigente, as empresas que adotam princ\u00edpios \u00e9ticos de governan\u00e7a corporativa e entendem que diversidade, equidade e inclus\u00e3o \u00e9 sin\u00f4nimo de sustentabilidade e que sustentabilidade representa continuidade para os seus neg\u00f3cios, t\u00eam mais chances de prosperar no longo prazo. A sustentabilidade n\u00e3o \u00e9 mais apenas uma quest\u00e3o de justi\u00e7a social ou ambiental, mas sobretudo tamb\u00e9m uma quest\u00e3o econ\u00f4mico-social.&nbsp;<\/p>\n\n\n\n<p>Empresas que alinham suas opera\u00e7\u00f5es aos Objetivos de Desenvolvimento Sustent\u00e1vel (ODS) fortalecem sua reputa\u00e7\u00e3o e conquistam a confian\u00e7a de consumidores, investidores e colaboradores. Al\u00e9m disso, a ado\u00e7\u00e3o de pr\u00e1ticas sustent\u00e1veis gera efici\u00eancia operacional e reduz riscos, garantindo a continuidade dos neg\u00f3cios em cen\u00e1rios de crise.&nbsp;<\/p>\n\n\n\n<p>M\u00eas passado em uma publica\u00e7\u00e3o, eu trouxe dados apresentados pela Vania Bueno, o qual revela que mais de 90% do valor de mercado das empresas listadas no S&amp;P 500, que \u00e9 um dos principais indicadores de desempenho do mercado de a\u00e7\u00f5es, \u00e9 intang\u00edvel. Logo, uma crise reputacional pode facilmente levar a fal\u00eancia uma grande empresa.&nbsp;<\/p>\n\n\n\n<p>Por fim, minha intens\u00e3o destas <em>Big Ideas<\/em> 2025 <em>by <\/em>Dirlene Silva \u00e9 trazer reflex\u00f5es que demostram que o <strong>futuro da economia, das finan\u00e7as e da sustentabilidade<\/strong> depende da <strong>converg\u00eancia entre tecnologia, educa\u00e7\u00e3o e inclus\u00e3o<\/strong>.&nbsp;&nbsp;<\/p>\n\n\n\n<p>A utiliza\u00e7\u00e3o estrat\u00e9gica da intelig\u00eancia artificial, a virtualiza\u00e7\u00e3o da moeda, a expans\u00e3o da <em>open finance<\/em> e medidas como a isen\u00e7\u00e3o de imposto de renda mostram que avan\u00e7ar requer olhar para o <strong>indiv\u00edduo como centro das solu\u00e7\u00f5es<\/strong>.&nbsp;<\/p>\n\n\n\n<p>Ao mesmo tempo, <strong>a governan\u00e7a e a sustentabilidade s\u00e3o pilares fundamentais para a continuidade e o sucesso dos neg\u00f3cios.<\/strong>&nbsp;&nbsp;<\/p>\n\n\n\n<p>E, tudo isto faz parte do <strong>caminho de transforma\u00e7\u00e3o<\/strong> e, <strong>as transforma\u00e7\u00f5es necessitam de a\u00e7\u00f5es integradas<\/strong>, que <strong>combinam inova\u00e7\u00e3o, responsabilidade social e comprometimento com um futuro mais justo, inclusivo e equilibrado<\/strong>.&nbsp;<\/p>\n\n\n\n<p>Ratifico: <strong>Assim como o futuro n\u00e3o chega do nada&#8230; d\u00e1 sinais. O futuro tamb\u00e9m se constr\u00f3i agora!!<\/strong>&nbsp;<\/p>\n\n\n\n<p>Desejo que 2025 seja aben\u00e7oado e muita prosperidade!&nbsp;<\/p>\n\n\n\n<p>UBUNTU&nbsp;<\/p>\n\n\n\n<p>Obs: Artigo inspirado na publica\u00e7\u00e3o Big Ideas LinkedIn Not\u00edcias. Dispon\u00edvel em: <a href=\"https:\/\/www.linkedin.com\/news\/story\/big-ideas-2025-6470233\/\" target=\"_blank\" rel=\"noreferrer noopener\">https:\/\/www.linkedin.com\/news\/story\/big-ideas-2025-6470233\/<\/a>&nbsp;<\/p>\n\n\n\n<p><strong>Sobre mim:<\/strong>&nbsp;<\/p>\n\n\n\n<p>Sou <em>*Dirlene Silva<\/em>, a m\u00e3e da Joana, a filha da Vera e irm\u00e3 da Marcia e da Marta. Me apresento como a filha da Lixeira que ousou sonhar em estudar e ser economista. Se voc\u00ea chegou at\u00e9 aqui&#8230; te convido a assistir meu TEDx: <a href=\"https:\/\/www.youtube.com\/watch?v=bcJy8t8zDwk\" target=\"_blank\" rel=\"noreferrer noopener\">Voc\u00ea pode ter os sonhos que quiser, nossos sonhos s\u00e3o livres!<\/a>\u00a0<\/p>\n\n\n\n<p>Eu sou apaixonada pela fam\u00edlia, por gente e por sua profiss\u00e3o.&nbsp;<\/p>\n\n\n\n<p>Sou economista, Mestre em Gest\u00e3o e Neg\u00f3cios pela Universit\u00e9 de Poitiers\/Fran\u00e7a, MBA Finan\u00e7as Corporativas e Valor das Organiza\u00e7\u00f5es, MBA Gest\u00e3o de Pessoas e P\u00f3s-MBA em Intelig\u00eancia Emocional. Possuo forma\u00e7\u00f5es em Coach Financeiro, Coach Gest\u00e3o das Emo\u00e7\u00f5es e em Governan\u00e7a Corporativa pelo Instituto Conselheira 101, IBGC &#8211; (Instituto Brasileiro de Governan\u00e7a Corporativa e Board Academy.&nbsp;<\/p>\n\n\n\n<p>Atuei por mais de mais 25 anos como l\u00edder nas \u00e1reas de Finan\u00e7as e Gest\u00e3o Estrat\u00e9gica em Empresas. Sou multicarreira: Fundadora e CEO na DS Estrat\u00e9gias de Educa\u00e7\u00e3o&amp;Intelig\u00eancia.&nbsp;&nbsp;<\/p>\n\n\n\n<p>Sou multicarreira, atuando como palestrante, colunista no Portal Intelig\u00eancia Financeira, professora nas escolas de neg\u00f3cios Conquer, IBGC, Gonew, LEADedu e CNEX, consultora associada da Korn Ferry e embaixadora no Clube Mulheres de Neg\u00f3cios em L\u00edngua Portuguesa.&nbsp;<\/p>\n\n\n\n<p>Conselheira na ONG Artigo 19 e no Conselho de Desenvolvimento Econ\u00f4mico Social Sustent\u00e1vel da Presid\u00eancia da Rep\u00fablica, o qual integro a comiss\u00e3o de Assuntos econ\u00f4micos e fa\u00e7o parte do Conselho da Estrat\u00e9gia Nacional de Educa\u00e7\u00e3o Financeira. Ainda sou membro do IBGC \u2013 Instituto Brasileiro de Governan\u00e7a Corporativa, integrando as comiss\u00f5es: Diversidade e Conselhos do Futuro.&nbsp;<\/p>\n\n\n\n<p>MEUS PRINCIPAIS RECONHECIMENTOS: Linkedin Top Voices&amp;creator, eleita umas das 50 pessoas mais criativas do Brasil, segundo a Revista Wired, trof\u00e9u Business Woman pela The Norns Awards. Foi reconhecida uma das 10 Mulheres que revolucionaram o universo das finan\u00e7as pelo Banco PAN e uma das 20 maiores Influencers do LinkedIn pelo Ibest em 2023 e 2024. Integra a Comunidade Forbes BLK.&nbsp;<\/p>\n\n\n\n<p>Acesse meu site: <a href=\"https:\/\/dirlenesilva.com.br\/\" target=\"_blank\" rel=\"noreferrer noopener\">https:\/\/dirlenesilva.com.br\/<\/a> &nbsp;<\/p>\n","protected":false},"excerpt":{"rendered":"<p>Artigo de opini\u00e3o escrito pela economista Dirlene Silva* O mundo est\u00e1 passando por transforma\u00e7\u00f5es profundas, e \u00e1reas como economia, finan\u00e7as e sustentabilidade est\u00e3o no centro dessas mudan\u00e7as.&nbsp;&nbsp; Inspirada nas Big Ideas 2025 do Linkedin, o qual muitos dos temas j\u00e1<\/p>\n<p><a class=\"more-link\" href=\"https:\/\/cofecon.org.br\/cofecon\/?p=24329\">Leia Mais<\/a><\/p>\n","protected":false},"author":3,"featured_media":24330,"comment_status":"closed","ping_status":"closed","sticky":false,"template":"","format":"standard","meta":{"footnotes":""},"categories":[6],"tags":[],"class_list":["post-24329","post","type-post","status-publish","format-standard","has-post-thumbnail","hentry","category-artigo"],"_links":{"self":[{"href":"https:\/\/cofecon.org.br\/cofecon\/index.php?rest_route=\/wp\/v2\/posts\/24329"}],"collection":[{"href":"https:\/\/cofecon.org.br\/cofecon\/index.php?rest_route=\/wp\/v2\/posts"}],"about":[{"href":"https:\/\/cofecon.org.br\/cofecon\/index.php?rest_route=\/wp\/v2\/types\/post"}],"author":[{"embeddable":true,"href":"https:\/\/cofecon.org.br\/cofecon\/index.php?rest_route=\/wp\/v2\/users\/3"}],"replies":[{"embeddable":true,"href":"https:\/\/cofecon.org.br\/cofecon\/index.php?rest_route=%2Fwp%2Fv2%2Fcomments&post=24329"}],"version-history":[{"count":1,"href":"https:\/\/cofecon.org.br\/cofecon\/index.php?rest_route=\/wp\/v2\/posts\/24329\/revisions"}],"predecessor-version":[{"id":24331,"href":"https:\/\/cofecon.org.br\/cofecon\/index.php?rest_route=\/wp\/v2\/posts\/24329\/revisions\/24331"}],"wp:featuredmedia":[{"embeddable":true,"href":"https:\/\/cofecon.org.br\/cofecon\/index.php?rest_route=\/wp\/v2\/media\/24330"}],"wp:attachment":[{"href":"https:\/\/cofecon.org.br\/cofecon\/index.php?rest_route=%2Fwp%2Fv2%2Fmedia&parent=24329"}],"wp:term":[{"taxonomy":"category","embeddable":true,"href":"https:\/\/cofecon.org.br\/cofecon\/index.php?rest_route=%2Fwp%2Fv2%2Fcategories&post=24329"},{"taxonomy":"post_tag","embeddable":true,"href":"https:\/\/cofecon.org.br\/cofecon\/index.php?rest_route=%2Fwp%2Fv2%2Ftags&post=24329"}],"curies":[{"name":"wp","href":"https:\/\/api.w.org\/{rel}","templated":true}]}}