{"id":24326,"date":"2024-12-17T16:40:22","date_gmt":"2024-12-17T19:40:22","guid":{"rendered":"https:\/\/cofecon.org.br\/cofecon\/?p=24326"},"modified":"2024-12-17T16:40:23","modified_gmt":"2024-12-17T19:40:23","slug":"ex-presidente-do-corecon-mg-tania-teixeira-vai-presidir-o-cofecon","status":"publish","type":"post","link":"https:\/\/cofecon.org.br\/cofecon\/?p=24326","title":{"rendered":"Ex-presidente do Corecon-MG, Tania Teixeira, vai presidir o Cofecon"},"content":{"rendered":"\n<p><em>Com uma trajet\u00f3ria marcada por lideran\u00e7a e compromisso, ela foi presidente do Corecon-MG entre 2020 e 2022. <\/em>Mat\u00e9ria publicada originalmente no portal <a href=\"https:\/\/diariodocomercio.com.br\/variedades\/ex-presidente-corecon-mg-tania-teixeira-assume-cofecon\/?utm_source=social-share\">Di\u00e1rio do Com\u00e9rcio<\/a><\/p>\n\n\n\n<p>Foi eleita presidente do Conselho Federal de Economia (Cofecon) a ex-presidente do Conselho Regional de Economia de Minas Gerais (Corecon-MG), a conselheira federal Tania Teixeira. Ela \u00e9 a primeira mulher a ocupar a presid\u00eancia do Cofecon em mais de 70 anos de hist\u00f3ria da entidade e a elei\u00e7\u00e3o torna-se um marco para a economia brasileira. \u00c9 uma importante conquista na promo\u00e7\u00e3o da representatividade feminina em uma das mais altas posi\u00e7\u00f5es da profiss\u00e3o.<\/p>\n\n\n\n<p>Com uma trajet\u00f3ria marcada por lideran\u00e7a e compromisso, Tania Teixeira foi presidente do Corecon-MG entre 2020 e 2022. Atualmente, est\u00e1 em seu primeiro mandato como conselheira federal (2024-2026), tendo exercido fun\u00e7\u00f5es de destaque no Cofecon, como coordenadora da Comiss\u00e3o de Desenvolvimento Regional e vice-coordenadora das Comiss\u00f5es de Pol\u00edtica Econ\u00f4mica, Mulher Economista e Diversidade, Educa\u00e7\u00e3o e Responsabilidade Social e Economia Solid\u00e1ria. Al\u00e9m de sua atua\u00e7\u00e3o no sistema Cofecon\/Corecon, possui uma s\u00f3lida carreira acad\u00eamica.<\/p>\n\n\n\n<p>\u00c9 graduada em Ci\u00eancias Econ\u00f4micas pela PUC Minas, com especializa\u00e7\u00e3o em Pol\u00edticas Econ\u00f4micas pela mesma institui\u00e7\u00e3o, al\u00e9m de mestrado em Ci\u00eancia Pol\u00edtica pela UFMG e mestrado Master-DEA e doutorado em Economia Aplicada pela Universidade de Val\u00eancia, na Espanha. Como vice-presidente, Tania Teixeira ter\u00e1 ao seu lado o conselheiro federal Jo\u00e3o Manoel Gon\u00e7alves Barbosa, do Corecon-RJ.<\/p>\n","protected":false},"excerpt":{"rendered":"<p>Com uma trajet\u00f3ria marcada por lideran\u00e7a e compromisso, ela foi presidente do Corecon-MG entre 2020 e 2022. Mat\u00e9ria publicada originalmente no portal Di\u00e1rio do Com\u00e9rcio Foi eleita presidente do Conselho Federal de Economia (Cofecon) a ex-presidente do Conselho Regional de<\/p>\n<p><a class=\"more-link\" href=\"https:\/\/cofecon.org.br\/cofecon\/?p=24326\">Leia Mais<\/a><\/p>\n","protected":false},"author":3,"featured_media":24327,"comment_status":"closed","ping_status":"closed","sticky":false,"template":"","format":"standard","meta":{"footnotes":""},"categories":[2],"tags":[],"class_list":["post-24326","post","type-post","status-publish","format-standard","has-post-thumbnail","hentry","category-noticias"],"_links":{"self":[{"href":"https:\/\/cofecon.org.br\/cofecon\/index.php?rest_route=\/wp\/v2\/posts\/24326"}],"collection":[{"href":"https:\/\/cofecon.org.br\/cofecon\/index.php?rest_route=\/wp\/v2\/posts"}],"about":[{"href":"https:\/\/cofecon.org.br\/cofecon\/index.php?rest_route=\/wp\/v2\/types\/post"}],"author":[{"embeddable":true,"href":"https:\/\/cofecon.org.br\/cofecon\/index.php?rest_route=\/wp\/v2\/users\/3"}],"replies":[{"embeddable":true,"href":"https:\/\/cofecon.org.br\/cofecon\/index.php?rest_route=%2Fwp%2Fv2%2Fcomments&post=24326"}],"version-history":[{"count":1,"href":"https:\/\/cofecon.org.br\/cofecon\/index.php?rest_route=\/wp\/v2\/posts\/24326\/revisions"}],"predecessor-version":[{"id":24328,"href":"https:\/\/cofecon.org.br\/cofecon\/index.php?rest_route=\/wp\/v2\/posts\/24326\/revisions\/24328"}],"wp:featuredmedia":[{"embeddable":true,"href":"https:\/\/cofecon.org.br\/cofecon\/index.php?rest_route=\/wp\/v2\/media\/24327"}],"wp:attachment":[{"href":"https:\/\/cofecon.org.br\/cofecon\/index.php?rest_route=%2Fwp%2Fv2%2Fmedia&parent=24326"}],"wp:term":[{"taxonomy":"category","embeddable":true,"href":"https:\/\/cofecon.org.br\/cofecon\/index.php?rest_route=%2Fwp%2Fv2%2Fcategories&post=24326"},{"taxonomy":"post_tag","embeddable":true,"href":"https:\/\/cofecon.org.br\/cofecon\/index.php?rest_route=%2Fwp%2Fv2%2Ftags&post=24326"}],"curies":[{"name":"wp","href":"https:\/\/api.w.org\/{rel}","templated":true}]}}