{"id":2398,"date":"2017-07-26T16:16:36","date_gmt":"2017-07-26T19:16:36","guid":{"rendered":"http:\/\/www.cofecon.org.br\/?p=2398"},"modified":"2017-07-26T16:16:36","modified_gmt":"2017-07-26T19:16:36","slug":"congresso-brasileiro-de-economia-ultima-semana-para-inscricoes-promocionais","status":"publish","type":"post","link":"https:\/\/cofecon.org.br\/cofecon\/?p=2398","title":{"rendered":"Congresso Brasileiro de Economia: \u00faltima semana para inscri\u00e7\u00f5es promocionais"},"content":{"rendered":"<p style=\"text-align: justify;\"><img loading=\"lazy\" decoding=\"async\" class=\"size-medium wp-image-2399 alignleft\" src=\"http:\/\/www.cofecon.org.br\/wp-content\/uploads\/2017\/07\/INSCRIC\u0327O\u0303ES_CBE_POST-300x214.jpg\" alt=\"\" width=\"300\" height=\"214\" srcset=\"https:\/\/cofecon.org.br\/cofecon\/wp-content\/uploads\/2017\/07\/INSCRIC\u0327O\u0303ES_CBE_POST-300x214.jpg 300w, https:\/\/cofecon.org.br\/cofecon\/wp-content\/uploads\/2017\/07\/INSCRIC\u0327O\u0303ES_CBE_POST.jpg 350w\" sizes=\"(max-width: 300px) 100vw, 300px\" \/>Ap\u00f3s 30 anos, Belo Horizonte volta a ser palco do maior encontro de economia do pa\u00eds. Entre os dias 06 e 08 de setembro, o Centro Mineiro de Promo\u00e7\u00f5es Israel Pinheiro &#8211; Minascentro ir\u00e1 receber o 22\u00b0 Congresso Brasileiro de Economia (CBE). Com o tema \u201cDesenvolvimento Econ\u00f4mico, Justi\u00e7a Social e Democracia: Bases para um Brasil Contempor\u00e2neo\u201d, esta edi\u00e7\u00e3o debater\u00e1 os principais aspectos que afetam a economia mundial, bem como os novos rumos e as condi\u00e7\u00f5es para uma poss\u00edvel retomada de crescimento no pa\u00eds. \u201cVamos debater sobre os atuais acontecimentos no mundo e no pa\u00eds e os seus impactos no futuro, num ambiente pluralista e democr\u00e1tico. Essa edi\u00e7\u00e3o do CBE n\u00e3o poderia acontecer em melhor momento. Ser\u00e1 hist\u00f3rica e de uma import\u00e2ncia imensur\u00e1vel para o pa\u00eds, que ter\u00e1 elei\u00e7\u00f5es presidenciais em 2018\u201d, diz Paulo Roberto Bretas, presidente do Conselho Regional de Economia de Minas Gerais (Corecon-MG).<\/p>\n<p style=\"text-align: justify;\">As inscri\u00e7\u00f5es 22\u00b0 Congresso de Economia Brasileiro est\u00e3o abertas e podem ser feitas pelo site <a href=\"http:\/\/cbe2017.com.br\">http:\/\/cbe2017.com.br<\/a> at\u00e9 a data do evento. Os inscritos at\u00e9 o dia 30 de julho ter\u00e3o desconto.<\/p>\n<p style=\"text-align: justify;\">Os temas das discuss\u00f5es est\u00e3o focados nos mais diversos segmentos da economia e uma programa\u00e7\u00e3o especial foi desenvolvida para os estudantes. Durante tr\u00eas dias ser\u00e3o realizadas 25 mesas, com as presen\u00e7as de mais de 100 palestrantes de renome, como o ministro Henrique Meirelles, al\u00e9m de minicursos e premia\u00e7\u00f5es de trabalhos cient\u00edficos e resenhas. Refor\u00e7ando o prest\u00edgio do CBE, que j\u00e1 tem mais de 40 anos de hist\u00f3ria, nomes como Denise Gentil, Luis Nassif, Paulo Haddad, Paulo de Tarso Almeida Paiva, Ot\u00e1vio Dulci, M\u00e1rcio Pochmann, Gesner Oliveira, Luis Carlos Mendon\u00e7a de Barros, Luiz Gonzaga Belluzzo, Marco Aur\u00e9lio Crocco tamb\u00e9m est\u00e3o entre os palestrantes. Ainda participar\u00e3o do evento especialistas internacionais, como o argentino Roberto Frenkel, professor honor\u00e1rio da Universidade de Buenos Aires, e o economista norte-americano Jan Kregel, diretor no programa de Mestrado em Teoria Econ\u00f4mica no Levy Economics Institute, dos EUA.<\/p>\n<p style=\"text-align: justify;\">\u201cA realiza\u00e7\u00e3o do Congresso Brasileiro de Economia neste ano ser\u00e1 essencial para que a categoria dos economistas se posicione em rela\u00e7\u00e3o \u00e0 grave crise de natureza pol\u00edtica e econ\u00f4mica pela qual passa o pa\u00eds\u201d, afirma o presidente do Conselho Federal de Economia (Cofecon), J\u00falio Miragaya. \u201cAo final do encontro, ser\u00e1 divulgada a Carta de Belo Horizonte, que expressar\u00e1 o pensamento da categoria como um todo\u201d, finaliza.<\/p>\n<p style=\"text-align: justify;\">O 22\u00b0 Congresso Brasileiro de Economia \u00e9 uma realiza\u00e7\u00e3o do Conselho Regional de Economia de Minas Gerais (Corecon-MG) e do Conselho Federal de Economia (Cofecon).<\/p>\n<p style=\"text-align: justify;\">\u00a0<\/p>\n<p style=\"text-align: justify;\"><strong>SERVI\u00c7O<\/strong><\/p>\n<p style=\"text-align: justify;\">22\u00b0 Congresso Brasileiro de Economia<\/p>\n<p style=\"text-align: justify;\">Data: de 6 a 8 de setembro<\/p>\n<p style=\"text-align: justify;\">Local: Minascentro &#8211; Avenida Augusto de Lima, 785 &#8211; Centro \u2013 Belo Horizonte, MG<\/p>\n<p style=\"text-align: justify;\">Inscri\u00e7\u00f5es pelo site <a href=\"http:\/\/cbe2017.com.br\">http:\/\/cbe2017.com.br<\/a>, at\u00e9 a data do evento (descontos para inscritos at\u00e9 31 de julho)<\/p>\n<p style=\"text-align: justify;\">Informa\u00e7\u00f5es: (31) 3261-5806 \/ <a href=\"mailto:contato@cbe2017.com.br\">contato@cbe2017.com.br<\/a> \/ <a href=\"http:\/\/www.cbe2017.com.br\">http:\/\/www.cbe2017.com.br<\/a><\/p>\n<p>&nbsp;<\/p>\n","protected":false},"excerpt":{"rendered":"<p>Ap\u00f3s 30 anos, Belo Horizonte volta a ser palco do maior encontro de economia do pa\u00eds. Entre os dias 06 e 08 de setembro, o Centro Mineiro de Promo\u00e7\u00f5es Israel Pinheiro &#8211; Minascentro ir\u00e1 receber o 22\u00b0 Congresso Brasileiro de<\/p>\n<p><a class=\"more-link\" href=\"https:\/\/cofecon.org.br\/cofecon\/?p=2398\">Leia Mais<\/a><\/p>\n","protected":false},"author":1,"featured_media":2399,"comment_status":"open","ping_status":"open","sticky":false,"template":"","format":"standard","meta":{"footnotes":""},"categories":[2],"tags":[],"class_list":["post-2398","post","type-post","status-publish","format-standard","has-post-thumbnail","hentry","category-noticias"],"_links":{"self":[{"href":"https:\/\/cofecon.org.br\/cofecon\/index.php?rest_route=\/wp\/v2\/posts\/2398"}],"collection":[{"href":"https:\/\/cofecon.org.br\/cofecon\/index.php?rest_route=\/wp\/v2\/posts"}],"about":[{"href":"https:\/\/cofecon.org.br\/cofecon\/index.php?rest_route=\/wp\/v2\/types\/post"}],"author":[{"embeddable":true,"href":"https:\/\/cofecon.org.br\/cofecon\/index.php?rest_route=\/wp\/v2\/users\/1"}],"replies":[{"embeddable":true,"href":"https:\/\/cofecon.org.br\/cofecon\/index.php?rest_route=%2Fwp%2Fv2%2Fcomments&post=2398"}],"version-history":[{"count":0,"href":"https:\/\/cofecon.org.br\/cofecon\/index.php?rest_route=\/wp\/v2\/posts\/2398\/revisions"}],"wp:featuredmedia":[{"embeddable":true,"href":"https:\/\/cofecon.org.br\/cofecon\/index.php?rest_route=\/wp\/v2\/media\/2399"}],"wp:attachment":[{"href":"https:\/\/cofecon.org.br\/cofecon\/index.php?rest_route=%2Fwp%2Fv2%2Fmedia&parent=2398"}],"wp:term":[{"taxonomy":"category","embeddable":true,"href":"https:\/\/cofecon.org.br\/cofecon\/index.php?rest_route=%2Fwp%2Fv2%2Fcategories&post=2398"},{"taxonomy":"post_tag","embeddable":true,"href":"https:\/\/cofecon.org.br\/cofecon\/index.php?rest_route=%2Fwp%2Fv2%2Ftags&post=2398"}],"curies":[{"name":"wp","href":"https:\/\/api.w.org\/{rel}","templated":true}]}}