{"id":23586,"date":"2024-09-19T17:48:31","date_gmt":"2024-09-19T20:48:31","guid":{"rendered":"https:\/\/www.cofecon.org.br\/?p=23586"},"modified":"2024-09-19T17:48:31","modified_gmt":"2024-09-19T20:48:31","slug":"lacerda-pressao-por-elevacao-dos-juros-carece-de-fundamentos","status":"publish","type":"post","link":"https:\/\/cofecon.org.br\/cofecon\/?p=23586","title":{"rendered":"Lacerda: \u201cPress\u00e3o por eleva\u00e7\u00e3o dos juros carece de fundamentos\u201d"},"content":{"rendered":"<p><em>Economista falou ao Correio Braziliense em mat\u00e9ria publicada na \u00faltima segunda-feira (16). Nesta quarta (18) o Banco Central subiu a taxa de juros para 10,75%<\/em><\/p>\n<p><img loading=\"lazy\" decoding=\"async\" class=\"wp-image-23594 alignleft\" src=\"http:\/\/cofecon.org.br\/cofecon\/wp-content\/uploads\/2024\/09\/capa-site-modelo-300x215.png\" alt=\"\" width=\"487\" height=\"349\" srcset=\"https:\/\/cofecon.org.br\/cofecon\/wp-content\/uploads\/2024\/09\/capa-site-modelo-300x215.png 300w, https:\/\/cofecon.org.br\/cofecon\/wp-content\/uploads\/2024\/09\/capa-site-modelo-768x550.png 768w, https:\/\/cofecon.org.br\/cofecon\/wp-content\/uploads\/2024\/09\/capa-site-modelo.png 782w\" sizes=\"(max-width: 487px) 100vw, 487px\" \/>O conselheiro federal Antonio Corr\u00eaa de Lacerda falou ao jornal Correio Braziliense sobre a pol\u00edtica monet\u00e1ria em curso no Brasil. Em entrevista publicada na \u00faltima segunda-feira (16), o economista comentou a expectativa de alta nos juros (que acabou se confirmando nesta quarta-feira) e seus efeitos sobre a economia.<\/p>\n<p>\u201cJuro mais elevado ainda vai prejudicar o crescimento econ\u00f4mico, aumentar o custo de rolagem da d\u00edvida p\u00fablica e provocar valoriza\u00e7\u00e3o artificial da taxa de c\u00e2mbio, o que desfavorece a retomada industrial e as exporta\u00e7\u00f5es de manufaturados\u201d, afirmou o economista ao jornal.<\/p>\n<p>Questionado se o Banco Central havia antecipado a queda dos juros e agora estaria antecipando a alta, o economista argumentou que n\u00e3o. \u201cN\u00e3o vejo que o BCB tenha antecipado a queda da taxa de juros, mas seguido a tend\u00eancia da infla\u00e7\u00e3o em queda. Tanto \u00e9 que o juro real (Selic x expectativa de infla\u00e7\u00e3o para os pr\u00f3ximos 12 meses) permaneceu sempre acima de 6% ao ano, uma das mais elevadas do mundo\u201d, comentou Lacerda. \u201cA press\u00e3o por eleva\u00e7\u00e3o dos juros, agora, carece de fundamentos. As press\u00f5es decorrentes da crise clim\u00e1tica e outras n\u00e3o s\u00e3o de demanda. Al\u00e9m disso, h\u00e1 uma clara perspectiva de queda do juro norte-americano. Ali\u00e1s, o Banco Central j\u00e1 cometeu este mesmo erro entre o fim de 2008 e o in\u00edcio de 2009, quando o mundo diminu\u00eda juros com a crise do subprime e o Brasil os aumentava, importando, com isso, uma crise maior do que seria com juros ajustados\u201d.<\/p>\n<p>A pol\u00edtica fiscal tamb\u00e9m foi abordada pelo conselheiro federal. \u201cN\u00e3o julgo a pol\u00edtica fiscal expansionista, mas fomentadora da atividade econ\u00f4mica. Os riscos de eventual desequil\u00edbrio entre oferta e demanda est\u00e3o amenizados pela recente eleva\u00e7\u00e3o dos investimentos, a forma\u00e7\u00e3o bruta de capital fixo. Uma eventual alta dos juros tamb\u00e9m abortaria este t\u00eanue movimento de eleva\u00e7\u00e3o de investimentos\u201d.<\/p>\n","protected":false},"excerpt":{"rendered":"<p>Economista falou ao Correio Braziliense em mat\u00e9ria publicada na \u00faltima segunda-feira (16). Nesta quarta (18) o Banco Central subiu a taxa de juros para 10,75% O conselheiro federal Antonio Corr\u00eaa de Lacerda falou ao jornal Correio Braziliense sobre a pol\u00edtica<\/p>\n<p><a class=\"more-link\" href=\"https:\/\/cofecon.org.br\/cofecon\/?p=23586\">Leia Mais<\/a><\/p>\n","protected":false},"author":1,"featured_media":23593,"comment_status":"closed","ping_status":"closed","sticky":false,"template":"","format":"standard","meta":{"footnotes":""},"categories":[2],"tags":[],"class_list":["post-23586","post","type-post","status-publish","format-standard","has-post-thumbnail","hentry","category-noticias"],"_links":{"self":[{"href":"https:\/\/cofecon.org.br\/cofecon\/index.php?rest_route=\/wp\/v2\/posts\/23586"}],"collection":[{"href":"https:\/\/cofecon.org.br\/cofecon\/index.php?rest_route=\/wp\/v2\/posts"}],"about":[{"href":"https:\/\/cofecon.org.br\/cofecon\/index.php?rest_route=\/wp\/v2\/types\/post"}],"author":[{"embeddable":true,"href":"https:\/\/cofecon.org.br\/cofecon\/index.php?rest_route=\/wp\/v2\/users\/1"}],"replies":[{"embeddable":true,"href":"https:\/\/cofecon.org.br\/cofecon\/index.php?rest_route=%2Fwp%2Fv2%2Fcomments&post=23586"}],"version-history":[{"count":0,"href":"https:\/\/cofecon.org.br\/cofecon\/index.php?rest_route=\/wp\/v2\/posts\/23586\/revisions"}],"wp:featuredmedia":[{"embeddable":true,"href":"https:\/\/cofecon.org.br\/cofecon\/index.php?rest_route=\/wp\/v2\/media\/23593"}],"wp:attachment":[{"href":"https:\/\/cofecon.org.br\/cofecon\/index.php?rest_route=%2Fwp%2Fv2%2Fmedia&parent=23586"}],"wp:term":[{"taxonomy":"category","embeddable":true,"href":"https:\/\/cofecon.org.br\/cofecon\/index.php?rest_route=%2Fwp%2Fv2%2Fcategories&post=23586"},{"taxonomy":"post_tag","embeddable":true,"href":"https:\/\/cofecon.org.br\/cofecon\/index.php?rest_route=%2Fwp%2Fv2%2Ftags&post=23586"}],"curies":[{"name":"wp","href":"https:\/\/api.w.org\/{rel}","templated":true}]}}