{"id":23584,"date":"2024-09-19T17:47:57","date_gmt":"2024-09-19T20:47:57","guid":{"rendered":"https:\/\/www.cofecon.org.br\/?p=23584"},"modified":"2024-09-19T17:47:57","modified_gmt":"2024-09-19T20:47:57","slug":"conselheiro-comenta-alta-dos-juros-visao-equivocada-de-crescimento-acima-do-potencial","status":"publish","type":"post","link":"https:\/\/cofecon.org.br\/cofecon\/?p=23584","title":{"rendered":"Conselheiro comenta alta dos juros: vis\u00e3o equivocada de crescimento acima do potencial"},"content":{"rendered":"<p><em>Conselheiro federal falou em mat\u00e9ria publicada nesta quarta-feira (18) pela CNN Brasil, antes do Copom anunciar a eleva\u00e7\u00e3o dos juros para 10,75%<\/em><\/p>\n<p>O conselheiro federal Antonio Corr\u00eaa de Lacerda falou \u00e0 CNN Brasil, em mat\u00e9ria publicada nesta quarta-feira (18) sobre a possibilidade de eleva\u00e7\u00e3o da taxa b\u00e1sica de juros pelo Comit\u00ea de Pol\u00edtica Monet\u00e1ria do Banco Central (Copom). A publica\u00e7\u00e3o se deu antes da reuni\u00e3o do colegiado, que efetivamente confirmou a subida dos juros para 10,75% ao ano.<\/p>\n<p>\u201cO uso distorcido do regime de metas de infla\u00e7\u00e3o, a indexa\u00e7\u00e3o da economia e a press\u00e3o do mercado financeiro [nos levaram a este momento de juros altos]\u201d, afirmou Lacerda \u00e0 CNN. \u201cH\u00e1 uma vis\u00e3o equivocada de que a economia est\u00e1 crescendo acima do potencial, o que geraria press\u00f5es inflacion\u00e1rias. Na verdade, sa\u00edmos de uma situa\u00e7\u00e3o de capacidade ociosa. Pelo segundo ano consecutivo a economia deve crescer 3%, mas os riscos est\u00e3o cobertos pela recente eleva\u00e7\u00e3o do investimento\u201d.<\/p>\n<p>A mat\u00e9ria com a participa\u00e7\u00e3o do conselheiro federal pode ser lida clicando <a href=\"https:\/\/www.cnnbrasil.com.br\/economia\/macroeconomia\/nova-alta-dos-juros-e-discutida-por-pressao-do-mercado-financeiro-dizem-economistas\/?hidemenu=true\">AQUI<\/a>.<\/p>\n","protected":false},"excerpt":{"rendered":"<p>Conselheiro federal falou em mat\u00e9ria publicada nesta quarta-feira (18) pela CNN Brasil, antes do Copom anunciar a eleva\u00e7\u00e3o dos juros para 10,75% O conselheiro federal Antonio Corr\u00eaa de Lacerda falou \u00e0 CNN Brasil, em mat\u00e9ria publicada nesta quarta-feira (18) sobre<\/p>\n<p><a class=\"more-link\" href=\"https:\/\/cofecon.org.br\/cofecon\/?p=23584\">Leia Mais<\/a><\/p>\n","protected":false},"author":1,"featured_media":23596,"comment_status":"closed","ping_status":"closed","sticky":false,"template":"","format":"standard","meta":{"footnotes":""},"categories":[2],"tags":[],"class_list":["post-23584","post","type-post","status-publish","format-standard","has-post-thumbnail","hentry","category-noticias"],"_links":{"self":[{"href":"https:\/\/cofecon.org.br\/cofecon\/index.php?rest_route=\/wp\/v2\/posts\/23584"}],"collection":[{"href":"https:\/\/cofecon.org.br\/cofecon\/index.php?rest_route=\/wp\/v2\/posts"}],"about":[{"href":"https:\/\/cofecon.org.br\/cofecon\/index.php?rest_route=\/wp\/v2\/types\/post"}],"author":[{"embeddable":true,"href":"https:\/\/cofecon.org.br\/cofecon\/index.php?rest_route=\/wp\/v2\/users\/1"}],"replies":[{"embeddable":true,"href":"https:\/\/cofecon.org.br\/cofecon\/index.php?rest_route=%2Fwp%2Fv2%2Fcomments&post=23584"}],"version-history":[{"count":0,"href":"https:\/\/cofecon.org.br\/cofecon\/index.php?rest_route=\/wp\/v2\/posts\/23584\/revisions"}],"wp:featuredmedia":[{"embeddable":true,"href":"https:\/\/cofecon.org.br\/cofecon\/index.php?rest_route=\/wp\/v2\/media\/23596"}],"wp:attachment":[{"href":"https:\/\/cofecon.org.br\/cofecon\/index.php?rest_route=%2Fwp%2Fv2%2Fmedia&parent=23584"}],"wp:term":[{"taxonomy":"category","embeddable":true,"href":"https:\/\/cofecon.org.br\/cofecon\/index.php?rest_route=%2Fwp%2Fv2%2Fcategories&post=23584"},{"taxonomy":"post_tag","embeddable":true,"href":"https:\/\/cofecon.org.br\/cofecon\/index.php?rest_route=%2Fwp%2Fv2%2Ftags&post=23584"}],"curies":[{"name":"wp","href":"https:\/\/api.w.org\/{rel}","templated":true}]}}