{"id":23580,"date":"2024-09-19T16:55:26","date_gmt":"2024-09-19T19:55:26","guid":{"rendered":"https:\/\/www.cofecon.org.br\/?p=23580"},"modified":"2024-09-19T16:55:26","modified_gmt":"2024-09-19T19:55:26","slug":"com-presenca-do-ministro-wellington-dias-xiv-eneoeste-teve-inicio-em-brasilia","status":"publish","type":"post","link":"https:\/\/cofecon.org.br\/cofecon\/?p=23580","title":{"rendered":"Com presen\u00e7a do ministro Wellington Dias, XIV Eneoeste teve in\u00edcio em Bras\u00edlia"},"content":{"rendered":"<p><em>Abertura do evento foi realizada no audit\u00f3rio da C\u00e2mara Legislativa do Distrito Federal. Clique <a href=\"https:\/\/flic.kr\/s\/aHBqjBJ6HG\">AQUI<\/a> para ver as fotos do evento<\/em><\/p>\n<p>O audit\u00f3rio da C\u00e2mara Legislativa do Distrito Federal recebeu nesta ter\u00e7a-feira (17) a solenidade de abertura do XIV Encontro de Economistas do Centro-Oeste (Eneoeste). O evento, neste ano, tem como tema \u201cConstruindo pontes para o desenvolvimento sustent\u00e1vel: desafios e oportunidades para a regi\u00e3o Centro-Oeste\u201d. Confira <a href=\"https:\/\/flic.kr\/s\/aHBqjBJ6HG\">AQUI<\/a> as fotos do evento.<\/p>\n<p>\u201cEste \u00e9 um momento privilegiado de reflex\u00e3o, fortalecimento de redes de coopera\u00e7\u00e3o e trocas de experi\u00eancia reunindo estudantes e entusiastas da \u00e1rea econ\u00f4mica\u201d, expressou a presidente do Corecon-DF, Luciana Acioly. \u201cNosso objetivo \u00e9 promover um debate qualificado sobre o desenvolvimento econ\u00f4mico e temos claramente uma prefer\u00eancia por fazer as discuss\u00f5es com o enquadramento mais abrangente, que s\u00e3o as regi\u00f5es do Brasil. Espero que possamos promover o interc\u00e2mbio de ideias e experi\u00eancias, com redes de debates, neg\u00f3cios e estudos, explorando todas as possibilidades que um encontro assim pode trazer\u201d.<\/p>\n<p>O coordenador da Comiss\u00e3o de Pol\u00edtica Econ\u00f4mica e vice-coordenador da Comiss\u00e3o de Desenvolvimento Regional do Cofecon, Heric Santos Hosso\u00e9, falou sobre tr\u00eas pilares do desenvolvimento sustent\u00e1vel: o econ\u00f4mico, o ambiental e a justi\u00e7a social. \u201cNos dias atuais h\u00e1 grandes desafios e tenho certeza de que este espa\u00e7o ser\u00e1 de muito debate e troca de ideias\u201d, comentou. \u201cO Cofecon se sente muito feliz em ser parceiro desta iniciativa. A Comiss\u00e3o de Desenvolvimento Regional busca fortalecer estes encontros, com a finalidade de desenvolver a\u00e7\u00f5es que contribuam com o futuro do nosso Pa\u00eds\u201d.<\/p>\n<p>O presidente do Cofecon, Paulo Dantas da Costa, enviou uma sauda\u00e7\u00e3o em v\u00eddeo exibido na solenidade. \u201cOs encontros desta natureza t\u00eam sido positivos, tanto no sentido de contribuir com a quest\u00e3o essencialmente econ\u00f4mica como tamb\u00e9m no que diz respeito aos interesses propriamente ditos das entidades que comp\u00f5em esta regi\u00e3o\u201d, mencionou. \u201cO encontro em Bras\u00edlia est\u00e1 revestido da maior import\u00e2ncia, dada a conjuntura atual pela qual passamos. Desejo um bom evento na certeza de que haver\u00e1 um produto final qualificado\u201d.<\/p>\n<p><strong>Ministro Wellington Dias e Corecon-DF assinam protocolo<\/strong><\/p>\n<p>A noite tamb\u00e9m foi marcada pela assinatura de um protocolo de inten\u00e7\u00f5es entre o Conselho Regional de Economia do Distrito Federal e o Minist\u00e9rio do Desenvolvimento e Assist\u00eancia Social, Fam\u00edlia e Combate \u00e0 Fome. O acordo busca \u201co estabelecimento de mecanismos de coopera\u00e7\u00e3o a fim de promover inclus\u00e3o socioecon\u00f4mica e redu\u00e7\u00e3o de pobreza de pessoas inscritas no Cadastro \u00danico por meio da oferta de a\u00e7\u00f5es de apoio \u00e0 qualifica\u00e7\u00e3o profissional e inser\u00e7\u00e3o no mundo do trabalho e incentivo ao empreendedorismo\u201d.<\/p>\n<p>Ap\u00f3s elogiar a pauta do evento, Dias ressaltou a import\u00e2ncia da parceria. \u201cO Brasil tem in\u00fameros desafios, alguns deles gigantescos. N\u00e3o s\u00e3o s\u00f3 problemas do governo, mas da sociedade\u201d, afirmou. Ele mencionou que o Cadastro \u00danico tem 95 milh\u00f5es de pessoas, e que 55 milh\u00f5es s\u00e3o atendidas pelo Bolsa-Fam\u00edlia. \u201cDito assim parece bonito, mas s\u00e3o pessoas em situa\u00e7\u00e3o de vulnerabilidade\u201d.<\/p>\n<p>Dentro do Cadastro \u00danico, s\u00e3o 56 milh\u00f5es de pessoas que poderiam ser parte da popula\u00e7\u00e3o economicamente ativa, e 10% delas t\u00eam curso superior. \u201cEstamos falando de um tesouro do Brasil: pessoas que t\u00eam talento para diversas \u00e1reas\u201d, apontou. Ele tamb\u00e9m abordou um trabalho conjunto feito com empresas parceiras a fim de gerar empregos para pessoas inscritas no Cad\u00danico. \u201cAprendi, como governador do Piau\u00ed, que muitas vezes contratamos cursos de capacita\u00e7\u00e3o e, ao conversar com os empreendedores, \u00e9 preciso formar tudo de novo. Ent\u00e3o, gosto de fazer essa forma\u00e7\u00e3o com os demandantes. Os supermercadistas j\u00e1 contrataram desde o ano passado 21 mil pessoas do Bolsa-Fam\u00edlia no Brasil todo\u201d.<\/p>\n<p>Um problema verificado no contexto do programa social era o crescimento da informalidade. \u201cA regra estabelecia que, ao assinar a carteira, ou abrir um CNPJ de microempreendedor individual, a pessoa perderia o benef\u00edcio. Se o objetivo era tirar da pobreza, o fato de trabalhar n\u00e3o significava que saiu dela\u201d, analisou o ministro. \u201cAlteramos a regra para estas pessoas, criando uma faixa de renda intermedi\u00e1ria, em que \u00e9 poss\u00edvel acumular o sal\u00e1rio ou a renda do neg\u00f3cio com o benef\u00edcio do Bolsa-Fam\u00edlia. Tamb\u00e9m atendemos aos que tinham empregos tempor\u00e1rios e passamos a computar a m\u00e9dia de 12 meses em vez de observar apenas um m\u00eas em que o ganho esteve acima da renda estabelecida no programa\u201d.<\/p>\n<p>O ministro trouxe o dado de que 9 milh\u00f5es de brasileiros do Cad\u00danico celebraram um contrato de trabalho no ano passado, e que at\u00e9 julho deste ano foram 5,5 milh\u00f5es. Ele mencionou tamb\u00e9m o programa Acredita no Primeiro Passo, que oferece cr\u00e9dito a empreendedores que fazem parte do Cadastro. \u201cCalibramos as taxas de juros, que variam de 0 a 8,7% ao ano e em prazos adequados, com assist\u00eancia t\u00e9cnica e o Fundo Garantidor\u201d, informou, trazendo o dado de que 4,6 milh\u00f5es de pessoas dentro deste universo possuem CNPJ. \u201cEstamos propondo um protocolo. De um lado, para poder organizar qualifica\u00e7\u00e3o, e por outro, estrutura\u00e7\u00e3o de neg\u00f3cios para este p\u00fablico. Este Conselho, com pessoas que est\u00e3o em v\u00e1rias atividades, pode ajudar o Brasil. Vamos tirar o Pa\u00eds do mapa da fome. Este casamento da integra\u00e7\u00e3o social com o econ\u00f4mico dar\u00e1 bons resultados, e estendo a m\u00e3o para que possamos trabalhar juntos\u201d.<\/p>\n<p><strong>Demais integrantes da mesa de abertura<\/strong><\/p>\n<p>Jo\u00e3o Batista Moreira, presidente do Tribunal Regional Federal da Primeira Regi\u00e3o, recordou o momento em que a presidente do Corecon-DF, Luciana Acioly o convidou para realizar uma palestra sobre per\u00edcia econ\u00f4mico-financeira auxiliando no processo decis\u00f3rio. \u201cNaquela ocasi\u00e3o pedi para esperar um pouco mais e, num futuro, aceitar o convite para fazer uma palestra realmente t\u00e9cnica\u201d, comentou. \u201cUma das a\u00e7\u00f5es mais rumorosas neste caso foi a do setor sucroalcooleiro, que envolvia mais de 100 bilh\u00f5es de reais\u201d, contou o juiz, lembrando que, ap\u00f3s comentar o assunto, Luciana disponibilizou a ele uma recente decis\u00e3o do STF sobre o caso. \u201cFoi necess\u00e1ria per\u00edcia cont\u00e1bil e econ\u00f4mica, porque o tema \u00e9 justamente este. A decis\u00e3o que foi at\u00e9 a \u00faltima inst\u00e2ncia era se o dano alegado era cont\u00e1bil ou econ\u00f4mico\u201d.<\/p>\n<p>Agaciel Maia, secret\u00e1rio de Rela\u00e7\u00f5es Institucionais do Distrito Federal, falou de uma lei distrital de sua autoria estabelecendo que nenhuma proposi\u00e7\u00e3o legislativa do Poder Executivo seja encaminhada sem o impacto financeiro detalhado por um economista. \u201cJ\u00e1 faz alguns anos que n\u00e3o se fala em desequil\u00edbrio econ\u00f4mico no or\u00e7amento do Distrito Federal. Meu grande sonho \u00e9 que esta legisla\u00e7\u00e3o um dia seja nacional\u201d, pontuou. \u201cH\u00e1 um papel muito importante para o economista na \u00e1rea privada e no mercado financeiro, mas precisamos fortalecer sua fun\u00e7\u00e3o dentro do setor p\u00fablico. Neste sentido, o papel do Corecon, aproximando-se dos segmentos da infraestrutura e agricultura, \u00e9 muito importante\u201d.<\/p>\n<p>Rafael Bueno, secret\u00e1rio de Agricultura do Distrito Federal, comentou que uma peculiaridade da agricultura na unidade federativa \u00e9 o tamanho diminuto. \u201cEste desafio leva o produtor do DF a buscar mais tecnologia, refletindo em recordes de produtividade e no investimento em sementes b\u00e1sicas, que t\u00eam valor agregado maior\u201d, afirmou. \u201cTemos a vantagem da log\u00edstica, n\u00e3o s\u00f3 para exporta\u00e7\u00e3o, mas tamb\u00e9m para abastecer o mercado interno. O grande desafio do governo \u00e9 dar infraestrutura ao produtor local\u201d.<\/p>\n<p>O subsecret\u00e1rio de Turismo do Distrito Federal, Franklin Martins, trouxe v\u00e1rios n\u00fameros do setor. \u201cO Distrito Federal recebeu neste ano 25 mil turistas estrangeiros, um aumento de 33,4% em rela\u00e7\u00e3o ao mesmo per\u00edodo do ano passado. Este avan\u00e7o \u00e9 fruto de medidas estrat\u00e9gicas que adotamos, como a redu\u00e7\u00e3o do ICMS sobre o querosene, barateando os voos e as passagens\u201d, explicou. \u201cO desafio vai al\u00e9m de atrair visitantes. Precisamos oferecer motivos para que eles permane\u00e7am aqui e desejem voltar. Neste sentido, estamos trabalhando com toda a rede de turismo na cria\u00e7\u00e3o de novas rotas e apoiando a realiza\u00e7\u00e3o de grandes eventos\u201d.<\/p>\n<p>Paulo Oct\u00e1vio Alves Pereira, diretor da empresa que leva seu nome, expressou sua admira\u00e7\u00e3o pelos economistas. \u201cForam os economistas que acompanharam JK que fizeram Bras\u00edlia, deram incentivo a ele e ajudaram a arrumar o recurso para a nossa cidade e fazer aquele grande projeto que foram os 50 anos em 5, que mudou a cara do Brasil. Foram os economistas que ajudaram Fernando Henrique a consolidar o Plano Real\u201d, disse. \u201cPortanto, a fun\u00e7\u00e3o dos economistas no planejamento, no futuro do melhor pa\u00eds do mundo, e sempre digo que o Brasil \u00e9 o melhor pa\u00eds do mundo, \u00e9 muito importante\u201d.<\/p>\n<p>Rog\u00e9rio Ara\u00fajo, gerente de fomento \u00e0s estrat\u00e9gias ASG da Associa\u00e7\u00e3o Brasileira de Desenvolvimento Industrial, observou que desde 2004 a institui\u00e7\u00e3o vem sendo uma das respons\u00e1veis pela pol\u00edtica industrial brasileira. \u201cEstamos passando por um processo de mudan\u00e7a clim\u00e1tica que coloca limita\u00e7\u00f5es para quem n\u00e3o se adaptar ou n\u00e3o buscar a inova\u00e7\u00e3o como sa\u00edda. Vimos trag\u00e9dias como as enchentes no Rio Grande do Sul ou as queimadas\u201d, analisou. \u201cTemos a oportunidade \u00edmpar de colocar qualidade no crescimento econ\u00f4mico brasileiro nos pr\u00f3ximos anos, seja na distribui\u00e7\u00e3o de renda, seja na gera\u00e7\u00e3o de valor agregado. N\u00e3o basta exportar soja e algod\u00e3o, \u00e9 preciso ter toda uma cadeia produtiva\u201d.<\/p>\n<p>Luciana Barros, Superintendente da Sudeco, explicou as fun\u00e7\u00f5es da autarquia, que \u00e9 vinculada ao Minist\u00e9rio da Integra\u00e7\u00e3o e Desenvolvimento Regional. \u201cTemos fontes de financiamento com o Fundo Constitucional de Financiamento do Centro-Oeste (FCO), que existe h\u00e1 mais de trinta anos trazendo desenvolvimento com foco na gera\u00e7\u00e3o de emprego e renda. Mas isso s\u00f3 foi poss\u00edvel porque a constru\u00e7\u00e3o de pol\u00edticas p\u00fablicas \u00e9 feita escutando o setor produtivo\u201d, argumentou. \u201cE como se faz isso? Com o papel dos economistas. Voc\u00eas executam os projetos. Esse term\u00f4metro \u00e9 feito por voc\u00eas\u201d. Ela tamb\u00e9m mencionou problemas como a alta concentra\u00e7\u00e3o de renda na regi\u00e3o e o fato de grande parte dos recursos de desenvolvimento irem para a agropecu\u00e1ria. E citou projetos, como a rota bioce\u00e2nica, que podem impactar v\u00e1rias partes da regi\u00e3o.<\/p>\n<p>Cl\u00e1udio Amitrano, diretor de estudos e pol\u00edticas macroecon\u00f4micas do IPEA, destacou a import\u00e2ncia dos temas de debate no evento. \u201cUma das diretorias mais antigas, uma das maiores do IPEA, \u00e9 a de desenvolvimento regional. Isso d\u00e1 a dimens\u00e3o do que um encontro dessa natureza representa para n\u00f3s\u201d, observou. \u201cO Brasil vive um momento bastante positivo, com a economia crescendo, mas \u00e9 tamb\u00e9m extremamente desafiador: um momento de amea\u00e7as clim\u00e1ticas, tecnologias disruptivas e com a geopol\u00edtica colocando desafios significativos para pensarmos o desenvolvimento\u201d.<\/p><\/p>\n","protected":false},"excerpt":{"rendered":"<p>Abertura do evento foi realizada no audit\u00f3rio da C\u00e2mara Legislativa do Distrito Federal. Clique AQUI para ver as fotos do evento O audit\u00f3rio da C\u00e2mara Legislativa do Distrito Federal recebeu nesta ter\u00e7a-feira (17) a solenidade de abertura do XIV Encontro<\/p>\n<p><a class=\"more-link\" href=\"https:\/\/cofecon.org.br\/cofecon\/?p=23580\">Leia Mais<\/a><\/p>\n","protected":false},"author":1,"featured_media":23589,"comment_status":"closed","ping_status":"closed","sticky":false,"template":"","format":"standard","meta":{"footnotes":""},"categories":[2],"tags":[],"class_list":["post-23580","post","type-post","status-publish","format-standard","has-post-thumbnail","hentry","category-noticias"],"_links":{"self":[{"href":"https:\/\/cofecon.org.br\/cofecon\/index.php?rest_route=\/wp\/v2\/posts\/23580"}],"collection":[{"href":"https:\/\/cofecon.org.br\/cofecon\/index.php?rest_route=\/wp\/v2\/posts"}],"about":[{"href":"https:\/\/cofecon.org.br\/cofecon\/index.php?rest_route=\/wp\/v2\/types\/post"}],"author":[{"embeddable":true,"href":"https:\/\/cofecon.org.br\/cofecon\/index.php?rest_route=\/wp\/v2\/users\/1"}],"replies":[{"embeddable":true,"href":"https:\/\/cofecon.org.br\/cofecon\/index.php?rest_route=%2Fwp%2Fv2%2Fcomments&post=23580"}],"version-history":[{"count":0,"href":"https:\/\/cofecon.org.br\/cofecon\/index.php?rest_route=\/wp\/v2\/posts\/23580\/revisions"}],"wp:featuredmedia":[{"embeddable":true,"href":"https:\/\/cofecon.org.br\/cofecon\/index.php?rest_route=\/wp\/v2\/media\/23589"}],"wp:attachment":[{"href":"https:\/\/cofecon.org.br\/cofecon\/index.php?rest_route=%2Fwp%2Fv2%2Fmedia&parent=23580"}],"wp:term":[{"taxonomy":"category","embeddable":true,"href":"https:\/\/cofecon.org.br\/cofecon\/index.php?rest_route=%2Fwp%2Fv2%2Fcategories&post=23580"},{"taxonomy":"post_tag","embeddable":true,"href":"https:\/\/cofecon.org.br\/cofecon\/index.php?rest_route=%2Fwp%2Fv2%2Ftags&post=23580"}],"curies":[{"name":"wp","href":"https:\/\/api.w.org\/{rel}","templated":true}]}}