{"id":23543,"date":"2024-09-17T17:47:21","date_gmt":"2024-09-17T20:47:21","guid":{"rendered":"https:\/\/www.cofecon.org.br\/?p=23543"},"modified":"2024-09-17T17:47:21","modified_gmt":"2024-09-17T20:47:21","slug":"xiii-gincana-nacional-de-economia-confira-as-duplas-classificadas-para-a-etapa-nacional","status":"publish","type":"post","link":"https:\/\/cofecon.org.br\/cofecon\/?p=23543","title":{"rendered":"XIII Gincana Nacional de Economia: confira as duplas classificadas para a etapa nacional"},"content":{"rendered":"<p><i><span data-contrast=\"auto\">Evento ser\u00e1 realizado em Balne\u00e1rio Cambori\u00fa, nos dias 17 e 18 de outubro, e distribuir\u00e1 R$ 10 mil em pr\u00eamios<\/span><\/i><span data-ccp-props=\"{&quot;201341983&quot;:0,&quot;335559739&quot;:160,&quot;335559740&quot;:278}\">\u00a0<\/span><\/p>\n<p><span data-contrast=\"auto\">Saiu o resultado! O Conselho Federal de Economia divulga nesta ter\u00e7a-feira (17) a listagem com os estudantes classificados para a etapa nacional da XIII Gincana Nacional de Economia. Eles foram avaliados ap\u00f3s enviarem um v\u00eddeo falando sobre o tema \u201cMem\u00f3rias e futuro da economia brasileira\u201d, com uma pontua\u00e7\u00e3o entre 0 e 100, que foi somada ao resultado obtido na primeira fase. Confira a lista final clicando <a href=\"http:\/\/cofecon.org.br\/cofecon\/wp-content\/uploads\/2020\/07\/XIIIGNEResultadoGeral.pdf\"><span style=\"text-decoration: underline;\"><strong>AQUI<\/strong><\/span><\/a> e as duplas classificadas clicando <span style=\"text-decoration: underline;\"><strong><a href=\"http:\/\/cofecon.org.br\/cofecon\/wp-content\/uploads\/2020\/07\/XXXGNEClassificados.pdf\">AQUI<\/a><\/strong><\/span>.<\/span><\/p>\n<p><b><span data-contrast=\"auto\">Melhores pontua\u00e7\u00f5es do v\u00eddeo\u00a0<\/span><\/b><span data-ccp-props=\"{&quot;201341983&quot;:0,&quot;335559739&quot;:160,&quot;335559740&quot;:278}\">\u00a0<\/span><\/p>\n<p><span data-contrast=\"auto\">Cada Regional designou uma comiss\u00e3o avaliadora para atribuir a pontua\u00e7\u00e3o dos v\u00eddeos enviados. Diversas duplas fizeram bonito e obtiveram pontua\u00e7\u00e3o quase perfeita: a melhor nota ficou com as estudantes paranaenses Caroline Felix e Michely Karachinski, que pontuaram com 99,7. Somando as duas fases, elas obtiveram a quinta melhor pontua\u00e7\u00e3o dentro do estado do Paran\u00e1.<\/span><span data-ccp-props=\"{&quot;201341983&quot;:0,&quot;335559739&quot;:160,&quot;335559740&quot;:278}\">\u00a0<\/span><\/p>\n<p><span data-contrast=\"auto\">Breno Liebbmann Vervloet (que fez parte da dupla campe\u00e3 da Gincana no ano passado) e Henrique dos Anjos Moura somaram 98,9 com o v\u00eddeo e obtiveram a segunda melhor pontua\u00e7\u00e3o no Esp\u00edrito Santo. Gabriel Matheus Ferreira Santos e Arthur Mariano Soares tamb\u00e9m fizeram bonito, com 97,2 pontos, e alcan\u00e7aram o terceiro lugar no mesmo estado.<\/span><span data-ccp-props=\"{&quot;201341983&quot;:0,&quot;335559739&quot;:160,&quot;335559740&quot;:278}\">\u00a0<\/span><\/p>\n<p><span data-contrast=\"auto\">Outras avalia\u00e7\u00f5es acima dos 95 pontos foram obtidas por Francisco Jos\u00e9 da Silva Neto e Luan Fernandes de Oliveira Costa (98,0), quinto lugar no Piau\u00ed; Danilo Cadedo Fiorin e H\u00e9lio Rayone Nunes da Cruz (97,7), Maria Vit\u00f3ria Tortola e Marcelo Tostes Alves (96,7) e Jaqueline Borges da Costa e Camila da Vega Rossi (99,3), que obtiveram os tr\u00eas primeiros lugares no Paran\u00e1; Ana L\u00edvia Ara\u00fajo dos Santos e Karla Vit\u00f3ria de Queiroz (96,7), segundo lugar na Para\u00edba; e Guilherme Santos da Silva e Jos\u00e9 Gutenberg da Silva Barbosa Junior, primeiro lugar no Rio Grande do Norte.<\/span><span data-ccp-props=\"{&quot;201341983&quot;:0,&quot;335559739&quot;:160,&quot;335559740&quot;:278}\">\u00a0<\/span><\/p>\n<p><span data-contrast=\"auto\">Na outra ponta, houve um v\u00eddeo desclassificado por exceder o tempo de dura\u00e7\u00e3o. \u201cApesar da pontua\u00e7\u00e3o zerada, a dupla permanece na disputa, uma vez que o regulamento previa a elimina\u00e7\u00e3o apenas no caso de a dupla n\u00e3o enviar o v\u00eddeo\u201d, comenta o coordenador da Comiss\u00e3o Organizadora, Claudemir Galvani. \u201cA Gincana vem se consolidando como um criativo instrumento de divulga\u00e7\u00e3o e est\u00edmulo da profiss\u00e3o de economista entre os jovens\u201d, acrescentou.<\/span><span data-ccp-props=\"{&quot;201341983&quot;:0,&quot;335559739&quot;:160,&quot;335559740&quot;:278}\">\u00a0<\/span><\/p>\n<p><b><span data-contrast=\"auto\">Melhores pontua\u00e7\u00f5es gerais\u00a0<\/span><\/b><span data-ccp-props=\"{&quot;201341983&quot;:0,&quot;335559739&quot;:160,&quot;335559740&quot;:278}\">\u00a0<\/span><\/p>\n<p><span data-contrast=\"auto\">Os estudantes paulistas Caio Lopes de Souza e Gabriel Vit\u00f3rio Tognarelli Hessel confirmaram a melhor pontua\u00e7\u00e3o obtida na primeira fase e obtiveram a melhor nota geral (1.022), sendo a \u00fanica dupla a superar os mil pontos.<\/span><span data-ccp-props=\"{&quot;201341983&quot;:0,&quot;335559739&quot;:160,&quot;335559740&quot;:278}\">\u00a0<\/span><\/p>\n<p><span data-contrast=\"auto\">Matheus Ribeiro Nunes de Oliveira e Gabriella Regina de Souza tamb\u00e9m confirmaram a boa coloca\u00e7\u00e3o da primeira fase e terminaram com 991 pontos, segunda melhor pontua\u00e7\u00e3o. O terceiro lugar foi de Pedro de Campos Barbosa Moreno e Theo Dalmaso Kussama, do Rio de Janeiro, com 901 pontos \u2013 e vale lembrar que eles j\u00e1 estiveram no p\u00f3dio da competi\u00e7\u00e3o no ano passado.<\/span><span data-ccp-props=\"{&quot;201341983&quot;:0,&quot;335559739&quot;:160,&quot;335559740&quot;:278}\">\u00a0<\/span><\/p>\n<p><b><span data-contrast=\"auto\">Etapa nacional\u00a0<\/span><\/b><span data-ccp-props=\"{&quot;201341983&quot;:0,&quot;335559739&quot;:160,&quot;335559740&quot;:278}\">\u00a0<\/span><\/p>\n<p><span data-contrast=\"auto\">Cada Corecon poder\u00e1 enviar at\u00e9 tr\u00eas duplas para a etapa nacional da Gincana, que ser\u00e1 realizada de forma presencial em Balne\u00e1rio Cambori\u00fa\/SC, nos dias 17 e 18 de outubro.<\/span><span data-ccp-props=\"{&quot;201341983&quot;:0,&quot;335559739&quot;:160,&quot;335559740&quot;:278}\">\u00a0<\/span><\/p>\n<p><span data-contrast=\"auto\">A etapa nacional conceder\u00e1 R$ 10 mil em pr\u00eamios, sendo R$ 4 mil para a dupla que obtiver o primeiro lugar, R$ 3 mil para a segunda colocada, R$ 2 mil para a terceira e R$ 1 mil para a quarta. Al\u00e9m disso, as quatro melhores duplas receber\u00e3o medalhas e as institui\u00e7\u00f5es de ensino das tr\u00eas primeiras recebem um trof\u00e9u.\u00a0\u00a0<\/span><span data-ccp-props=\"{&quot;201341983&quot;:0,&quot;335559739&quot;:160,&quot;335559740&quot;:278}\">\u00a0<\/span><\/p>\n<p><span data-contrast=\"auto\">Como curiosidade, nunca uma institui\u00e7\u00e3o de ensino conquistou duas vezes a Gincana Nacional de Economia. As edi\u00e7\u00f5es realizadas foram vencidas por estudantes de institui\u00e7\u00f5es diferentes. Ser\u00e1 que, em 2024, teremos uma nova institui\u00e7\u00e3o obtendo o primeiro lugar ou finalmente alguma das 12 anteriores obter\u00e1 a segunda vit\u00f3ria?<\/span><span data-ccp-props=\"{&quot;201341983&quot;:0,&quot;335559739&quot;:160,&quot;335559740&quot;:278}\">\u00a0<\/span><\/p>\n","protected":false},"excerpt":{"rendered":"<p>Evento ser\u00e1 realizado em Balne\u00e1rio Cambori\u00fa, nos dias 17 e 18 de outubro, e distribuir\u00e1 R$ 10 mil em pr\u00eamios\u00a0 Saiu o resultado! O Conselho Federal de Economia divulga nesta ter\u00e7a-feira (17) a listagem com os estudantes classificados para a<\/p>\n<p><a class=\"more-link\" href=\"https:\/\/cofecon.org.br\/cofecon\/?p=23543\">Leia Mais<\/a><\/p>\n","protected":false},"author":1,"featured_media":23071,"comment_status":"closed","ping_status":"closed","sticky":false,"template":"","format":"standard","meta":{"footnotes":""},"categories":[2],"tags":[],"class_list":["post-23543","post","type-post","status-publish","format-standard","has-post-thumbnail","hentry","category-noticias"],"_links":{"self":[{"href":"https:\/\/cofecon.org.br\/cofecon\/index.php?rest_route=\/wp\/v2\/posts\/23543"}],"collection":[{"href":"https:\/\/cofecon.org.br\/cofecon\/index.php?rest_route=\/wp\/v2\/posts"}],"about":[{"href":"https:\/\/cofecon.org.br\/cofecon\/index.php?rest_route=\/wp\/v2\/types\/post"}],"author":[{"embeddable":true,"href":"https:\/\/cofecon.org.br\/cofecon\/index.php?rest_route=\/wp\/v2\/users\/1"}],"replies":[{"embeddable":true,"href":"https:\/\/cofecon.org.br\/cofecon\/index.php?rest_route=%2Fwp%2Fv2%2Fcomments&post=23543"}],"version-history":[{"count":0,"href":"https:\/\/cofecon.org.br\/cofecon\/index.php?rest_route=\/wp\/v2\/posts\/23543\/revisions"}],"wp:featuredmedia":[{"embeddable":true,"href":"https:\/\/cofecon.org.br\/cofecon\/index.php?rest_route=\/wp\/v2\/media\/23071"}],"wp:attachment":[{"href":"https:\/\/cofecon.org.br\/cofecon\/index.php?rest_route=%2Fwp%2Fv2%2Fmedia&parent=23543"}],"wp:term":[{"taxonomy":"category","embeddable":true,"href":"https:\/\/cofecon.org.br\/cofecon\/index.php?rest_route=%2Fwp%2Fv2%2Fcategories&post=23543"},{"taxonomy":"post_tag","embeddable":true,"href":"https:\/\/cofecon.org.br\/cofecon\/index.php?rest_route=%2Fwp%2Fv2%2Ftags&post=23543"}],"curies":[{"name":"wp","href":"https:\/\/api.w.org\/{rel}","templated":true}]}}