{"id":23535,"date":"2024-09-16T10:00:57","date_gmt":"2024-09-16T13:00:57","guid":{"rendered":"https:\/\/www.cofecon.org.br\/?p=23535"},"modified":"2024-09-16T10:00:57","modified_gmt":"2024-09-16T13:00:57","slug":"corecon-df-realiza-forum-de-pericias","status":"publish","type":"post","link":"https:\/\/cofecon.org.br\/cofecon\/?p=23535","title":{"rendered":"Corecon-DF realiza F\u00f3rum de Per\u00edcias"},"content":{"rendered":"<p><em>Evento acontecer\u00e1 na quarta-feira (18), \u00e0s 17:30, como parte da programa\u00e7\u00e3o do Eneoeste. Inscri\u00e7\u00f5es s\u00e3o gratuitas<\/em><\/p>\n<p><strong><img decoding=\"async\" class=\"emoji\" role=\"img\" draggable=\"false\" src=\"https:\/\/s.w.org\/images\/core\/emoji\/15.0.3\/svg\/1f50d.svg\" alt=\"?\" \/>\u00a0III F\u00d3RUM DE PER\u00cdCIA ECON\u00d4MICO-FINANCEIRA<\/strong><\/p>\n<p><img decoding=\"async\" class=\"emoji\" role=\"img\" draggable=\"false\" src=\"https:\/\/s.w.org\/images\/core\/emoji\/15.0.3\/svg\/1f5d3.svg\" alt=\"?\" \/>\u00a0<strong>Data:<\/strong>\u00a018\/09\/2024<br \/>\n<img decoding=\"async\" class=\"emoji\" role=\"img\" draggable=\"false\" src=\"https:\/\/s.w.org\/images\/core\/emoji\/15.0.3\/svg\/1f4cd.svg\" alt=\"?\" \/>\u00a0<strong>Local:<\/strong>\u00a0Audit\u00f3rio do SESI Sa\u00fade, Edif\u00edcio Central Park (SCN Qd. 01 Bloco E \u2013 Asa Norte)<br \/>\n<img decoding=\"async\" class=\"emoji\" role=\"img\" draggable=\"false\" src=\"https:\/\/s.w.org\/images\/core\/emoji\/15.0.3\/svg\/23f0.svg\" alt=\"\u23f0\" \/>\u00a0<strong>Hor\u00e1rio:<\/strong>\u00a017h30<\/p>\n<p>Como parte da programa\u00e7\u00e3o do XIV ENEOESTE, o III F\u00f3rum de Per\u00edcia Econ\u00f4mico-Financeira \u00e9 uma oportunidade para profissionais e estudantes da \u00e1rea de Economia explorarem um campo de atua\u00e7\u00e3o com grande potencial no mercado.<\/p>\n<p><strong>Tema Central:<\/strong><br \/>\nPer\u00edcia Econ\u00f4mico-Financeira: Auxiliando no Processo Decis\u00f3rio do Judici\u00e1rio<\/p>\n<p><strong>Programa\u00e7\u00e3o:<br \/>\n<\/strong><br \/>\n<strong>Mesa de Abertura:<\/strong><\/p>\n<p>Lucina Acioly da Silva \u2013 Presidente do CORECON\/DF<br \/>\nK\u00e9rssia Preda Kamenach \u2013 Coordenadora da Comiss\u00e3o de Mercado de Trabalho do Economista e Valoriza\u00e7\u00e3o Profissional do Cofecon<br \/>\nChirlene Godinho Maia \u2013 Coordena\u00e7\u00e3o do N\u00facleo de Per\u00edcia<br \/>\nVilma Guimar\u00e3es \u2013 Subcoordenadora da Comiss\u00e3o de Per\u00edcia Econ\u00f4mico-Financeira, Media\u00e7\u00e3o e Arbitragem do Cofecon<br \/>\nMesa T\u00e9cnica: Composi\u00e7\u00e3o da Mesa sobre o tema: Per\u00edcia Econ\u00f4mico-Financeira: Auxiliando no Processo Decis\u00f3rio do Judici\u00e1rio<\/p>\n<p><strong>Palestras:<\/strong><\/p>\n<ol>\n<li>A import\u00e2ncia da atua\u00e7\u00e3o do perito econ\u00f4mico na solu\u00e7\u00e3o dos lit\u00edgios judiciais no TJDFT<\/li>\n<\/ol>\n<ul>\n<li>Desembargador Roberval Casemiro Belinati \u2013 Primeiro Vice-Presidente do TJDFT<\/li>\n<\/ul>\n<p>2. A atua\u00e7\u00e3o profissional do perito econ\u00f4mico-financeiro<\/p>\n<ul>\n<li>Antonio Lucena Benavenuto \u2013 Perito Economista<\/li>\n<\/ul>\n<p>3. A import\u00e2ncia da atua\u00e7\u00e3o do assistente t\u00e9cnico na \u00e1rea econ\u00f4mica na solu\u00e7\u00e3o dos lit\u00edgios judiciais<\/p>\n<ul>\n<li>Dr. Marcelo Daher Rodrigues \u2013 Presidente da Comiss\u00e3o de Per\u00edcia Judicial da OAB\/DF<\/li>\n<\/ul>\n<p><strong>Media\u00e7\u00e3o:<\/strong>\u00a0Suzana Squeff Peixoto Silveira \u2013 Coordenadora T\u00e9cnica do N\u00facleo de Per\u00edcia do Corecon\/DF<\/p>\n<p><img decoding=\"async\" class=\"emoji\" role=\"img\" draggable=\"false\" src=\"https:\/\/s.w.org\/images\/core\/emoji\/15.0.3\/svg\/1f517.svg\" alt=\"?\" \/>\u00a0Inscreva-se agora:\u00a0<a href=\"https:\/\/www.even3.com.br\/xiv-eneoeste-2024-491996\/\" target=\"_blank\" rel=\"noopener\">https:\/\/www.even3.com.br\/xiv-eneoeste-2024-491996\/<\/a><\/p>\n<p>Participe deste importante evento e amplie seus horizontes profissionais no campo da Per\u00edcia Econ\u00f4mico-Financeira!<\/p>\n<p><img loading=\"lazy\" decoding=\"async\" class=\"alignnone size-full wp-image-23536\" src=\"http:\/\/cofecon.org.br\/cofecon\/wp-content\/uploads\/2024\/09\/ForumPericia.png\" alt=\"\" width=\"1080\" height=\"1920\" srcset=\"https:\/\/cofecon.org.br\/cofecon\/wp-content\/uploads\/2024\/09\/ForumPericia.png 1080w, https:\/\/cofecon.org.br\/cofecon\/wp-content\/uploads\/2024\/09\/ForumPericia-169x300.png 169w, https:\/\/cofecon.org.br\/cofecon\/wp-content\/uploads\/2024\/09\/ForumPericia-576x1024.png 576w, https:\/\/cofecon.org.br\/cofecon\/wp-content\/uploads\/2024\/09\/ForumPericia-768x1365.png 768w, https:\/\/cofecon.org.br\/cofecon\/wp-content\/uploads\/2024\/09\/ForumPericia-864x1536.png 864w, https:\/\/cofecon.org.br\/cofecon\/wp-content\/uploads\/2024\/09\/ForumPericia-800x1422.png 800w\" sizes=\"(max-width: 1080px) 100vw, 1080px\" \/><\/p>\n<hr \/>\n<p>Fonte: Corecon-DF<\/p>\n","protected":false},"excerpt":{"rendered":"<p>Evento acontecer\u00e1 na quarta-feira (18), \u00e0s 17:30, como parte da programa\u00e7\u00e3o do Eneoeste. Inscri\u00e7\u00f5es s\u00e3o gratuitas \u00a0III F\u00d3RUM DE PER\u00cdCIA ECON\u00d4MICO-FINANCEIRA \u00a0Data:\u00a018\/09\/2024 \u00a0Local:\u00a0Audit\u00f3rio do SESI Sa\u00fade, Edif\u00edcio Central Park (SCN Qd. 01 Bloco E \u2013 Asa Norte) \u00a0Hor\u00e1rio:\u00a017h30 Como parte<\/p>\n<p><a class=\"more-link\" href=\"https:\/\/cofecon.org.br\/cofecon\/?p=23535\">Leia Mais<\/a><\/p>\n","protected":false},"author":1,"featured_media":23537,"comment_status":"closed","ping_status":"closed","sticky":false,"template":"","format":"standard","meta":{"footnotes":""},"categories":[2],"tags":[],"class_list":["post-23535","post","type-post","status-publish","format-standard","has-post-thumbnail","hentry","category-noticias"],"_links":{"self":[{"href":"https:\/\/cofecon.org.br\/cofecon\/index.php?rest_route=\/wp\/v2\/posts\/23535"}],"collection":[{"href":"https:\/\/cofecon.org.br\/cofecon\/index.php?rest_route=\/wp\/v2\/posts"}],"about":[{"href":"https:\/\/cofecon.org.br\/cofecon\/index.php?rest_route=\/wp\/v2\/types\/post"}],"author":[{"embeddable":true,"href":"https:\/\/cofecon.org.br\/cofecon\/index.php?rest_route=\/wp\/v2\/users\/1"}],"replies":[{"embeddable":true,"href":"https:\/\/cofecon.org.br\/cofecon\/index.php?rest_route=%2Fwp%2Fv2%2Fcomments&post=23535"}],"version-history":[{"count":0,"href":"https:\/\/cofecon.org.br\/cofecon\/index.php?rest_route=\/wp\/v2\/posts\/23535\/revisions"}],"wp:featuredmedia":[{"embeddable":true,"href":"https:\/\/cofecon.org.br\/cofecon\/index.php?rest_route=\/wp\/v2\/media\/23537"}],"wp:attachment":[{"href":"https:\/\/cofecon.org.br\/cofecon\/index.php?rest_route=%2Fwp%2Fv2%2Fmedia&parent=23535"}],"wp:term":[{"taxonomy":"category","embeddable":true,"href":"https:\/\/cofecon.org.br\/cofecon\/index.php?rest_route=%2Fwp%2Fv2%2Fcategories&post=23535"},{"taxonomy":"post_tag","embeddable":true,"href":"https:\/\/cofecon.org.br\/cofecon\/index.php?rest_route=%2Fwp%2Fv2%2Ftags&post=23535"}],"curies":[{"name":"wp","href":"https:\/\/api.w.org\/{rel}","templated":true}]}}