{"id":23531,"date":"2024-09-16T09:43:10","date_gmt":"2024-09-16T12:43:10","guid":{"rendered":"https:\/\/www.cofecon.org.br\/?p=23531"},"modified":"2024-09-16T09:43:10","modified_gmt":"2024-09-16T12:43:10","slug":"confira-a-programacao-do-xiv-eneoeste","status":"publish","type":"post","link":"https:\/\/cofecon.org.br\/cofecon\/?p=23531","title":{"rendered":"Confira a programa\u00e7\u00e3o do XIV Eneoeste"},"content":{"rendered":"<p><em>Evento come\u00e7a nesta ter\u00e7a-feira (17), com solenidade de abertura na C\u00e2mara Legislativa do Distrito Federal. Debates sobre diversos aspectos do desenvolvimento regional ser\u00e3o realizados nos dois dias seguintes<\/em><\/p>\n<p>Ter\u00e1 in\u00edcio nesta ter\u00e7a-feira (17) o XVI Encontro de Economistas do Centro-Oeste, com uma solenidade de abertura na C\u00e2mara Legislativa do Distrito Federal. O evento reunir\u00e1 economistas, empres\u00e1rios, acad\u00eamicos, estudantes e demais interessados durante tr\u00eas dias para debater quest\u00f5es regionais e de desenvolvimento. As inscri\u00e7\u00f5es podem ser feitas gratuitamente por meio da plataforma Even3.<\/p>\n<p>As demais programa\u00e7\u00f5es do evento acontecer\u00e3o no audit\u00f3rio SESI Sa\u00fade (Setor Comercial Norte, Quadra 1, Bloco E, Edif\u00edcio Central Park). Para a \u00faltima mesa tem\u00e1tica do evento, realizada no dia 19, \u00e0s 17:45, est\u00e1 prevista a presen\u00e7a da vice-governadora do Distrito Federal, Celina Le\u00e3o.<\/p>\n<p><img decoding=\"async\" class=\"emoji\" role=\"img\" draggable=\"false\" src=\"https:\/\/s.w.org\/images\/core\/emoji\/15.0.3\/svg\/1f4bc.svg\" alt=\"?\" \/>\u00a0<strong>Data de Abertura Oficial:<\/strong>\u00a017\/09\/2024 (ter\u00e7a-feira), \u00e0s 19h<br \/><img decoding=\"async\" class=\"emoji\" role=\"img\" draggable=\"false\" src=\"https:\/\/s.w.org\/images\/core\/emoji\/15.0.3\/svg\/1f4cd.svg\" alt=\"?\" \/>\u00a0<strong>Local:<\/strong>\u00a0Audit\u00f3rio da C\u00e2mara Legislativa do Distrito Federal<br \/>(Pra\u00e7a Municipal, Quadra 2, Lote 5, Zona C\u00edvico-Administrativa)<\/p>\n<p><img decoding=\"async\" class=\"emoji\" role=\"img\" draggable=\"false\" src=\"https:\/\/s.w.org\/images\/core\/emoji\/15.0.3\/svg\/1f5d3.svg\" alt=\"?\" \/>\u00a0<strong>Mesas Tem\u00e1ticas:<\/strong>\u00a018 e 19\/09\/2024 (quarta e quinta-feira)<br \/><img decoding=\"async\" class=\"emoji\" role=\"img\" draggable=\"false\" src=\"https:\/\/s.w.org\/images\/core\/emoji\/15.0.3\/svg\/1f558.svg\" alt=\"?\" \/>\u00a0<strong>Hor\u00e1rio:<\/strong>\u00a0A partir das 9h30<br \/><img decoding=\"async\" class=\"emoji\" role=\"img\" draggable=\"false\" src=\"https:\/\/s.w.org\/images\/core\/emoji\/15.0.3\/svg\/1f4cd.svg\" alt=\"?\" \/>\u00a0<strong>Local:<\/strong>\u00a0Audit\u00f3rio do SESI Sa\u00fade, Edif\u00edcio Central Park<br \/>(SCN Qd. 01 Bloco E \u2013 Asa Norte)<\/p>\n<p><img decoding=\"async\" class=\"emoji\" role=\"img\" draggable=\"false\" src=\"https:\/\/s.w.org\/images\/core\/emoji\/15.0.3\/svg\/1f30d.svg\" alt=\"?\" \/>\u00a0<strong>Tema Central:<\/strong><br \/><strong>Construindo Pontes para o Desenvolvimento Sustent\u00e1vel: Desafios e Oportunidades para a Regi\u00e3o Centro-Oeste<\/strong><\/p>\n<p><strong>Participe de importantes discuss\u00f5es sobre:<\/strong><\/p>\n<p><img decoding=\"async\" class=\"emoji\" role=\"img\" draggable=\"false\" src=\"https:\/\/s.w.org\/images\/core\/emoji\/15.0.3\/svg\/1f4cc.svg\" alt=\"?\" \/>\u00a0Desenvolvimento Regional no Longo Prazo<br \/><img decoding=\"async\" class=\"emoji\" role=\"img\" draggable=\"false\" src=\"https:\/\/s.w.org\/images\/core\/emoji\/15.0.3\/svg\/1f4cc.svg\" alt=\"?\" \/>\u00a0Sustentabilidade em um Contexto de Emerg\u00eancia Clim\u00e1tica<br \/><img decoding=\"async\" class=\"emoji\" role=\"img\" draggable=\"false\" src=\"https:\/\/s.w.org\/images\/core\/emoji\/15.0.3\/svg\/1f4cc.svg\" alt=\"?\" \/>\u00a0Reinventando o Sistema Financeiro e os Efeitos da Reforma Tribut\u00e1ria nos Munic\u00edpios do Centro-Oeste<br \/><img decoding=\"async\" class=\"emoji\" role=\"img\" draggable=\"false\" src=\"https:\/\/s.w.org\/images\/core\/emoji\/15.0.3\/svg\/1f4cc.svg\" alt=\"?\" \/>\u00a0A Era da Ind\u00fastria 4.0: Transforma\u00e7\u00e3o Digital e seus Impactos Econ\u00f4micos<br \/><img decoding=\"async\" class=\"emoji\" role=\"img\" draggable=\"false\" src=\"https:\/\/s.w.org\/images\/core\/emoji\/15.0.3\/svg\/1f4cc.svg\" alt=\"?\" \/>\u00a0Desenvolvimento Urbano no Centro-Oeste: Expans\u00e3o de Mercados e Potencial do Turismo nas Capitais e Cidades do Agroneg\u00f3cio<br \/><img decoding=\"async\" class=\"emoji\" role=\"img\" draggable=\"false\" src=\"https:\/\/s.w.org\/images\/core\/emoji\/15.0.3\/svg\/1f4cc.svg\" alt=\"?\" \/>\u00a0Conectando o Centro-Oeste: Investimentos em Infraestrutura e Log\u00edstica<br \/><img decoding=\"async\" class=\"emoji\" role=\"img\" draggable=\"false\" src=\"https:\/\/s.w.org\/images\/core\/emoji\/15.0.3\/svg\/1f4cc.svg\" alt=\"?\" \/>\u00a0Protegendo o Campo: Seguro Rural e Resili\u00eancia em Tempos de Crise<br \/><img decoding=\"async\" class=\"emoji\" role=\"img\" draggable=\"false\" src=\"https:\/\/s.w.org\/images\/core\/emoji\/15.0.3\/svg\/1f4cc.svg\" alt=\"?\" \/>\u00a0Economia Solid\u00e1ria e Circular: Reduzindo Desigualdades e Promovendo Inclus\u00e3o<br \/><img decoding=\"async\" class=\"emoji\" role=\"img\" draggable=\"false\" src=\"https:\/\/s.w.org\/images\/core\/emoji\/15.0.3\/svg\/1f4cc.svg\" alt=\"?\" \/>\u00a0Inova\u00e7\u00e3o e Sustentabilidade: Avan\u00e7ando Rumo a um Futuro Resiliente<br \/><img decoding=\"async\" class=\"emoji\" role=\"img\" draggable=\"false\" src=\"https:\/\/s.w.org\/images\/core\/emoji\/15.0.3\/svg\/2728.svg\" alt=\"\u2728\" \/>\u00a0<strong>III F\u00f3rum de Per\u00edcia Econ\u00f4mico-Financeira<\/strong>\u00a0(18\/09, \u00e0s 19h)<\/p>\n<p><img decoding=\"async\" class=\"emoji\" role=\"img\" draggable=\"false\" src=\"https:\/\/s.w.org\/images\/core\/emoji\/15.0.3\/svg\/1f517.svg\" alt=\"?\" \/>\u00a0<strong>Inscreva-se j\u00e1:<\/strong>\u00a0<a href=\"https:\/\/even3.com.br\/xiv-eneoeste-2024-491996\" target=\"_new\" rel=\"noopener\">even3.com.br\/xiv-eneoeste-2024-491996<\/a><\/p>\n<p><img loading=\"lazy\" decoding=\"async\" class=\"alignnone size-full wp-image-23533\" src=\"http:\/\/cofecon.org.br\/cofecon\/wp-content\/uploads\/2024\/09\/XIV-Eneoeste-1.png\" alt=\"\" width=\"1080\" height=\"1920\" srcset=\"https:\/\/cofecon.org.br\/cofecon\/wp-content\/uploads\/2024\/09\/XIV-Eneoeste-1.png 1080w, https:\/\/cofecon.org.br\/cofecon\/wp-content\/uploads\/2024\/09\/XIV-Eneoeste-1-169x300.png 169w, https:\/\/cofecon.org.br\/cofecon\/wp-content\/uploads\/2024\/09\/XIV-Eneoeste-1-576x1024.png 576w, https:\/\/cofecon.org.br\/cofecon\/wp-content\/uploads\/2024\/09\/XIV-Eneoeste-1-768x1365.png 768w, https:\/\/cofecon.org.br\/cofecon\/wp-content\/uploads\/2024\/09\/XIV-Eneoeste-1-864x1536.png 864w, https:\/\/cofecon.org.br\/cofecon\/wp-content\/uploads\/2024\/09\/XIV-Eneoeste-1-800x1422.png 800w\" sizes=\"(max-width: 1080px) 100vw, 1080px\" \/><\/p>\n<hr \/>\n<p>Fonte: Corecon-DF<\/p>\n\n","protected":false},"excerpt":{"rendered":"<p>Evento come\u00e7a nesta ter\u00e7a-feira (17), com solenidade de abertura na C\u00e2mara Legislativa do Distrito Federal. Debates sobre diversos aspectos do desenvolvimento regional ser\u00e3o realizados nos dois dias seguintes Ter\u00e1 in\u00edcio nesta ter\u00e7a-feira (17) o XVI Encontro de Economistas do Centro-Oeste,<\/p>\n<p><a class=\"more-link\" href=\"https:\/\/cofecon.org.br\/cofecon\/?p=23531\">Leia Mais<\/a><\/p>\n","protected":false},"author":1,"featured_media":23539,"comment_status":"closed","ping_status":"closed","sticky":false,"template":"","format":"standard","meta":{"footnotes":""},"categories":[2],"tags":[],"class_list":["post-23531","post","type-post","status-publish","format-standard","has-post-thumbnail","hentry","category-noticias"],"_links":{"self":[{"href":"https:\/\/cofecon.org.br\/cofecon\/index.php?rest_route=\/wp\/v2\/posts\/23531"}],"collection":[{"href":"https:\/\/cofecon.org.br\/cofecon\/index.php?rest_route=\/wp\/v2\/posts"}],"about":[{"href":"https:\/\/cofecon.org.br\/cofecon\/index.php?rest_route=\/wp\/v2\/types\/post"}],"author":[{"embeddable":true,"href":"https:\/\/cofecon.org.br\/cofecon\/index.php?rest_route=\/wp\/v2\/users\/1"}],"replies":[{"embeddable":true,"href":"https:\/\/cofecon.org.br\/cofecon\/index.php?rest_route=%2Fwp%2Fv2%2Fcomments&post=23531"}],"version-history":[{"count":0,"href":"https:\/\/cofecon.org.br\/cofecon\/index.php?rest_route=\/wp\/v2\/posts\/23531\/revisions"}],"wp:featuredmedia":[{"embeddable":true,"href":"https:\/\/cofecon.org.br\/cofecon\/index.php?rest_route=\/wp\/v2\/media\/23539"}],"wp:attachment":[{"href":"https:\/\/cofecon.org.br\/cofecon\/index.php?rest_route=%2Fwp%2Fv2%2Fmedia&parent=23531"}],"wp:term":[{"taxonomy":"category","embeddable":true,"href":"https:\/\/cofecon.org.br\/cofecon\/index.php?rest_route=%2Fwp%2Fv2%2Fcategories&post=23531"},{"taxonomy":"post_tag","embeddable":true,"href":"https:\/\/cofecon.org.br\/cofecon\/index.php?rest_route=%2Fwp%2Fv2%2Ftags&post=23531"}],"curies":[{"name":"wp","href":"https:\/\/api.w.org\/{rel}","templated":true}]}}