{"id":23526,"date":"2024-09-13T17:53:01","date_gmt":"2024-09-13T20:53:01","guid":{"rendered":"https:\/\/www.cofecon.org.br\/?p=23526"},"modified":"2024-09-13T17:53:01","modified_gmt":"2024-09-13T20:53:01","slug":"gesner-de-oliveira-realizara-palestra-magna-do-28o-since","status":"publish","type":"post","link":"https:\/\/cofecon.org.br\/cofecon\/?p=23526","title":{"rendered":"Gesner de Oliveira realizar\u00e1 palestra magna do 28\u00ba SINCE"},"content":{"rendered":"<p><em>Economista tem ampla experi\u00eancia nos setores p\u00fablico e privado, tendo sido presidente do CADE e da Sabesp e secret\u00e1rio no Minist\u00e9rio da Fazenda<\/em><\/p>\n<p>O 28\u00ba Simp\u00f3sio Nacional dos Conselhos de Economia (SINCE), que ser\u00e1 realizado em Balne\u00e1rio Cambori\u00fa nos dias 16 a 18 de outubro, contar\u00e1 com uma palestra magna proferida pelo economista Gesner de Oliveira. Ela ser\u00e1 realizada na noite de abertura do evento e ter\u00e1 como tema \u201cA contribui\u00e7\u00e3o do Sistema Cofecon\/Corecons para a promo\u00e7\u00e3o do desenvolvimento econ\u00f4mico do Brasil e suas regi\u00f5es\u201d. Clique <a href=\"https:\/\/www.sympla.com.br\/evento\/28-simposio-nacional-dos-conselhos-de-economia-since-2024\/2521152?referrer=www.corecon-sc.org.br&amp;referrer=www.corecon-sc.org.br&amp;referrer=corecon-sc.org.br\"><span style=\"text-decoration: underline;\"><strong>AQUI<\/strong><\/span><\/a> para fazer sua inscri\u00e7\u00e3o.<\/p>\n<p>Gesner \u00e9 professor da Funda\u00e7\u00e3o Get\u00falio Vargas (FGV\/SP) e consultor. \u00c9 graduado pela Universidade de S\u00e3o Paulo, mestre pela Universidade Estadual de Campinas e obteve PhD em Economia pela Universidade da Calif\u00f3rnia\/Berkeley.<\/p>\n<p>Al\u00e9m de conhecer bem o setor privado, tem tamb\u00e9m ampla experi\u00eancia no setor p\u00fablico. No Minist\u00e9rio da Fazenda desempenhou os cargos de Secret\u00e1rio de Acompanhamento Econ\u00f4mico e Secret\u00e1rio adjunto de Pol\u00edtica Econ\u00f4mica. Foi tamb\u00e9m presidente do Conselho Administrativo de Defesa Econ\u00f4mica (CADE), organismo vinculado ao Minist\u00e9rio da Justi\u00e7a que tem como miss\u00e3o zelar pela livre concorr\u00eancia no mercado e decidir sobre o tema em \u00faltima inst\u00e2ncia. Tamb\u00e9m foi presidente da Companhia de Saneamento B\u00e1sico do Estado de S\u00e3o Paulo (Sabesp).<\/p>\n<p>Gesner de Oliveira realiza trabalhos de consultorias para os principais grupos privados e estatais em diversos setores. \u00c9 conselheiro independente certificado pelo Instituto Brasileiro de Governan\u00e7a Corporativa (IBGC) e conselheiro de diversas empresas e entidades.<\/p>\n<p><strong>O tema<\/strong><\/p>\n<p>Ao escolher o tema do evento, o Corecon-SC defendeu que o Sistema Cofecon\/Corecons atua como um catalisador crucial para o desenvolvimento regional brasileiro e que \u201co desenvolvimento regional \u00e9 um processo multifacetado que busca a redu\u00e7\u00e3o das disparidades socioecon\u00f4micas entre as regi\u00f5es, impulsionando a gera\u00e7\u00e3o de renda, a inclus\u00e3o social e a sustentabilidade ambiental. No entanto, diversos obst\u00e1culos impedem o florescimento do desenvolvimento regional no Brasil\u201d.<\/p>\n<p>Neste sentido, os economistas t\u00eam papel fundamental: \u201catrav\u00e9s de sua expertise e conhecimento t\u00e9cnico, atuam na identifica\u00e7\u00e3o de problemas, na formula\u00e7\u00e3o de pol\u00edticas p\u00fablicas e na proposi\u00e7\u00e3o de solu\u00e7\u00f5es inovadoras para os desafios do desenvolvimento regional\u201d.<\/p>\n<p><strong>Programa\u00e7\u00e3o<\/strong><\/p>\n<p>A programa\u00e7\u00e3o ter\u00e1 in\u00edcio na noite de 16 de outubro, com a palestra magna sobre o tema central do evento. Tamb\u00e9m est\u00e3o previstas uma homenagem aos 60 anos do Corecon-SC, organizador desta edi\u00e7\u00e3o do Since junto ao Cofecon, e a entrega do Pr\u00eamio Brasil de Economia.<\/p>\n<p>No dia 17 os tr\u00eas grupos de trabalho se reunir\u00e3o para discutir assuntos atinentes ao tema de cada um deles; j\u00e1 no \u00faltimo dia de evento os grupos de trabalho realizar\u00e3o as vota\u00e7\u00f5es no per\u00edodo da manh\u00e3, enquanto a tarde ser\u00e1 dedicada \u00e0 plen\u00e1ria final do evento.<\/p>\n<p>Tamb\u00e9m no dia 18 est\u00e1 prevista a realiza\u00e7\u00e3o do F\u00f3rum da Mulher Economista, espa\u00e7o de debates nos quais s\u00e3o discutidos os desafios que as mulheres enfrentam no exerc\u00edcio da profiss\u00e3o, e que vem se tornando cada vez mais tradicional no \u00e2mbito do Sistema Cofecon\/Corecons. Haver\u00e1, ainda, a premia\u00e7\u00e3o da Gincana Nacional de Economia, competi\u00e7\u00e3o realizada entre estudantes de economia e cursos conexos para medir conhecimentos de forma pr\u00e1tica por meio de um jogo eletr\u00f4nico.<\/p>\n","protected":false},"excerpt":{"rendered":"<p>Economista tem ampla experi\u00eancia nos setores p\u00fablico e privado, tendo sido presidente do CADE e da Sabesp e secret\u00e1rio no Minist\u00e9rio da Fazenda O 28\u00ba Simp\u00f3sio Nacional dos Conselhos de Economia (SINCE), que ser\u00e1 realizado em Balne\u00e1rio Cambori\u00fa nos dias<\/p>\n<p><a class=\"more-link\" href=\"https:\/\/cofecon.org.br\/cofecon\/?p=23526\">Leia Mais<\/a><\/p>\n","protected":false},"author":1,"featured_media":23528,"comment_status":"closed","ping_status":"closed","sticky":false,"template":"","format":"standard","meta":{"footnotes":""},"categories":[2],"tags":[],"class_list":["post-23526","post","type-post","status-publish","format-standard","has-post-thumbnail","hentry","category-noticias"],"_links":{"self":[{"href":"https:\/\/cofecon.org.br\/cofecon\/index.php?rest_route=\/wp\/v2\/posts\/23526"}],"collection":[{"href":"https:\/\/cofecon.org.br\/cofecon\/index.php?rest_route=\/wp\/v2\/posts"}],"about":[{"href":"https:\/\/cofecon.org.br\/cofecon\/index.php?rest_route=\/wp\/v2\/types\/post"}],"author":[{"embeddable":true,"href":"https:\/\/cofecon.org.br\/cofecon\/index.php?rest_route=\/wp\/v2\/users\/1"}],"replies":[{"embeddable":true,"href":"https:\/\/cofecon.org.br\/cofecon\/index.php?rest_route=%2Fwp%2Fv2%2Fcomments&post=23526"}],"version-history":[{"count":0,"href":"https:\/\/cofecon.org.br\/cofecon\/index.php?rest_route=\/wp\/v2\/posts\/23526\/revisions"}],"wp:featuredmedia":[{"embeddable":true,"href":"https:\/\/cofecon.org.br\/cofecon\/index.php?rest_route=\/wp\/v2\/media\/23528"}],"wp:attachment":[{"href":"https:\/\/cofecon.org.br\/cofecon\/index.php?rest_route=%2Fwp%2Fv2%2Fmedia&parent=23526"}],"wp:term":[{"taxonomy":"category","embeddable":true,"href":"https:\/\/cofecon.org.br\/cofecon\/index.php?rest_route=%2Fwp%2Fv2%2Fcategories&post=23526"},{"taxonomy":"post_tag","embeddable":true,"href":"https:\/\/cofecon.org.br\/cofecon\/index.php?rest_route=%2Fwp%2Fv2%2Ftags&post=23526"}],"curies":[{"name":"wp","href":"https:\/\/api.w.org\/{rel}","templated":true}]}}