{"id":23522,"date":"2024-09-13T17:41:11","date_gmt":"2024-09-13T20:41:11","guid":{"rendered":"https:\/\/www.cofecon.org.br\/?p=23522"},"modified":"2024-09-13T17:41:11","modified_gmt":"2024-09-13T20:41:11","slug":"2o-seminario-mulher-economista-e-diversidade-tem-inicio-com-debate-sobre-tecnologia","status":"publish","type":"post","link":"https:\/\/cofecon.org.br\/cofecon\/?p=23522","title":{"rendered":"2\u00ba Semin\u00e1rio Mulher Economista e Diversidade tem in\u00edcio com debate sobre tecnologia"},"content":{"rendered":"<p><em>Economista Helena Lastres abordou os impactos da difus\u00e3o das novas tecnologias de comunica\u00e7\u00e3o e informa\u00e7\u00e3o<\/em><\/p>\n<p>Teve in\u00edcio na noite desta quinta-feira (12) 0 2\u00ba Semin\u00e1rio Mulher Economista e Diversidade. O evento \u00e9 promovido pela Comiss\u00e3o Mulher Economista e Diversidade do Cofecon e pelo Corecon-MG e tem como tema \u201cMulheres Economistas, Pesquisadoras, Inova\u00e7\u00f5es e Financiamentos\u201d. A noite de abertura ocorreu no audit\u00f3rio do Corecon e contou com uma palestra magna proferida pela economista Helena Lastres. O evento pode ser assistido clicando <a href=\"https:\/\/youtu.be\/yHoTTINLAX8?t=1140\"><span style=\"text-decoration: underline;\"><strong>AQUI<\/strong><\/span><\/a>.<\/p>\n<p><iframe loading=\"lazy\" title=\"YouTube video player\" src=\"\/\/www.youtube.com\/embed\/yHoTTINLAX8?si=L0NZds6u4sIzDzSW\" width=\"560\" height=\"315\" frameborder=\"0\" allowfullscreen=\"allowfullscreen\"><\/iframe><\/p>\n<p>A conselheira federal Teresinha de Jesus Ferreira da Silva, coordenadora da Comiss\u00e3o Mulher Economista e Diversidade, agradeceu a presen\u00e7a dos homens no audit\u00f3rio. \u201c\u00c9 um evento voltado para n\u00f3s mulheres, mas n\u00e3o \u00e9 fechado para os homens. Isso \u00e9 diversidade: trabalhar a quest\u00e3o da mulher economista, mas tamb\u00e9m inserir os homens dentro deste contexto\u201d, afirmou. \u201cEsse semin\u00e1rio \u00e9 uma mudan\u00e7a de percep\u00e7\u00e3o do que n\u00f3s queremos, qual \u00e9 a nossa participa\u00e7\u00e3o e o nosso potencial. Somos competentes, temos diversidade de conhecimentos e precisamos servir de exemplo para outras mulheres, para que elas possam se espelhar em colegas bem-sucedidas dentro da profiss\u00e3o.<\/p>\n<p>A presidente do Corecon-MG, Valqu\u00edria Assis, afirmou que a sede do Regional \u00e9 historicamente um espa\u00e7o de discuss\u00f5es importante da cidade de Belo Horizonte e abordou o tema do evento. \u201cVemos as dificuldades das mulheres que fazem pesquisa, buscando conhecimento, e nossa participa\u00e7\u00e3o ainda \u00e9 pequena\u201d, observou. \u201cNa pandemia o mundo se tornou mais digital e tecnol\u00f3gico. As pautas das mulheres s\u00e3o muitas, e temos essa nova, porque precisamos nos inserir neste novo mercado de trabalho que est\u00e1 surgindo e que as mulheres pouco dominam\u201d.<\/p>\n<p>Carolina Rocha apontou que a igualdade de g\u00eanero, mais do que uma quest\u00e3o de equidade, \u00e9 \u201cum imperativo para o avan\u00e7o da ci\u00eancia e a constru\u00e7\u00e3o de um mundo mais justo e inovador\u201d. A vice-presidente do Corecon-MG mencionou tamb\u00e9m que \u201co Brasil e o mundo est\u00e3o imersos numa nova revolu\u00e7\u00e3o industrial marcada por avan\u00e7os tecnol\u00f3gicos e inova\u00e7\u00f5es disruptivas. O papel das mulheres \u00e9 mais crucial que nunca. Economistas como Maria da Concei\u00e7\u00e3o Tavares t\u00eam demonstrado que sua participa\u00e7\u00e3o ativa e lideran\u00e7a s\u00e3o essenciais para enfrentar os desafios contempor\u00e2neos e moldar um futuro mais equitativo e progressista\u201d.<\/p>\n<p>A presidente do Corecon-PE, Poema Souza, destacou a diversidade representada na mesa de abertura. \u201cTemos representa\u00e7\u00e3o de v\u00e1rias regi\u00f5es, etnias, ra\u00e7as, credos e cores\u201d, comentou. \u201cO papel da mulher economista tem que ser valorizado. Embora tenhamos menor propor\u00e7\u00e3o em cargos de lideran\u00e7a, acredito que a trajet\u00f3ria est\u00e1 sendo bem desenvolvida, alcan\u00e7ando novos espa\u00e7os. Para isso s\u00e3o necess\u00e1rias pol\u00edticas p\u00fablicas, e o governo recentemente aprovou uma que garante que as mulheres na p\u00f3s-gradua\u00e7\u00e3o tenham um prazo maior se forem m\u00e3es. Assim podemos incentivar mulheres cada vez mais qualificadas para assumirem posi\u00e7\u00f5es com uma forma\u00e7\u00e3o como o mercado exige\u201d.<\/p>\n<p>A economista Beatriz Barros ressaltou o apoio que teve de v\u00e1rias institui\u00e7\u00f5es ao longo de sua trajet\u00f3ria. \u201cSempre digo que nunca sonhei em ser doutoranda ou doutora em economia, porque essa possibilidade nunca me foi apresentada. Foi a escola e o espa\u00e7o dado pelos professores e pelos colegas aqui presentes que me proporcionaram a oportunidade de estar aqui com voc\u00eas hoje\u201d, agradeceu. \u201cEste espa\u00e7o de debates, al\u00e9m de promover um incentivo ao nosso trabalho, tem o papel de formar novas mulheres\u201d.<\/p>\n<p>\u201cNeste semin\u00e1rio discutiremos nosso papel no contexto tecnol\u00f3gico, no mercado de trabalho e principalmente nas posi\u00e7\u00f5es de lideran\u00e7a\u201d, expressou a economista Eul\u00e1lia Alvarenga. \u201cPodemos<\/p>\n<p>estar, por exemplo, no mercado financeiro, onde somente 2\u00ba de mulheres t\u00eam cargos de diretoras e executivas e somos menos de 20% nas cadeiras de conselhos de administra\u00e7\u00e3o\u201d.<\/p>\n<p>A mesa de abertura tamb\u00e9m contou com um v\u00eddeo de homenagem \u00e0 economista Maria da Concei\u00e7\u00e3o Tavares, falecida no m\u00eas de junho aos 94 anos. Concei\u00e7\u00e3o foi professora de diversas personalidades relevantes da economia brasileira e recebeu em 2010 o pr\u00eamio Personalidade Econ\u00f4mica do Ano, entregue pelo Cofecon, tendo sido a primeira mulher agraciada com tal honraria.<\/p>\n<p><strong>Palestra magna<\/strong><\/p>\n<p>A palestra magna da noite de abertura foi realizada pela economista Helena Lastres, professora da Universidade Federal do Rio de Janeiro, com doutorado em desenvolvimento industrial e pol\u00edtica de ci\u00eancia, tecnologia e inova\u00e7\u00e3o pela Universidade de Sussex e p\u00f3s-doutorado em inova\u00e7\u00e3o pela Universidade Pierre Mend\u00e8s-France, na Fran\u00e7a. Ela discutiu alguns conceitos de desenvolvimento e abordou o grande impacto causado pelo avan\u00e7o das tecnologias de informa\u00e7\u00e3o e comunica\u00e7\u00e3o desde o final do s\u00e9culo passado.<\/p>\n<p>As tecnologias alteraram n\u00e3o somente as atividades produtivas, mas tamb\u00e9m aspectos da vida ambiental, social e pol\u00edtica. Essa situa\u00e7\u00e3o refor\u00e7a a relev\u00e2ncia do papel do Estado no sentido de proteger as sociedades e as economias dos pa\u00edses e orientar a difus\u00e3o destas tecnologias. \u201cEssas mudan\u00e7as desafiam inclusive a teoria econ\u00f4mica. Tem um campo enorme de pesquisa a\u00ed para n\u00f3s, economistas\u201d, apontou Lastres. \u201cMas, em primeiro lugar, se baseiam na imaterialidade, na intangibilidade, n\u00e3o como conhecemos na economia industrial. Tem a capacidade de ser utilizada simultaneamente em v\u00e1rios lugares do mundo. Quanto mais eu compartilhar, mais eu aumento o conhecimento, e isso d\u00e1 um n\u00f3 nas teorias baseadas na escassez. As informa\u00e7\u00f5es s\u00e3o muito mais que abundantes, s\u00e3o inesgot\u00e1veis. Podem ser replicadas muitas vezes a custo zero\u201d.<\/p>\n<p>Um dos aspectos mais destacados s\u00e3o as novas formas online de comercializa\u00e7\u00e3o e de pagamento. Elas levaram \u00e0 transforma\u00e7\u00e3o do consumidor em coprodutor daquilo que consome, dando informa\u00e7\u00f5es sobre o seu conte\u00fado, seu perfil e experi\u00eancias. Em todo o tempo s\u00e3o coletadas informa\u00e7\u00f5es. Os celulares, mesmo desligados, realizam esta coleta. \u201cPrivacidade? Esque\u00e7am\u201d, sentenciou a professora.<\/p>\n<p><a data-flickr-embed='true' href='https:\/\/www.flickr.com\/photos\/196930704@N08\/albums\/72177720320302287\/' title='2\u00ba Semin\u00e1rio Mulher Economista e Diversidade by imprensa.cofecon, on Flickr'><img src='https:\/\/live.staticflickr.com\/65535\/54004738958_fd29b1cc6a.jpg' width='800' height='600' alt='_ALC4400'><\/a><script async src='https:\/\/embedr.flickr.com\/assets\/client-code.js' charset='utf-8'><\/script><\/p>\n","protected":false},"excerpt":{"rendered":"<p>Economista Helena Lastres abordou os impactos da difus\u00e3o das novas tecnologias de comunica\u00e7\u00e3o e informa\u00e7\u00e3o Teve in\u00edcio na noite desta quinta-feira (12) 0 2\u00ba Semin\u00e1rio Mulher Economista e Diversidade. O evento \u00e9 promovido pela Comiss\u00e3o Mulher Economista e Diversidade do<\/p>\n<p><a class=\"more-link\" href=\"https:\/\/cofecon.org.br\/cofecon\/?p=23522\">Leia Mais<\/a><\/p>\n","protected":false},"author":1,"featured_media":23524,"comment_status":"closed","ping_status":"closed","sticky":false,"template":"","format":"standard","meta":{"footnotes":""},"categories":[2],"tags":[],"class_list":["post-23522","post","type-post","status-publish","format-standard","has-post-thumbnail","hentry","category-noticias"],"_links":{"self":[{"href":"https:\/\/cofecon.org.br\/cofecon\/index.php?rest_route=\/wp\/v2\/posts\/23522"}],"collection":[{"href":"https:\/\/cofecon.org.br\/cofecon\/index.php?rest_route=\/wp\/v2\/posts"}],"about":[{"href":"https:\/\/cofecon.org.br\/cofecon\/index.php?rest_route=\/wp\/v2\/types\/post"}],"author":[{"embeddable":true,"href":"https:\/\/cofecon.org.br\/cofecon\/index.php?rest_route=\/wp\/v2\/users\/1"}],"replies":[{"embeddable":true,"href":"https:\/\/cofecon.org.br\/cofecon\/index.php?rest_route=%2Fwp%2Fv2%2Fcomments&post=23522"}],"version-history":[{"count":0,"href":"https:\/\/cofecon.org.br\/cofecon\/index.php?rest_route=\/wp\/v2\/posts\/23522\/revisions"}],"wp:featuredmedia":[{"embeddable":true,"href":"https:\/\/cofecon.org.br\/cofecon\/index.php?rest_route=\/wp\/v2\/media\/23524"}],"wp:attachment":[{"href":"https:\/\/cofecon.org.br\/cofecon\/index.php?rest_route=%2Fwp%2Fv2%2Fmedia&parent=23522"}],"wp:term":[{"taxonomy":"category","embeddable":true,"href":"https:\/\/cofecon.org.br\/cofecon\/index.php?rest_route=%2Fwp%2Fv2%2Fcategories&post=23522"},{"taxonomy":"post_tag","embeddable":true,"href":"https:\/\/cofecon.org.br\/cofecon\/index.php?rest_route=%2Fwp%2Fv2%2Ftags&post=23522"}],"curies":[{"name":"wp","href":"https:\/\/api.w.org\/{rel}","templated":true}]}}