{"id":22667,"date":"2024-05-28T17:13:22","date_gmt":"2024-05-28T20:13:22","guid":{"rendered":"https:\/\/www.cofecon.org.br\/?p=22667"},"modified":"2024-05-28T17:13:22","modified_gmt":"2024-05-28T20:13:22","slug":"aquino-comenta-impacto-do-aumento-do-salario-minimo-nos-gastos-publicos","status":"publish","type":"post","link":"https:\/\/cofecon.org.br\/cofecon\/?p=22667","title":{"rendered":"Aquino comenta impacto do aumento do sal\u00e1rio m\u00ednimo nos gastos p\u00fablicos"},"content":{"rendered":"<p><em>O economista, que \u00e9 integrante da Comiss\u00e3o de Pol\u00edtica Econ\u00f4mica do Cofecon, n\u00e3o v\u00ea risco de explos\u00e3o nos gastos p\u00fablicos. &#8220;Precisamos ter uma administra\u00e7\u00e3o de gastos e receitas para evitar rea\u00e7\u00f5es exageradas&#8221;, comentou<\/em><\/p>\n<p>O economista Fernando de Aquino Fonseca Neto, integrante da Comiss\u00e3o de Pol\u00edtica Econ\u00f4mica do Cofecon, foi um dos economistas ouvidos pelo portal Brasil 61 para falar sobre a corre\u00e7\u00e3o do sal\u00e1rio m\u00ednimo e a varia\u00e7\u00e3o do \u00cdndice Nacional de Pre\u00e7os ao Consumidor (INPC). A estimativa \u00e9 de que estes fatores causem um impacto de R$ 51,2 bilh\u00f5es nas contas p\u00fablicas.<\/p>\n<p>Aquino falou que o endividamento p\u00fablico tem se mantido sob controle h\u00e1 v\u00e1rios anos e que n\u00e3o v\u00ea o risco de uma explos\u00e3o fiscal. &#8220;A situa\u00e7\u00e3o de overshooting [movimento do mercado que ultrapassa pontos de equil\u00edbrio esperados] e as rea\u00e7\u00f5es do mercado, em geral, t\u00eam um impacto desfavor\u00e1vel sobre a economia real&#8221;, comentou o economista. &#8220;Precisamos ter uma administra\u00e7\u00e3o de gastos e receitas p\u00fablicas para evitar essas rea\u00e7\u00f5es exageradas&#8221;. Aquino acredita que os gastos previdenci\u00e1rios podem ter uma trajet\u00f3ria explosiva no longo prazo e que, por isso, h\u00e1 tempo para realizar ajustes.<\/p>\n<p>O sal\u00e1rio m\u00ednimo \u00e9 usado como refer\u00eancia para os benef\u00edcios da Previd\u00eancia Social, seguro-desemprego e abono salarial do Pis\/Pasep. O INPC \u00e9 utilizado para corrigir os benef\u00edcios previdenci\u00e1rios acima de um sal\u00e1rio m\u00ednimo.<\/p>\n<p>A mat\u00e9ria pode ser lida clicando <a href=\"https:\/\/brasil61.com\/n\/ldo-correcao-do-minimo-e-variacao-do-inpc-podem-impactar-r-51-bi-bras2411748\">AQUI.<\/a><\/p>\n","protected":false},"excerpt":{"rendered":"<p>O economista, que \u00e9 integrante da Comiss\u00e3o de Pol\u00edtica Econ\u00f4mica do Cofecon, n\u00e3o v\u00ea risco de explos\u00e3o nos gastos p\u00fablicos. &#8220;Precisamos ter uma administra\u00e7\u00e3o de gastos e receitas para evitar rea\u00e7\u00f5es exageradas&#8221;, comentou O economista Fernando de Aquino Fonseca Neto,<\/p>\n<p><a class=\"more-link\" href=\"https:\/\/cofecon.org.br\/cofecon\/?p=22667\">Leia Mais<\/a><\/p>\n","protected":false},"author":1,"featured_media":22668,"comment_status":"closed","ping_status":"closed","sticky":false,"template":"","format":"standard","meta":{"footnotes":""},"categories":[2],"tags":[],"class_list":["post-22667","post","type-post","status-publish","format-standard","has-post-thumbnail","hentry","category-noticias"],"_links":{"self":[{"href":"https:\/\/cofecon.org.br\/cofecon\/index.php?rest_route=\/wp\/v2\/posts\/22667"}],"collection":[{"href":"https:\/\/cofecon.org.br\/cofecon\/index.php?rest_route=\/wp\/v2\/posts"}],"about":[{"href":"https:\/\/cofecon.org.br\/cofecon\/index.php?rest_route=\/wp\/v2\/types\/post"}],"author":[{"embeddable":true,"href":"https:\/\/cofecon.org.br\/cofecon\/index.php?rest_route=\/wp\/v2\/users\/1"}],"replies":[{"embeddable":true,"href":"https:\/\/cofecon.org.br\/cofecon\/index.php?rest_route=%2Fwp%2Fv2%2Fcomments&post=22667"}],"version-history":[{"count":0,"href":"https:\/\/cofecon.org.br\/cofecon\/index.php?rest_route=\/wp\/v2\/posts\/22667\/revisions"}],"wp:featuredmedia":[{"embeddable":true,"href":"https:\/\/cofecon.org.br\/cofecon\/index.php?rest_route=\/wp\/v2\/media\/22668"}],"wp:attachment":[{"href":"https:\/\/cofecon.org.br\/cofecon\/index.php?rest_route=%2Fwp%2Fv2%2Fmedia&parent=22667"}],"wp:term":[{"taxonomy":"category","embeddable":true,"href":"https:\/\/cofecon.org.br\/cofecon\/index.php?rest_route=%2Fwp%2Fv2%2Fcategories&post=22667"},{"taxonomy":"post_tag","embeddable":true,"href":"https:\/\/cofecon.org.br\/cofecon\/index.php?rest_route=%2Fwp%2Fv2%2Ftags&post=22667"}],"curies":[{"name":"wp","href":"https:\/\/api.w.org\/{rel}","templated":true}]}}