{"id":22664,"date":"2024-05-27T10:17:11","date_gmt":"2024-05-27T13:17:11","guid":{"rendered":"https:\/\/www.cofecon.org.br\/?p=22664"},"modified":"2024-05-27T10:17:11","modified_gmt":"2024-05-27T13:17:11","slug":"artigo-de-opiniao-riscos-geopoliticos-para-a-inflacao-global","status":"publish","type":"post","link":"https:\/\/cofecon.org.br\/cofecon\/?p=22664","title":{"rendered":"Artigo de opini\u00e3o &#8211; Riscos geopol\u00edticos para a infla\u00e7\u00e3o global"},"content":{"rendered":"<p><em>Artigo de opini\u00e3o por Lauro Chaves Neto*, publicado originalmente no jornal O Povo<\/em><\/p>\n<p>Os conflitos geopol\u00edticos s\u00e3o uma das marcas da evolu\u00e7\u00e3o hist\u00f3rica da sociedade, uma trag\u00e9dia em termos humanos e sociais. As\u00a0<a href=\"https:\/\/www1.folha.uol.com.br\/mundo\/guerra-da-ucrania\/\">Guerras da Ucr\u00e2nia<\/a> e\u00a0<a href=\"https:\/\/www1.folha.uol.com.br\/folha-topicos\/guerra-israel-hamas\/\"> do Oriente M\u00e9dio<\/a>\u00a0 possuem potencial de produzir impactos profundos e difusos.<\/p>\n<p>A eleva\u00e7\u00e3o da infla\u00e7\u00e3o global, em termos econ\u00f4micos, \u00e9 um dos mais danosos dos impactos previstos. A chance de uma estabilidade inflacion\u00e1ria de volta aos n\u00edveis pr\u00e9-pandemia \u00e9 reduzida no cen\u00e1rio atual.<\/p>\n<p>Quando as diferen\u00e7as geopol\u00edticas extrapolam o campo diplom\u00e1tico, dificultam ou danificam o uso das infraestruturas, desestruturam as cadeias de log\u00edstica e suprimentos impactando em toda a cadeia de abastecimento de insumos, bens e servi\u00e7os.<\/p>\n<p>R\u00fassia e Ucr\u00e2nia s\u00e3o dois dos principais produtores de commodities do mundo e, desde o in\u00edcio da guerra entre eles, houve uma escalada no pre\u00e7o das mesmas, o que impactou tanto os exportadores como os importadores.<\/p>\n<p>Se na pandemia foi aceso o sinal de alerta para os pa\u00edses n\u00e3o dependerem da importa\u00e7\u00e3o de insumos e tecnologia para a sa\u00fade, os conflitos geopol\u00edticos trouxeram reflex\u00f5es no mesmo sentido para a seguran\u00e7a energ\u00e9tica e alimentar.<\/p>\n<p>As estrat\u00e9gias organizacionais passaram a focar muito mais na seguran\u00e7a e na resili\u00eancia das cadeias de suprimentos e log\u00edstica do que a vis\u00e3o tradicional de efici\u00eancia e redu\u00e7\u00e3o de custos, algo na mesma dire\u00e7\u00e3o da abordagem sobre as cadeias de valor da economia da sa\u00fade p\u00f3s pandemia.<\/p>\n<p>Diante do exposto, existe uma crescente incerteza sobre o cen\u00e1rio geopol\u00edtico global e o acesso \u00e0s cadeias globais de valor e log\u00edstica, aos mercados financeiros internacionais e os seus impactos na pol\u00edtica monet\u00e1ria.<\/p>\n<p>Ap\u00f3s recente pol\u00edtica monet\u00e1ria, principalmente devido as restri\u00e7\u00f5es de oferta e as suas consequ\u00eancias inflacion\u00e1rias, os bancos centrais v\u00e3o encarar o desafio de retomar a estabilidade monet\u00e1ria, condi\u00e7\u00e3o necess\u00e1ria, por\u00e9m n\u00e3o suficiente, para o desenvolvimento econ\u00f4mico.<\/p>\n<p>Em um contexto de pol\u00edticas fiscais expansionistas, com d\u00e9ficit e endividamento p\u00fablicos crescentes, existir\u00e1 maios press\u00e3o sobre o patamar das taxas de juros e, provavelmente, um debate sobre a eleva\u00e7\u00e3o das metas de infla\u00e7\u00e3o.<\/p>\n<p><em>*Professor da UECE, Membro do Conselho Federal de Economia e Presidente da Academia Cearense de Economia<\/em><\/p>\n","protected":false},"excerpt":{"rendered":"<p>Artigo de opini\u00e3o por Lauro Chaves Neto*, publicado originalmente no jornal O Povo Os conflitos geopol\u00edticos s\u00e3o uma das marcas da evolu\u00e7\u00e3o hist\u00f3rica da sociedade, uma trag\u00e9dia em termos humanos e sociais. As\u00a0Guerras da Ucr\u00e2nia e\u00a0 do Oriente M\u00e9dio\u00a0 possuem<\/p>\n<p><a class=\"more-link\" href=\"https:\/\/cofecon.org.br\/cofecon\/?p=22664\">Leia Mais<\/a><\/p>\n","protected":false},"author":1,"featured_media":22665,"comment_status":"closed","ping_status":"closed","sticky":false,"template":"","format":"standard","meta":{"footnotes":""},"categories":[6],"tags":[],"class_list":["post-22664","post","type-post","status-publish","format-standard","has-post-thumbnail","hentry","category-artigo"],"_links":{"self":[{"href":"https:\/\/cofecon.org.br\/cofecon\/index.php?rest_route=\/wp\/v2\/posts\/22664"}],"collection":[{"href":"https:\/\/cofecon.org.br\/cofecon\/index.php?rest_route=\/wp\/v2\/posts"}],"about":[{"href":"https:\/\/cofecon.org.br\/cofecon\/index.php?rest_route=\/wp\/v2\/types\/post"}],"author":[{"embeddable":true,"href":"https:\/\/cofecon.org.br\/cofecon\/index.php?rest_route=\/wp\/v2\/users\/1"}],"replies":[{"embeddable":true,"href":"https:\/\/cofecon.org.br\/cofecon\/index.php?rest_route=%2Fwp%2Fv2%2Fcomments&post=22664"}],"version-history":[{"count":0,"href":"https:\/\/cofecon.org.br\/cofecon\/index.php?rest_route=\/wp\/v2\/posts\/22664\/revisions"}],"wp:featuredmedia":[{"embeddable":true,"href":"https:\/\/cofecon.org.br\/cofecon\/index.php?rest_route=\/wp\/v2\/media\/22665"}],"wp:attachment":[{"href":"https:\/\/cofecon.org.br\/cofecon\/index.php?rest_route=%2Fwp%2Fv2%2Fmedia&parent=22664"}],"wp:term":[{"taxonomy":"category","embeddable":true,"href":"https:\/\/cofecon.org.br\/cofecon\/index.php?rest_route=%2Fwp%2Fv2%2Fcategories&post=22664"},{"taxonomy":"post_tag","embeddable":true,"href":"https:\/\/cofecon.org.br\/cofecon\/index.php?rest_route=%2Fwp%2Fv2%2Ftags&post=22664"}],"curies":[{"name":"wp","href":"https:\/\/api.w.org\/{rel}","templated":true}]}}