{"id":22400,"date":"2024-04-01T11:50:43","date_gmt":"2024-04-01T14:50:43","guid":{"rendered":"https:\/\/www.cofecon.org.br\/?p=22400"},"modified":"2024-04-01T11:50:43","modified_gmt":"2024-04-01T14:50:43","slug":"artigo-reverter-a-desindustrializacao-brasileira","status":"publish","type":"post","link":"https:\/\/cofecon.org.br\/cofecon\/?p=22400","title":{"rendered":"Artigo &#8211; Reverter a desindustrializa\u00e7\u00e3o brasileira"},"content":{"rendered":"\n<p><em>Leia o artigo do conselheiro federal Lauro Chaves Neto publicado nesta segunda-feira (1\u00ba\/04) no jornal O Povo<\/em><\/p>\n<p class=\"texto\">A queda no ritmo de crescimento da economia brasileira nas \u00faltimas d\u00e9cadas tem entre as suas principais causas o processo de desindustrializa\u00e7\u00e3o precoce.<\/p>\n<p class=\"texto\">De 2008 a 2018, a participa\u00e7\u00e3o da ind\u00fastria de transforma\u00e7\u00e3o na economia caiu de aproximadamente 17% para quase 12%, patamar que se estabilizou e significa 20% a menos do que o registrado em 1999.<\/p>\n<p class=\"texto\">A an\u00e1lise hist\u00f3rica evidencia que a melhoria na qualidade de vida com o desenvolvimento econ\u00f4mico, na maior parte das vezes, esteve relacionada com a eleva\u00e7\u00e3o da participa\u00e7\u00e3o da ind\u00fastria de transforma\u00e7\u00e3o no PIB e na gera\u00e7\u00e3o de empregos.<\/p>\n<p class=\"texto\">O processo de desindustrializa\u00e7\u00e3o de pa\u00edses de renda alta, como os EUA e os da Escandin\u00e1via, por exemplo, tem outra natureza, pois, a partir de um patamar elevado de renda, existe uma diversifica\u00e7\u00e3o da estrutura de consumo das fam\u00edlias na dire\u00e7\u00e3o de servi\u00e7os, cultura, entretenimento, e passa a existir uma redu\u00e7\u00e3o &#8220;natural&#8221; da participa\u00e7\u00e3o da ind\u00fastria de transforma\u00e7\u00e3o no PIB, podendo esse processo ser retardado com o crescimento das exporta\u00e7\u00f5es industriais, principalmente com avan\u00e7os e inova\u00e7\u00f5es tecnol\u00f3gicas.<\/p>\n<p class=\"texto\">Em outra dire\u00e7\u00e3o, a desindustrializa\u00e7\u00e3o precoce ou prematura, como a do Brasil, ocorreu antes de ser alcan\u00e7ado o patamar de elevado n\u00edvel de renda e qualidade de vida. Ao contr\u00e1rio, verificam-se ainda bols\u00f5es de pobreza extrema e acentuadas desigualdades sociais e territoriais.<\/p>\n<p class=\"texto\">Reverter essa desindustrializa\u00e7\u00e3o no Brasil requer uma efetiva articula\u00e7\u00e3o do poder p\u00fablico, do setor produtivo e da academia, a conhecida tr\u00edplice h\u00e9lice. A nova pol\u00edtica industrial \u00e9 um alento nessa dire\u00e7\u00e3o, por\u00e9m precisa ser efetivamente implantada e sair do discurso.<\/p>\n<p class=\"texto\">Inserir a ind\u00fastria brasileira nas cadeias globais de valor \u00e9 uma condi\u00e7\u00e3o necess\u00e1ria, embora n\u00e3o suficiente, para isso. Sendo importante a cria\u00e7\u00e3o de ecossistemas de inova\u00e7\u00e3o, racionaliza\u00e7\u00e3o tribut\u00e1ria, economia circular, transi\u00e7\u00e3o energ\u00e9tica, infraestrutura adequada, transforma\u00e7\u00e3o digital e oferta de cr\u00e9dito, dentro de uma matriz que contemple tanto o desenvolvimento territorial como o setorial, integrando recursos, potencialidades e vantagens competitivas.<\/p>\n<p><strong>Artigo publicado originalmente no jornal O Povo. Publica\u00e7\u00e3o original, dispon\u00edvel para assinantes, pode ser acessada <\/strong><a href=\"https:\/\/mais.opovo.com.br\/jornal\/opiniao\/2024\/04\/01\/reverter-a-desindustrializacao-brasileira.html\"><span style=\"text-decoration: underline;\">AQUI<\/span><\/a><strong>.<\/strong><\/p>\n","protected":false},"excerpt":{"rendered":"","protected":false},"author":1,"featured_media":22403,"comment_status":"closed","ping_status":"closed","sticky":false,"template":"","format":"standard","meta":{"footnotes":""},"categories":[6,7],"tags":[],"class_list":["post-22400","post","type-post","status-publish","format-standard","has-post-thumbnail","hentry","category-artigo","category-cofecon-na-midia"],"_links":{"self":[{"href":"https:\/\/cofecon.org.br\/cofecon\/index.php?rest_route=\/wp\/v2\/posts\/22400"}],"collection":[{"href":"https:\/\/cofecon.org.br\/cofecon\/index.php?rest_route=\/wp\/v2\/posts"}],"about":[{"href":"https:\/\/cofecon.org.br\/cofecon\/index.php?rest_route=\/wp\/v2\/types\/post"}],"author":[{"embeddable":true,"href":"https:\/\/cofecon.org.br\/cofecon\/index.php?rest_route=\/wp\/v2\/users\/1"}],"replies":[{"embeddable":true,"href":"https:\/\/cofecon.org.br\/cofecon\/index.php?rest_route=%2Fwp%2Fv2%2Fcomments&post=22400"}],"version-history":[{"count":0,"href":"https:\/\/cofecon.org.br\/cofecon\/index.php?rest_route=\/wp\/v2\/posts\/22400\/revisions"}],"wp:featuredmedia":[{"embeddable":true,"href":"https:\/\/cofecon.org.br\/cofecon\/index.php?rest_route=\/wp\/v2\/media\/22403"}],"wp:attachment":[{"href":"https:\/\/cofecon.org.br\/cofecon\/index.php?rest_route=%2Fwp%2Fv2%2Fmedia&parent=22400"}],"wp:term":[{"taxonomy":"category","embeddable":true,"href":"https:\/\/cofecon.org.br\/cofecon\/index.php?rest_route=%2Fwp%2Fv2%2Fcategories&post=22400"},{"taxonomy":"post_tag","embeddable":true,"href":"https:\/\/cofecon.org.br\/cofecon\/index.php?rest_route=%2Fwp%2Fv2%2Ftags&post=22400"}],"curies":[{"name":"wp","href":"https:\/\/api.w.org\/{rel}","templated":true}]}}