{"id":22397,"date":"2024-03-28T16:02:20","date_gmt":"2024-03-28T19:02:20","guid":{"rendered":"https:\/\/www.cofecon.org.br\/?p=22397"},"modified":"2024-03-28T16:02:20","modified_gmt":"2024-03-28T19:02:20","slug":"claudemir-galvani-comenta-precos-dos-produtos-de-pascoa","status":"publish","type":"post","link":"https:\/\/cofecon.org.br\/cofecon\/?p=22397","title":{"rendered":"Claudemir Galvani comenta pre\u00e7os dos produtos de P\u00e1scoa"},"content":{"rendered":"<p><em>Bombons tiveram alta de 11,14% e ovos de chocolate subiram 10,33%; na outra ponta, bacalhau caiu 2,97% e sardinha 6,26%. Conselheiro federal falou \u00e0 ag\u00eancia Radioweb<\/em><\/p>\n<p>O conselheiro federal Claudemir Galvani falou \u00e0 Ag\u00eancia Radioweb sobre os pre\u00e7os dos produtos de P\u00e1scoa. Pesquisa divulgada pela Funda\u00e7\u00e3o Instituto de Pesquisas Econ\u00f4micas (FIPE) mostra que, neste ano, os bombons tiveram alta de 11,14% nos pre\u00e7os, enquanto os ovos de chocolate subiram 10,33%.<\/p>\n<p>Mas o que leva o chocolate a ter uma alta t\u00e3o grande nos pre\u00e7os? \u201cPrimeiro, \u00e9 um produto de esta\u00e7\u00e3o. Como o consumo est\u00e1 est\u00e1vel, e \u00e9 um produto vendido uma vez s\u00f3 por ano, ent\u00e3o \u00e9 o momento de poder ter um aumento de pre\u00e7os em fun\u00e7\u00e3o deste mercado espec\u00edfico\u201d, explica o conselheiro federal. \u201cOutro ponto \u00e9 o custo da mat\u00e9ria-prima. Embora o cacau seja um produto nacional, ele \u00e9 uma commodity. \u00c9 pre\u00e7o internacional. Na medida em que o exterior tem um aumento do pre\u00e7o, independentemente do que acontece no Brasil, o pre\u00e7o aqui tamb\u00e9m \u00e9 aumentado\u201d.<\/p>\n<p>Embora o grupo de pescados tenha tido uma alta de 4,38% entre a P\u00e1scoa do ano passado e a de 2024, o bacalhau apresentou queda de 2,97% e a sardinha caiu 6,26%. \u201cO bacalhau \u00e9 importado. Ent\u00e3o quando ele vem para o pa\u00eds, se o d\u00f3lar est\u00e1 a R$ 5,30, voc\u00ea tem um aumento aqui dentro. Como o d\u00f3lar est\u00e1 est\u00e1vel, se mantendo abaixo de R$ 5,00, teve uma influ\u00eancia do c\u00e2mbio\u201d, observa Galvani. \u201cE a sardinha \u00e9 o pre\u00e7o mais barato que tem no mercado. O consumidor est\u00e1 escolado com estes aumentos de pre\u00e7o. \u00c9 muito prov\u00e1vel que v\u00e1 comprar produtos mais baratos\u201d.<\/p>\n<p>A pesquisa se baseou nos pre\u00e7os m\u00e9dios do dia 19 de fevereiro a 17 de mar\u00e7o. A mat\u00e9ria divulgada pela ag\u00eancia Radioweb pode ser escutada clicando <a href=\"https:\/\/app.agenciaradioweb.com.br\/erp\/ouvir_audios\/meuplayer.php?iddrive=1ul7mXtO_jL0CJg5YqEB4NoXqoS7xqUCX\">AQUI<\/a>.<\/p>\n","protected":false},"excerpt":{"rendered":"<p>Bombons tiveram alta de 11,14% e ovos de chocolate subiram 10,33%; na outra ponta, bacalhau caiu 2,97% e sardinha 6,26%. Conselheiro federal falou \u00e0 ag\u00eancia Radioweb O conselheiro federal Claudemir Galvani falou \u00e0 Ag\u00eancia Radioweb sobre os pre\u00e7os dos produtos<\/p>\n<p><a class=\"more-link\" href=\"https:\/\/cofecon.org.br\/cofecon\/?p=22397\">Leia Mais<\/a><\/p>\n","protected":false},"author":1,"featured_media":22398,"comment_status":"closed","ping_status":"closed","sticky":false,"template":"","format":"standard","meta":{"footnotes":""},"categories":[2],"tags":[],"class_list":["post-22397","post","type-post","status-publish","format-standard","has-post-thumbnail","hentry","category-noticias"],"_links":{"self":[{"href":"https:\/\/cofecon.org.br\/cofecon\/index.php?rest_route=\/wp\/v2\/posts\/22397"}],"collection":[{"href":"https:\/\/cofecon.org.br\/cofecon\/index.php?rest_route=\/wp\/v2\/posts"}],"about":[{"href":"https:\/\/cofecon.org.br\/cofecon\/index.php?rest_route=\/wp\/v2\/types\/post"}],"author":[{"embeddable":true,"href":"https:\/\/cofecon.org.br\/cofecon\/index.php?rest_route=\/wp\/v2\/users\/1"}],"replies":[{"embeddable":true,"href":"https:\/\/cofecon.org.br\/cofecon\/index.php?rest_route=%2Fwp%2Fv2%2Fcomments&post=22397"}],"version-history":[{"count":0,"href":"https:\/\/cofecon.org.br\/cofecon\/index.php?rest_route=\/wp\/v2\/posts\/22397\/revisions"}],"wp:featuredmedia":[{"embeddable":true,"href":"https:\/\/cofecon.org.br\/cofecon\/index.php?rest_route=\/wp\/v2\/media\/22398"}],"wp:attachment":[{"href":"https:\/\/cofecon.org.br\/cofecon\/index.php?rest_route=%2Fwp%2Fv2%2Fmedia&parent=22397"}],"wp:term":[{"taxonomy":"category","embeddable":true,"href":"https:\/\/cofecon.org.br\/cofecon\/index.php?rest_route=%2Fwp%2Fv2%2Fcategories&post=22397"},{"taxonomy":"post_tag","embeddable":true,"href":"https:\/\/cofecon.org.br\/cofecon\/index.php?rest_route=%2Fwp%2Fv2%2Ftags&post=22397"}],"curies":[{"name":"wp","href":"https:\/\/api.w.org\/{rel}","templated":true}]}}