{"id":22158,"date":"2024-02-21T18:24:09","date_gmt":"2024-02-21T21:24:09","guid":{"rendered":"https:\/\/www.cofecon.org.br\/?p=22158"},"modified":"2024-02-21T18:24:09","modified_gmt":"2024-02-21T21:24:09","slug":"nota-de-pesar-affonso-celso-pastore","status":"publish","type":"post","link":"https:\/\/cofecon.org.br\/cofecon\/?p=22158","title":{"rendered":"Nota de pesar &#8211; Affonso Celso Pastore"},"content":{"rendered":"\n<p>Foi com profundo pesar que o Conselho Federal de Economia tomou conhecimento do falecimento do economista Affonso Celso Pastore, nesta quarta-feira (21), aos 84 anos.<\/p>\n<p>Ex-presidente do Banco Central (1983-1985), Pastore tamb\u00e9m atuou como docente e consultor e foi autor de uma grande quantidade de artigos e livros, em especial nas \u00e1reas de c\u00e2mbio e infla\u00e7\u00e3o.&nbsp;<\/p>\n<p>Expressamos aos familiares e amigos as mais sinceras condol\u00eancias neste momento de dor.<\/p>\n","protected":false},"excerpt":{"rendered":"","protected":false},"author":1,"featured_media":22162,"comment_status":"closed","ping_status":"closed","sticky":false,"template":"","format":"standard","meta":{"footnotes":""},"categories":[2],"tags":[],"class_list":["post-22158","post","type-post","status-publish","format-standard","has-post-thumbnail","hentry","category-noticias"],"_links":{"self":[{"href":"https:\/\/cofecon.org.br\/cofecon\/index.php?rest_route=\/wp\/v2\/posts\/22158"}],"collection":[{"href":"https:\/\/cofecon.org.br\/cofecon\/index.php?rest_route=\/wp\/v2\/posts"}],"about":[{"href":"https:\/\/cofecon.org.br\/cofecon\/index.php?rest_route=\/wp\/v2\/types\/post"}],"author":[{"embeddable":true,"href":"https:\/\/cofecon.org.br\/cofecon\/index.php?rest_route=\/wp\/v2\/users\/1"}],"replies":[{"embeddable":true,"href":"https:\/\/cofecon.org.br\/cofecon\/index.php?rest_route=%2Fwp%2Fv2%2Fcomments&post=22158"}],"version-history":[{"count":0,"href":"https:\/\/cofecon.org.br\/cofecon\/index.php?rest_route=\/wp\/v2\/posts\/22158\/revisions"}],"wp:featuredmedia":[{"embeddable":true,"href":"https:\/\/cofecon.org.br\/cofecon\/index.php?rest_route=\/wp\/v2\/media\/22162"}],"wp:attachment":[{"href":"https:\/\/cofecon.org.br\/cofecon\/index.php?rest_route=%2Fwp%2Fv2%2Fmedia&parent=22158"}],"wp:term":[{"taxonomy":"category","embeddable":true,"href":"https:\/\/cofecon.org.br\/cofecon\/index.php?rest_route=%2Fwp%2Fv2%2Fcategories&post=22158"},{"taxonomy":"post_tag","embeddable":true,"href":"https:\/\/cofecon.org.br\/cofecon\/index.php?rest_route=%2Fwp%2Fv2%2Ftags&post=22158"}],"curies":[{"name":"wp","href":"https:\/\/api.w.org\/{rel}","templated":true}]}}