{"id":22112,"date":"2024-02-06T16:13:11","date_gmt":"2024-02-06T19:13:11","guid":{"rendered":"https:\/\/www.cofecon.org.br\/?p=22112"},"modified":"2024-02-06T16:13:11","modified_gmt":"2024-02-06T19:13:11","slug":"setor-de-servicos-gera-de-60-dos-empregos-em-2023","status":"publish","type":"post","link":"https:\/\/cofecon.org.br\/cofecon\/?p=22112","title":{"rendered":"Setor de servi\u00e7os gera de 60% dos empregos em 2023"},"content":{"rendered":"<p>No total de empregos gerados no ano de 2023, segundo dados do CAGED (Cadastro Geral de Empregados e Desempregados), o setor de servi\u00e7os obteve um saldo positivo de 886.256 mil, ou seja, 60% dos empregos formais.<\/p>\n<p>O Brasil passou a ter 1.483.631 mil trabalhadores com carteira assinada no ano de 2023. No acumulado do ano os dados divulgados pelo Caged, houve saldo positivo na gera\u00e7\u00e3o de vagas em todos os cinco grupos de atividades.<\/p>\n<p>O mercado de trabalho brasileiro permanece s\u00f3lido, apesar da desacelera\u00e7\u00e3o no emprego em um contexto de crescimento econ\u00f4mico mais moderado. Teremos um avan\u00e7o moderado da popula\u00e7\u00e3o ocupada no curto prazo, diante da desacelera\u00e7\u00e3o em curso da economia global, dos efeitos defasados da pol\u00edtica monet\u00e1ria dom\u00e9stica, do menor impulso fiscal e do fim do impulso expressivo do setor agropecu\u00e1rio.<\/p>\n<p>O ambiente de redu\u00e7\u00e3o na taxa de juros, maior contingente de trabalhadores com carteira assinada e crescimento na renda destinada ao consumo das fam\u00edlias podem fazer o mercado de trabalho mostrar novo impulso na gera\u00e7\u00e3o de vagas ao longo de 2024.<\/p>\n<p><img loading=\"lazy\" decoding=\"async\" class=\"alignnone  wp-image-22114\" src=\"http:\/\/cofecon.org.br\/cofecon\/wp-content\/uploads\/2024\/02\/WhatsApp-Image-2024-02-05-at-13.47.41-300x151.jpeg\" alt=\"\" width=\"543\" height=\"273\" srcset=\"https:\/\/cofecon.org.br\/cofecon\/wp-content\/uploads\/2024\/02\/WhatsApp-Image-2024-02-05-at-13.47.41-300x151.jpeg 300w, https:\/\/cofecon.org.br\/cofecon\/wp-content\/uploads\/2024\/02\/WhatsApp-Image-2024-02-05-at-13.47.41.jpeg 580w\" sizes=\"(max-width: 543px) 100vw, 543px\" \/><\/p>\n<p>Saiba mais clicando <a href=\"http:\/\/cofecon.org.br\/cofecon\/wp-content\/uploads\/2024\/02\/Nota-Economica-Caged-12_23-V1.pdf\">AQUI.<\/a><\/p>\n\n","protected":false},"excerpt":{"rendered":"<p>No total de empregos gerados no ano de 2023, segundo dados do CAGED (Cadastro Geral de Empregados e Desempregados), o setor de servi\u00e7os obteve um saldo positivo de 886.256 mil, ou seja, 60% dos empregos formais. O Brasil passou a<\/p>\n<p><a class=\"more-link\" href=\"https:\/\/cofecon.org.br\/cofecon\/?p=22112\">Leia Mais<\/a><\/p>\n","protected":false},"author":1,"featured_media":22115,"comment_status":"closed","ping_status":"closed","sticky":false,"template":"","format":"standard","meta":{"footnotes":""},"categories":[2],"tags":[],"class_list":["post-22112","post","type-post","status-publish","format-standard","has-post-thumbnail","hentry","category-noticias"],"_links":{"self":[{"href":"https:\/\/cofecon.org.br\/cofecon\/index.php?rest_route=\/wp\/v2\/posts\/22112"}],"collection":[{"href":"https:\/\/cofecon.org.br\/cofecon\/index.php?rest_route=\/wp\/v2\/posts"}],"about":[{"href":"https:\/\/cofecon.org.br\/cofecon\/index.php?rest_route=\/wp\/v2\/types\/post"}],"author":[{"embeddable":true,"href":"https:\/\/cofecon.org.br\/cofecon\/index.php?rest_route=\/wp\/v2\/users\/1"}],"replies":[{"embeddable":true,"href":"https:\/\/cofecon.org.br\/cofecon\/index.php?rest_route=%2Fwp%2Fv2%2Fcomments&post=22112"}],"version-history":[{"count":0,"href":"https:\/\/cofecon.org.br\/cofecon\/index.php?rest_route=\/wp\/v2\/posts\/22112\/revisions"}],"wp:featuredmedia":[{"embeddable":true,"href":"https:\/\/cofecon.org.br\/cofecon\/index.php?rest_route=\/wp\/v2\/media\/22115"}],"wp:attachment":[{"href":"https:\/\/cofecon.org.br\/cofecon\/index.php?rest_route=%2Fwp%2Fv2%2Fmedia&parent=22112"}],"wp:term":[{"taxonomy":"category","embeddable":true,"href":"https:\/\/cofecon.org.br\/cofecon\/index.php?rest_route=%2Fwp%2Fv2%2Fcategories&post=22112"},{"taxonomy":"post_tag","embeddable":true,"href":"https:\/\/cofecon.org.br\/cofecon\/index.php?rest_route=%2Fwp%2Fv2%2Ftags&post=22112"}],"curies":[{"name":"wp","href":"https:\/\/api.w.org\/{rel}","templated":true}]}}