{"id":22084,"date":"2024-02-06T10:50:46","date_gmt":"2024-02-06T13:50:46","guid":{"rendered":"https:\/\/www.cofecon.org.br\/?p=22084"},"modified":"2024-02-06T10:50:46","modified_gmt":"2024-02-06T13:50:46","slug":"artigo-de-opiniao-nova-industria-brasil-um-avanco-e-grandes-desafios","status":"publish","type":"post","link":"https:\/\/cofecon.org.br\/cofecon\/?p=22084","title":{"rendered":"Artigo de opini\u00e3o &#8211; &#8220;Nova ind\u00fastria brasil, um avan\u00e7o e grandes desafios&#8221;"},"content":{"rendered":"<p><em>Artigo de opini\u00e3o por Lauro Chaves Neto*, veiculado originalmente no jornal O Povo<\/em><\/p>\n<p>Hoje o mundo vive em um cen\u00e1rio turbulento, agravado pela emerg\u00eancia clim\u00e1tica e pela press\u00e3o por descarboniza\u00e7\u00e3o; pela transforma\u00e7\u00e3o digital e pelo acirramento geopol\u00edtico. Quando se analisa a ind\u00fastria e a pr\u00f3pria economia brasileira dentro desse contexto, salta aos olhos a perda de competividade.<\/p>\n<p>Analisando os 10 anos, de 2012 a 2022, o Brasil cresceu, em m\u00e9dia, apenas 0,5% ao ano, sendo 2,7% na agropecu\u00e1ria, 0,8% nos servi\u00e7os e uma queda de 1,4% na ind\u00fastria de transforma\u00e7\u00e3o. Esta, que hoje participa com 15,1% do PIB, representou 30% na d\u00e9cada de 80. O Brasil \u00e9 a 16\u2070 maior ind\u00fastria de transforma\u00e7\u00e3o do mundo, quando j\u00e1 fomos a 10\u2070.<\/p>\n<p>Tudo isso \u00e9 agravado pela perda de competitividade, sendo o Custo Brasil estimado entre 15% e 20% do PIB, tendo uma redu\u00e7\u00e3o da complexidade tecnol\u00f3gica da pauta de exporta\u00e7\u00f5es, onde a participa\u00e7\u00e3o dos bens n\u00e3o industriais cresceu de 39,6% para 47,8% em 10 anos, no mesmo per\u00edodo os bens de alta e m\u00e9dia complexidade tecnol\u00f3gica reduziram a sua participa\u00e7\u00e3o de 21,6% para 14,5%. Nos \u00faltimos 20 anos a produtividade do trabalho na ind\u00fastria de transforma\u00e7\u00e3o caiu 23%!<\/p>\n<p>O Plano prev\u00ea R$ 300 bilh\u00f5es em linhas de cr\u00e9dito e subs\u00eddios a empresas. Visa incentivar a inova\u00e7\u00e3o tecnol\u00f3gica, o desenvolvimento produtivo, alavancar a participa\u00e7\u00e3o do Brasil no mercado internacional, investir em uma ind\u00fastria verde, com a descarboniza\u00e7\u00e3o, a economia circular e a redu\u00e7\u00e3o de res\u00edduos.<\/p>\n<p>Priorizando setores como agroind\u00fastria, sa\u00fade, infraestrutura, transforma\u00e7\u00e3o digital, bioeconomia e tecnologia de defesa.<\/p>\n<p>Ano passado os EUA divulgaram a sua Pol\u00edtica Industrial com investimento previsto de US$ 1,9 trilh\u00e3o, foco na transi\u00e7\u00e3o energ\u00e9tica e transforma\u00e7\u00e3o digital, j\u00e1 a Uni\u00e3o Europeia divulgou tamb\u00e9m a sua com US$ 1,7 trilh\u00e3o. O Brasil reservou R$ 300 bilh\u00f5es, aproximadamente US$ 60 bilh\u00f5es.<\/p>\n<p>Garantir os recursos previstos, evitar corrup\u00e7\u00e3o e desperd\u00edcios, manter a responsabilidade fiscal e n\u00e3o permitir que as exig\u00eancias de conte\u00fado nacional promovam um atraso tecnol\u00f3gico semelhante ao ocorrido em iniciativas semelhantes anteriores, s\u00e3o os maiores desafios do Plano.<\/p>\n<p><em>Lauro Chaves Neto \u2013 Professor da UECE, Presidente da Academia Cearense de Economia e Membro do Conselho Federal de Economia.<\/em><\/p>\n","protected":false},"excerpt":{"rendered":"<p>Artigo de opini\u00e3o por Lauro Chaves Neto*, veiculado originalmente no jornal O Povo Hoje o mundo vive em um cen\u00e1rio turbulento, agravado pela emerg\u00eancia clim\u00e1tica e pela press\u00e3o por descarboniza\u00e7\u00e3o; pela transforma\u00e7\u00e3o digital e pelo acirramento geopol\u00edtico. Quando se analisa<\/p>\n<p><a class=\"more-link\" href=\"https:\/\/cofecon.org.br\/cofecon\/?p=22084\">Leia Mais<\/a><\/p>\n","protected":false},"author":1,"featured_media":22085,"comment_status":"closed","ping_status":"closed","sticky":false,"template":"","format":"standard","meta":{"footnotes":""},"categories":[6],"tags":[],"class_list":["post-22084","post","type-post","status-publish","format-standard","has-post-thumbnail","hentry","category-artigo"],"_links":{"self":[{"href":"https:\/\/cofecon.org.br\/cofecon\/index.php?rest_route=\/wp\/v2\/posts\/22084"}],"collection":[{"href":"https:\/\/cofecon.org.br\/cofecon\/index.php?rest_route=\/wp\/v2\/posts"}],"about":[{"href":"https:\/\/cofecon.org.br\/cofecon\/index.php?rest_route=\/wp\/v2\/types\/post"}],"author":[{"embeddable":true,"href":"https:\/\/cofecon.org.br\/cofecon\/index.php?rest_route=\/wp\/v2\/users\/1"}],"replies":[{"embeddable":true,"href":"https:\/\/cofecon.org.br\/cofecon\/index.php?rest_route=%2Fwp%2Fv2%2Fcomments&post=22084"}],"version-history":[{"count":0,"href":"https:\/\/cofecon.org.br\/cofecon\/index.php?rest_route=\/wp\/v2\/posts\/22084\/revisions"}],"wp:featuredmedia":[{"embeddable":true,"href":"https:\/\/cofecon.org.br\/cofecon\/index.php?rest_route=\/wp\/v2\/media\/22085"}],"wp:attachment":[{"href":"https:\/\/cofecon.org.br\/cofecon\/index.php?rest_route=%2Fwp%2Fv2%2Fmedia&parent=22084"}],"wp:term":[{"taxonomy":"category","embeddable":true,"href":"https:\/\/cofecon.org.br\/cofecon\/index.php?rest_route=%2Fwp%2Fv2%2Fcategories&post=22084"},{"taxonomy":"post_tag","embeddable":true,"href":"https:\/\/cofecon.org.br\/cofecon\/index.php?rest_route=%2Fwp%2Fv2%2Ftags&post=22084"}],"curies":[{"name":"wp","href":"https:\/\/api.w.org\/{rel}","templated":true}]}}