{"id":22079,"date":"2024-02-06T16:10:00","date_gmt":"2024-02-06T19:10:00","guid":{"rendered":"https:\/\/www.cofecon.org.br\/?p=22079"},"modified":"2024-02-06T16:10:00","modified_gmt":"2024-02-06T19:10:00","slug":"aprovado-novo-layout-das-carteiras-profissionais","status":"publish","type":"post","link":"https:\/\/cofecon.org.br\/cofecon\/?p=22079","title":{"rendered":"Aprovado novo layout das carteiras profissionais"},"content":{"rendered":"<p><em>Modelos apresentados na 730\u00aa Sess\u00e3o Plen\u00e1ria retiram a impress\u00e3o digital, conforme aprovado pelo Cofecon no ano passado<\/em><\/p>\n<div id=\"attachment_22121\" style=\"width: 482px\" class=\"wp-caption aligncenter\"><img loading=\"lazy\" decoding=\"async\" aria-describedby=\"caption-attachment-22121\" class=\"wp-image-22121\" src=\"http:\/\/cofecon.org.br\/cofecon\/wp-content\/uploads\/2024\/02\/1-Econ_Mestres_Doutores_Azul_NomeCivil-300x92.jpg\" alt=\"\" width=\"472\" height=\"145\" srcset=\"https:\/\/cofecon.org.br\/cofecon\/wp-content\/uploads\/2024\/02\/1-Econ_Mestres_Doutores_Azul_NomeCivil-300x92.jpg 300w, https:\/\/cofecon.org.br\/cofecon\/wp-content\/uploads\/2024\/02\/1-Econ_Mestres_Doutores_Azul_NomeCivil-1024x312.jpg 1024w, https:\/\/cofecon.org.br\/cofecon\/wp-content\/uploads\/2024\/02\/1-Econ_Mestres_Doutores_Azul_NomeCivil-768x234.jpg 768w, https:\/\/cofecon.org.br\/cofecon\/wp-content\/uploads\/2024\/02\/1-Econ_Mestres_Doutores_Azul_NomeCivil-800x244.jpg 800w, https:\/\/cofecon.org.br\/cofecon\/wp-content\/uploads\/2024\/02\/1-Econ_Mestres_Doutores_Azul_NomeCivil.jpg 1478w\" sizes=\"(max-width: 472px) 100vw, 472px\" \/><p id=\"caption-attachment-22121\" class=\"wp-caption-text\">\u00a0 \u00a0 \u00a0 \u00a0 \u00a0 \u00a0 \u00a0 \u00a0 \u00a0 \u00a0 \u00a0 \u00a0 \u00a0 \u00a0 \u00a0 \u00a0 \u00a0 \u00a0 Modelo 1 de carteira profissional<\/p><\/div>\n<p>Um dos itens de pauta da 730\u00aa Sess\u00e3o Plen\u00e1ria do Cofecon, realizada em Bras\u00edlia nos dias 02 e 03 de fevereiro de 2024, foi a altera\u00e7\u00e3o no desenho das carteiras profissionais de economista. A medida retira do documento o uso da impress\u00e3o digital, tal como havia sido aprovado na 726\u00aa Sess\u00e3o Plen\u00e1ria.<\/p>\n<p><span class=\"ui-provider a b c d e f g h i j k l m n o p q r s t u v w x y z ab ac ae af ag ah ai aj ak\" dir=\"ltr\">Naquela ocasi\u00e3o, o relator da proposta, conselheiro Clovis Meurer, posicionou-se pela retirada da impress\u00e3o digital, propondo em seu lugar o uso de um c\u00f3digo QR. O voto foi aprovado pelo plen\u00e1rio do Cofecon.<\/span><\/p>\n<div id=\"attachment_22123\" style=\"width: 483px\" class=\"wp-caption aligncenter\"><img loading=\"lazy\" decoding=\"async\" aria-describedby=\"caption-attachment-22123\" class=\"wp-image-22123\" src=\"http:\/\/cofecon.org.br\/cofecon\/wp-content\/uploads\/2024\/02\/2-Econ_Mestres_Doutores-Azul_NomeSocial-300x95.jpg\" alt=\"\" width=\"473\" height=\"150\" srcset=\"https:\/\/cofecon.org.br\/cofecon\/wp-content\/uploads\/2024\/02\/2-Econ_Mestres_Doutores-Azul_NomeSocial-300x95.jpg 300w, https:\/\/cofecon.org.br\/cofecon\/wp-content\/uploads\/2024\/02\/2-Econ_Mestres_Doutores-Azul_NomeSocial-1024x324.jpg 1024w, https:\/\/cofecon.org.br\/cofecon\/wp-content\/uploads\/2024\/02\/2-Econ_Mestres_Doutores-Azul_NomeSocial-768x243.jpg 768w, https:\/\/cofecon.org.br\/cofecon\/wp-content\/uploads\/2024\/02\/2-Econ_Mestres_Doutores-Azul_NomeSocial-800x253.jpg 800w, https:\/\/cofecon.org.br\/cofecon\/wp-content\/uploads\/2024\/02\/2-Econ_Mestres_Doutores-Azul_NomeSocial.jpg 1486w\" sizes=\"(max-width: 473px) 100vw, 473px\" \/><p id=\"caption-attachment-22123\" class=\"wp-caption-text\">\u00a0 \u00a0 \u00a0 \u00a0 \u00a0 \u00a0 \u00a0 \u00a0 \u00a0 \u00a0 \u00a0 \u00a0 \u00a0 \u00a0 \u00a0 \u00a0 \u00a0 \u00a0 Modelo 2 de carteira profissional<\/p><\/div>\n<p>Assim, para atender ao que foi votado e aprovado, na 730\u00aa Sess\u00e3o Plen\u00e1ria foi apresentada uma proposta para todos os modelos de carteira profissional (provis\u00f3ria e definitiva, com e para economistas e profissionais de cursos conexos, para mestres ou doutores em economia, com e sem nome social, e a credencial de estudantes), que ser\u00e3o reunidos em uma \u00fanica resolu\u00e7\u00e3o. Al\u00e9m disso, ser\u00e1 inclu\u00eddo nas carteiras o prazo de validade \u2013 sendo de 10 anos para profissionais com at\u00e9 59 anos de idade, e prazo indeterminado para profissionais com mais de 60 anos de idade.<\/p>\n<div id=\"attachment_22124\" style=\"width: 484px\" class=\"wp-caption aligncenter\"><img loading=\"lazy\" decoding=\"async\" aria-describedby=\"caption-attachment-22124\" class=\"wp-image-22124\" src=\"http:\/\/cofecon.org.br\/cofecon\/wp-content\/uploads\/2024\/02\/3-Cursos-Conexos_Verde-Nome-Civil-300x93.jpg\" alt=\"\" width=\"474\" height=\"147\" srcset=\"https:\/\/cofecon.org.br\/cofecon\/wp-content\/uploads\/2024\/02\/3-Cursos-Conexos_Verde-Nome-Civil-300x93.jpg 300w, https:\/\/cofecon.org.br\/cofecon\/wp-content\/uploads\/2024\/02\/3-Cursos-Conexos_Verde-Nome-Civil-1024x318.jpg 1024w, https:\/\/cofecon.org.br\/cofecon\/wp-content\/uploads\/2024\/02\/3-Cursos-Conexos_Verde-Nome-Civil-768x239.jpg 768w, https:\/\/cofecon.org.br\/cofecon\/wp-content\/uploads\/2024\/02\/3-Cursos-Conexos_Verde-Nome-Civil-800x249.jpg 800w, https:\/\/cofecon.org.br\/cofecon\/wp-content\/uploads\/2024\/02\/3-Cursos-Conexos_Verde-Nome-Civil.jpg 1477w\" sizes=\"(max-width: 474px) 100vw, 474px\" \/><p id=\"caption-attachment-22124\" class=\"wp-caption-text\">\u00a0 \u00a0 \u00a0 \u00a0 \u00a0 \u00a0 \u00a0 \u00a0 \u00a0 \u00a0 \u00a0 \u00a0 \u00a0 \u00a0 \u00a0 \u00a0 \u00a0 \u00a0 Modelo 3 de carteira profissional<\/p><\/div>\n<p>Cabe destacar que, apesar de as impress\u00f5es digitais n\u00e3o serem mais usadas na carteira profissional, os Conselhos Regionais de Economia continuam tendo o dever de colet\u00e1-las. Al\u00e9m disso, as carteiras j\u00e1 emitidas continuam v\u00e1lidas, com o novo modelo sendo aplicado apenas aos novos documentos.<\/p>\n<p>Os atos normativos ser\u00e3o publicados pelo Cofecon nos pr\u00f3ximos dias.<\/p>\n<div id=\"attachment_22125\" style=\"width: 482px\" class=\"wp-caption aligncenter\"><img loading=\"lazy\" decoding=\"async\" aria-describedby=\"caption-attachment-22125\" class=\"wp-image-22125\" src=\"http:\/\/cofecon.org.br\/cofecon\/wp-content\/uploads\/2024\/02\/4-Cursos-Conexos_Verde-Nome-Social-300x92.jpg\" alt=\"\" width=\"472\" height=\"145\" srcset=\"https:\/\/cofecon.org.br\/cofecon\/wp-content\/uploads\/2024\/02\/4-Cursos-Conexos_Verde-Nome-Social-300x92.jpg 300w, https:\/\/cofecon.org.br\/cofecon\/wp-content\/uploads\/2024\/02\/4-Cursos-Conexos_Verde-Nome-Social-1024x316.jpg 1024w, https:\/\/cofecon.org.br\/cofecon\/wp-content\/uploads\/2024\/02\/4-Cursos-Conexos_Verde-Nome-Social-768x237.jpg 768w, https:\/\/cofecon.org.br\/cofecon\/wp-content\/uploads\/2024\/02\/4-Cursos-Conexos_Verde-Nome-Social-800x247.jpg 800w, https:\/\/cofecon.org.br\/cofecon\/wp-content\/uploads\/2024\/02\/4-Cursos-Conexos_Verde-Nome-Social.jpg 1496w\" sizes=\"(max-width: 472px) 100vw, 472px\" \/><p id=\"caption-attachment-22125\" class=\"wp-caption-text\">\u00a0 \u00a0 \u00a0 \u00a0 \u00a0 \u00a0 \u00a0 \u00a0 \u00a0 \u00a0 \u00a0 \u00a0 \u00a0 \u00a0 \u00a0 \u00a0 \u00a0 \u00a0 Modelo 4 de carteira profissional<\/p><\/div>\n","protected":false},"excerpt":{"rendered":"<p>Modelos apresentados na 730\u00aa Sess\u00e3o Plen\u00e1ria retiram a impress\u00e3o digital, conforme aprovado pelo Cofecon no ano passado Um dos itens de pauta da 730\u00aa Sess\u00e3o Plen\u00e1ria do Cofecon, realizada em Bras\u00edlia nos dias 02 e 03 de fevereiro de 2024,<\/p>\n<p><a class=\"more-link\" href=\"https:\/\/cofecon.org.br\/cofecon\/?p=22079\">Leia Mais<\/a><\/p>\n","protected":false},"author":1,"featured_media":22135,"comment_status":"closed","ping_status":"closed","sticky":false,"template":"","format":"standard","meta":{"footnotes":""},"categories":[2],"tags":[],"class_list":["post-22079","post","type-post","status-publish","format-standard","has-post-thumbnail","hentry","category-noticias"],"_links":{"self":[{"href":"https:\/\/cofecon.org.br\/cofecon\/index.php?rest_route=\/wp\/v2\/posts\/22079"}],"collection":[{"href":"https:\/\/cofecon.org.br\/cofecon\/index.php?rest_route=\/wp\/v2\/posts"}],"about":[{"href":"https:\/\/cofecon.org.br\/cofecon\/index.php?rest_route=\/wp\/v2\/types\/post"}],"author":[{"embeddable":true,"href":"https:\/\/cofecon.org.br\/cofecon\/index.php?rest_route=\/wp\/v2\/users\/1"}],"replies":[{"embeddable":true,"href":"https:\/\/cofecon.org.br\/cofecon\/index.php?rest_route=%2Fwp%2Fv2%2Fcomments&post=22079"}],"version-history":[{"count":0,"href":"https:\/\/cofecon.org.br\/cofecon\/index.php?rest_route=\/wp\/v2\/posts\/22079\/revisions"}],"wp:featuredmedia":[{"embeddable":true,"href":"https:\/\/cofecon.org.br\/cofecon\/index.php?rest_route=\/wp\/v2\/media\/22135"}],"wp:attachment":[{"href":"https:\/\/cofecon.org.br\/cofecon\/index.php?rest_route=%2Fwp%2Fv2%2Fmedia&parent=22079"}],"wp:term":[{"taxonomy":"category","embeddable":true,"href":"https:\/\/cofecon.org.br\/cofecon\/index.php?rest_route=%2Fwp%2Fv2%2Fcategories&post=22079"},{"taxonomy":"post_tag","embeddable":true,"href":"https:\/\/cofecon.org.br\/cofecon\/index.php?rest_route=%2Fwp%2Fv2%2Ftags&post=22079"}],"curies":[{"name":"wp","href":"https:\/\/api.w.org\/{rel}","templated":true}]}}