{"id":22077,"date":"2024-02-06T15:25:45","date_gmt":"2024-02-06T18:25:45","guid":{"rendered":"https:\/\/www.cofecon.org.br\/?p=22077"},"modified":"2024-02-06T15:25:45","modified_gmt":"2024-02-06T18:25:45","slug":"planejamento-de-2024-e-destaque-na-730a-sessao-plenaria","status":"publish","type":"post","link":"https:\/\/cofecon.org.br\/cofecon\/?p=22077","title":{"rendered":"Planejamento de 2024 \u00e9 destaque na 730\u00aa Sess\u00e3o Plen\u00e1ria"},"content":{"rendered":"<p><em>Ano tem\u00e1tico Mem\u00f3rias e Futuro da Economia Brasileira, o programa de trabalho, os coordenadores das comiss\u00f5es permanentes e tem\u00e1ticas e o calend\u00e1rio de eventos foram alguns dos itens discutidos<\/em><\/p>\n<p>O planejamento do Cofecon em 2024 foi um dos destaques da 730\u00aa Sess\u00e3o Plen\u00e1ria Ampliada do Cofecon, realizada em Bras\u00edlia nos dias 20 e 03 de fevereiro. O ano tem\u00e1tico Mem\u00f3rias e Futuro da Economia Brasileira, o programa de trabalho, os coordenadores das comiss\u00f5es permanentes e tem\u00e1ticas e o calend\u00e1rio de eventos foram alguns dos itens discutidos e votados pelos conselheiros federais.<\/p>\n<p>A sess\u00e3o plen\u00e1ria tamb\u00e9m teve a presen\u00e7a dos presidentes de Conselhos Regionais de Economia. Durante um per\u00edodo eles se reuniram entre si a fim de discutir suas demandas e, mais tarde, levaram-nas ao Cofecon; por sua vez, a presid\u00eancia do Conselho Federal de Economia, al\u00e9m de dar o devido encaminhamento \u00e0s propostas, tamb\u00e9m apresentou seu plano de trabalho para o ano.<\/p>\n<p><strong>Mem\u00f3rias e Futuro da Economia Brasileira<\/strong><\/p>\n<p>O Cofecon instituiu o ano de 2024 como ano tem\u00e1tico \u201cMem\u00f3rias e Futuro da Economia Brasileira\u201d. O assunto foi apresentado e votado durante a sess\u00e3o plen\u00e1ria, tendo sido relatado pela vice-presidente do Cofecon, Fl\u00e1via Vinhaes Santos.<\/p>\n<p>Ao longo do ano, ser\u00e3o abordados diferentes temas, incluindo \u2018Do Real ao Real\u2019, que mostrar\u00e1 a trajet\u00f3ria da primeira moeda brasileira at\u00e9 os dias de hoje; \u201880+ anos da institui\u00e7\u00e3o do sal\u00e1rio m\u00ednimo e o poder de compra ao longo das d\u00e9cadas\u2019; \u201cPetrobras: de Vargas ao pr\u00e9-sal\u2019; \u2018industrializa\u00e7\u00e3o, desindustrializa\u00e7\u00e3o e reindustrializa\u00e7\u00e3o do pa\u00eds\u2019; entre outros temas.<\/p>\n<p><strong>Programa de Trabalho<\/strong><\/p>\n<p>A presid\u00eancia do Cofecon submeteu a vota\u00e7\u00e3o o programa de trabalho do Cofecon para o ano de 2024. Entre as a\u00e7\u00f5es centrais apresentadas, destacam se a de potencializar as atividades da Comiss\u00e3o de Relacionamento Institucional e Assuntos Legislativos, que acompanha a tramita\u00e7\u00e3o de projetos de lei que possam afetar o campo de atua\u00e7\u00e3o dos economistas; retomar a discuss\u00e3o sobre a atualiza\u00e7\u00e3o da legisla\u00e7\u00e3o profissional do economista; priorizar a\u00e7\u00f5es de fiscaliza\u00e7\u00e3o junto aos Corecons; consolidar o Cofecon como refer\u00eancia no debate econ\u00f4mico nacional; e fortalecer o F\u00f3rum nacional pela Redu\u00e7\u00e3o da Desigualdade Social.<\/p>\n<p>Entre as a\u00e7\u00f5es internas encontra-se o uso do Sistema Eletr\u00f4nico de Informa\u00e7\u00f5es (SEI) nos Conselhos Regionais de Economia. O SEI \u00e9 uma ferramenta criada pelo Tribunal Regional Federal da 4\u00aa Regi\u00e3o (TRF4) e cedida a outros \u00f3rg\u00e3os mediante conv\u00eanio. No Cofecon, vem sendo utilizado desde o final de agosto, permitindo que processos administrativos possam tramitar sem precisar do papel como suporte para as informa\u00e7\u00f5es.<\/p>\n<p><strong>Comiss\u00f5es e Grupos de Trabalho<\/strong><\/p>\n<p>Para realizar atividades mais espec\u00edficas, foram definidos durante a sess\u00e3o plen\u00e1ria os coordenadores das Comiss\u00f5es permanentes e tem\u00e1ticas e dos Grupos de Trabalho que atuar\u00e3o no ano de 2024. S\u00e3o eles:<\/p>\n<p>Comiss\u00e3o de A\u00e7\u00f5es para Redu\u00e7\u00e3o da Concentra\u00e7\u00e3o de Renda e Desigualdade Social no Brasil: Jo\u00e3o Manoel Gon\u00e7alves Barbosa;<br \/>\nComiss\u00e3o de Comunica\u00e7\u00e3o: Fl\u00e1via Vinhaes Santos;<br \/>\nComiss\u00e3o de Desenvolvimento Regional: Lauro Chaves Neto;<br \/>\nComiss\u00e3o de Educa\u00e7\u00e3o: Carlos Alberto Safatle;<br \/>\nComiss\u00e3o Eleitoral: Maur\u00edlio Proc\u00f3pio Gomes;<br \/>\nComiss\u00e3o de Fiscaliza\u00e7\u00e3o e Registro Profissional: M\u00f4nica Beraldo Fabr\u00edcio da Silva;<br \/>\nComiss\u00e3o de Governan\u00e7a: Clovis Benoni Meurer;<br \/>\nComiss\u00e3o Mulher Economista e Diversidade: Teresinha de Jesus Ferreira da Silva;<br \/>\nComiss\u00e3o de Negocia\u00e7\u00e3o Funcional: Fl\u00e1via Vinhaes Santos;<br \/>\nComiss\u00e3o de Normas e Legisla\u00e7\u00e3o: Carlos Roberto de Castro;<br \/>\nComiss\u00e3o de Per\u00edcia Econ\u00f4mico-Financeira, Media\u00e7\u00e3o e Arbitragem: Maria de F\u00e1tima Miranda;<br \/>\nComiss\u00e3o de Pol\u00edtica Econ\u00f4mica: Heric Santos Hosso\u00e9;<br \/>\nComiss\u00e3o de Reforma Tribut\u00e1ria: Paulo Dantas da Costa;<br \/>\nComiss\u00e3o de Relacionamento Institucional e Assuntos Legislativos: Paulo Dantas da Costa;<br \/>\nComiss\u00e3o de Responsabilidade Social e Economia Solid\u00e1ria: Teresinha de Jesus Ferreira da Silva;<br \/>\nComiss\u00e3o de Tomada de Contas: Heric Santos Hosso\u00e9;<br \/>\nGrupo de Trabalho Concurso P\u00fablico do Sistema Cofecon\/Corecons: Paulo Dantas da Costa;<br \/>\nGrupo de Trabalho Economista Empreendedor: Kerssia Preda Kamenach;<br \/>\nGrupo de Trabalho Estat\u00edsticas Econ\u00f4micas: Fl\u00e1via Vinhaes Santos;<br \/>\nGrupo de Trabalho Migra\u00e7\u00e3o e Implanta\u00e7\u00e3o do Sistema Cadastral, Financeiro e Fiscal nos Conselhos Federal e Regionais de Economia: Eduardo Rodrigues da Silva;<br \/>\nConselho Editorial da Revista Economistas: Fl\u00e1via Vinhaes Santos.<\/p>\n<p>A Comiss\u00e3o do XXVIII Simp\u00f3sio Nacional dos Conselhos de Economia tradicionalmente n\u00e3o tem a figura de um coordenador formal, mas possui uma Comiss\u00e3o Organizadora formada pela presid\u00eancia do Cofecon e do Corecon sede (em 2024 o evento ser\u00e1 realizado em Santa Catarina) e por outros integrantes das duas institui\u00e7\u00f5es.<\/p>\n<p><strong>Calend\u00e1rio de eventos<\/strong><\/p>\n<p>Outro item de pauta foi o calend\u00e1rio de eventos do Cofecon em 2024. As sess\u00f5es plen\u00e1rias acontecer\u00e3o nos dias 15 e 16\/03; 12 e 13\/04, em formato virtual; 14 e 15\/06; 16 e 17\/08; 19\/10; 30\/11, em formato virtual; e 13 e 14\/12. A Assembleia de Delegados Eleitores ser\u00e1 realizada no dia 02 de dezembro e o XXVIII Simp\u00f3sio Nacional dos Conselhos de Economia acontecer\u00e1 nos dias 16 a 18 de outubro.<\/p>\n","protected":false},"excerpt":{"rendered":"<p>Ano tem\u00e1tico Mem\u00f3rias e Futuro da Economia Brasileira, o programa de trabalho, os coordenadores das comiss\u00f5es permanentes e tem\u00e1ticas e o calend\u00e1rio de eventos foram alguns dos itens discutidos O planejamento do Cofecon em 2024 foi um dos destaques da<\/p>\n<p><a class=\"more-link\" href=\"https:\/\/cofecon.org.br\/cofecon\/?p=22077\">Leia Mais<\/a><\/p>\n","protected":false},"author":1,"featured_media":22110,"comment_status":"closed","ping_status":"closed","sticky":false,"template":"","format":"standard","meta":{"footnotes":""},"categories":[2],"tags":[],"class_list":["post-22077","post","type-post","status-publish","format-standard","has-post-thumbnail","hentry","category-noticias"],"_links":{"self":[{"href":"https:\/\/cofecon.org.br\/cofecon\/index.php?rest_route=\/wp\/v2\/posts\/22077"}],"collection":[{"href":"https:\/\/cofecon.org.br\/cofecon\/index.php?rest_route=\/wp\/v2\/posts"}],"about":[{"href":"https:\/\/cofecon.org.br\/cofecon\/index.php?rest_route=\/wp\/v2\/types\/post"}],"author":[{"embeddable":true,"href":"https:\/\/cofecon.org.br\/cofecon\/index.php?rest_route=\/wp\/v2\/users\/1"}],"replies":[{"embeddable":true,"href":"https:\/\/cofecon.org.br\/cofecon\/index.php?rest_route=%2Fwp%2Fv2%2Fcomments&post=22077"}],"version-history":[{"count":0,"href":"https:\/\/cofecon.org.br\/cofecon\/index.php?rest_route=\/wp\/v2\/posts\/22077\/revisions"}],"wp:featuredmedia":[{"embeddable":true,"href":"https:\/\/cofecon.org.br\/cofecon\/index.php?rest_route=\/wp\/v2\/media\/22110"}],"wp:attachment":[{"href":"https:\/\/cofecon.org.br\/cofecon\/index.php?rest_route=%2Fwp%2Fv2%2Fmedia&parent=22077"}],"wp:term":[{"taxonomy":"category","embeddable":true,"href":"https:\/\/cofecon.org.br\/cofecon\/index.php?rest_route=%2Fwp%2Fv2%2Fcategories&post=22077"},{"taxonomy":"post_tag","embeddable":true,"href":"https:\/\/cofecon.org.br\/cofecon\/index.php?rest_route=%2Fwp%2Fv2%2Ftags&post=22077"}],"curies":[{"name":"wp","href":"https:\/\/api.w.org\/{rel}","templated":true}]}}