{"id":21808,"date":"2023-12-15T12:32:49","date_gmt":"2023-12-15T15:32:49","guid":{"rendered":"https:\/\/www.cofecon.org.br\/?p=21808"},"modified":"2025-08-26T12:50:09","modified_gmt":"2025-08-26T15:50:09","slug":"cofecon-divulga-resultados-do-premio-paul-singer-conheca-os-premiados","status":"publish","type":"post","link":"https:\/\/cofecon.org.br\/cofecon\/?p=21808","title":{"rendered":"Cofecon divulga resultados do pr\u00eamio Paul Singer; conhe\u00e7a os premiados"},"content":{"rendered":"\n<p><em>Agricultores, catadores e detentas formam os p\u00fablicos-alvo dos projetos de economia solid\u00e1ria que disputaram o II Pr\u00eamio Paul Singer de Boas Pr\u00e1ticas Acad\u00eamicas<\/em><\/p>\n<p>O Conselho Federal de Economia, em parceria com o Instituto Paul Singer, promoveu em 2023 a segunda edi\u00e7\u00e3o do Pr\u00eamio Paul Singer de Boas Pr\u00e1ticas Acad\u00eamicas, uma iniciativa voltada a reconhecer trabalhos de economia solid\u00e1ria na forma de projetos de extens\u00e3o, preferencialmente em incubadoras universit\u00e1rias.<\/p>\n<p>Foram inscritos trabalhos de economia solid\u00e1ria em duas categorias, sendo elas Incuba\u00e7\u00e3o e Assessoramento de projetos. Na primeira, que teve pr\u00eamio de R$ 4 mil para o primeiro colocado, o vencedor foi o projeto de \u201cFortalecimento da autogest\u00e3o no bairro do Vergel do Lago\u201d, realizado pela Universidade federal de Alagoas. Na segunda, o projeto de assessoramento aos empreendimentos econ\u00f4micos solid\u00e1rios na Cadeia P\u00fablica Feminina de Londrina, no Paran\u00e1, promovido pela C\u00e1ritas Arquidiocesana de Londrina, obteve a primeira coloca\u00e7\u00e3o e receber\u00e1 o pr\u00eamio de R$ 6 mil; j\u00e1 o projeto de educa\u00e7\u00e3o financeira e empreendedora aos produtores familiares, da Incubadora Tecnol\u00f3gica de Cooperativas Populares (ITCP) da Universidade Federal do Mato Grosso do Sul, receber\u00e1 men\u00e7\u00e3o honrosa.<\/p>\n<p>A conselheira federal Teresinha de Jesus Ferreira da Silva \u00e9 a coordenadora do Grupo de Trabalho de Responsabilidade Social e Economia Solid\u00e1ria dentro do Cofecon. Ela destaca que o Pr\u00eamio Paul Singer foi concebido para valorizar as oportunidades de neg\u00f3cio dentro desta filosofia, que tem crescido no Brasil. \u201cPrecisamos divulgar nas universidades e entre os economistas que \u00e9 poss\u00edvel se desenvolver e se inserir no mercado de trabalho a partir de empreendimentos solid\u00e1rios\u201d, comenta Teresinha.<\/p>\n<p>Ela destaca que os projetos apresentados s\u00e3o de excelente qualidade, mostrando que realmente fazem a diferen\u00e7a na regi\u00e3o em que est\u00e3o inseridos e causam impacto econ\u00f4mico positivo.<\/p>\n<p>Conhe\u00e7a a seguir as hist\u00f3rias de empreendimentos solid\u00e1rios que, al\u00e9m de fazerem a diferen\u00e7a em seus locais, est\u00e3o concorrendo nesta edi\u00e7\u00e3o do Pr\u00eamio Paul Singer.<\/p>\n<p><strong>Fortalecimento da autogest\u00e3o no bairro Vergel do Lago<\/strong><\/p>\n<p>Durante a pandemia de Covid-19, um processo de faveliza\u00e7\u00e3o ocorreu na regi\u00e3o da orla lagunar de Macei\u00f3. V\u00e1rios catadores de materiais recicl\u00e1veis buscam seu sustento nas ruas do local, organizando o trabalho em dias espec\u00edficos, guardando o material de forma conjunta e se juntando para organizar e coletar o lixo fora de um ponto de entrega volunt\u00e1ria. Eles perceberam que era mais dif\u00edcil enfrentar as dificuldades econ\u00f4micas e de vulnerabilidade individualmente e criaram a Associa\u00e7\u00e3o.<\/p>\n<p>A Incubadora de Tecnologia Social (ITS) da Faculdade de Economia da Universidade Federal de Alagoas (UFAL) intermediou um contato com a Cooperativa dos Catadores da Vila Emater (Coopvila), entidade que participa da coleta seletiva de lixo no munic\u00edpio. Eles passaram a trabalhar em rede com a Associa\u00e7\u00e3o, que ainda carece de maquin\u00e1rios, e realizaram capacita\u00e7\u00f5es sobre o trabalho e o processo de produ\u00e7\u00e3o.<\/p>\n<p>V\u00e1rias institui\u00e7\u00f5es hoje se articulam para dar suporte \u00e0 Associa\u00e7\u00e3o. Al\u00e9m da Coopvila, h\u00e1 o Centro de Educa\u00e7\u00e3o Ambiental S\u00e3o Bartolomeu (CEASB), o Instituto Ideal e a pr\u00f3pria ITS. Al\u00e9m disso, o munic\u00edpio cedeu um espa\u00e7o no Ecoponto e o Minist\u00e9rio P\u00fablico do Trabalho garantiu recursos para adquirir um caminh\u00e3o, com o qual se faz a coleta seletiva atualmente, aumentando a produtividade.<\/p>\n<p>A partir da organiza\u00e7\u00e3o do trabalho, da produ\u00e7\u00e3o e da comercializa\u00e7\u00e3o, a Associa\u00e7\u00e3o se transformou em Cooperativa, o que lhe permitiu participar da sele\u00e7\u00e3o da prefeitura para a realiza\u00e7\u00e3o de coleta seletiva. S\u00e3o 24 cooperados, predominantemente mulheres, com faixa et\u00e1ria entre os 40 e 60 anos, a maioria com ensino fundamental incompleto.<\/p>\n<p>Embora a associa\u00e7\u00e3o tenha sido criada h\u00e1 pouco tempo, os resultados obtidos na pesquisa de campo realizada pela ITS mostram um trabalho organizativo e institucional com evid\u00eancias de sustentabilidade. Assim, a economia solid\u00e1ria pode assinalar a constru\u00e7\u00e3o de um novo espa\u00e7o de transforma\u00e7\u00e3o social.<\/p>\n<p><strong>(Re)Come\u00e7ar<\/strong><\/p>\n<p>O estado do Paran\u00e1 tem cinco pris\u00f5es femininas, sendo uma delas localizada no munic\u00edpio de Londrina. Ali atua o projeto RE(Come\u00e7ar), promovido pela C\u00e1ritas Arquidiocesana de Londrina. A unidade conta com uma escola que oferta aulas que v\u00e3o de alfabetiza\u00e7\u00e3o ao ensino m\u00e9dio, p\u00e1tios para banho de sol e visitas, oficinas de artesanato com volunt\u00e1rios e uma cozinha industrial inaugurada recentemente, al\u00e9m de ter dois empreendimentos econ\u00f4micos solid\u00e1rios.<\/p>\n<p>A maioria dos empreendimentos solid\u00e1rios em unidades prisionais funcionam com detentos do regime aberto ou semiaberto; neste caso, o projeto se diferencia dos demais porque atende 21 mulheres do regime fechado, a maioria com idade entre 20 e 45 anos. Al\u00e9m disso, diferentemente do que ocorre em cadeias masculinas, as institui\u00e7\u00f5es prisionais femininas t\u00eam um \u00edndice muito baixo de visita\u00e7\u00e3o: em Curitiba, estima-se que apenas 20% das detentas recebam visitas ou tenham algum contato com a fam\u00edlia.<\/p>\n<p>O projeto busca reduzir a reincid\u00eancia criminal e combater a viol\u00eancia por meio da pr\u00e1tica restaurativa. As atividades foram iniciadas em setembro de 2021 com um curso de croch\u00ea e de produ\u00e7\u00e3o de bonecas, chaveiros e ursos. A partir de maio de 2022 a iniciativa passou a funcionar em car\u00e1ter permanente, produzindo bolsas, bastidores, amigurumi (pequenos bichos de pel\u00facia feitos de tric\u00f4, croch\u00ea ou malha), tapetes e artigos para cozinha e banheiro.<\/p>\n<p>A produ\u00e7\u00e3o \u00e9 realizada de forma coletiva dentro do espa\u00e7o da unidade da Cadeia P\u00fablica Feminina de Londrina. O espa\u00e7o utilizado \u00e9 o p\u00e1tio da unidade \u2013 mesmo local onde ocorrem os banhos de sol. O local \u00e9 quente e n\u00e3o possui mesas para produ\u00e7\u00e3o, inviabilizando as atividades em dias de chuva.<\/p>\n<p>Os produtos s\u00e3o comercializados por meio de redes sociais geridas por uma equipe t\u00e9cnica que presta assessoria, bem como em feiras de economia solid\u00e1ria e eventos que acontecem no munic\u00edpio, gerando em torno de R$ 350 de renda mensal. Al\u00e9m disso, o \u00edndice de brigas dentro da unidade prisional diminuiu e houve uma melhora significativa no comportamento das detentas. Todas elas querem a oportunidade de passar pelo projeto. Elas tamb\u00e9m repassam seus conhecimentos a outras pessoas, fortalecendo uma rede solid\u00e1ria dentro da unidade e mostrando que \u00e9 poss\u00edvel recome\u00e7ar.<\/p>\n<p><strong>Curso de educa\u00e7\u00e3o financeira e empreendedorismo<\/strong><\/p>\n<p>Apesar do grande peso que a agricultura familiar tem na economia brasileira, de v\u00e1rias formas ela ainda est\u00e1 desassistida. Muitos dos agricultores n\u00e3o t\u00eam conhecimentos b\u00e1sicos que poderiam melhorar sua produtividade. Outro desafio \u00e9 fazer com que eles entendam a sua produ\u00e7\u00e3o como uma atividade econ\u00f4mica.<\/p>\n<p>Muitas destas fam\u00edlias s\u00e3o compostas por idosos, comunidades tradicionais (ind\u00edgenas, quilombolas e outros), grupos chefiados por mulheres, assentados e idosos. A Incubadora Tecnol\u00f3gica de Cooperativas Populares (ITCP) resolveu levar educa\u00e7\u00e3o financeira aos agricultores, a fim de que estes pudessem melhorar suas finan\u00e7as pessoais e suas atividades produtivas.<\/p>\n<p>O p\u00fablico-alvo principal \u00e9 composto por idosos que est\u00e3o fora do mercado de trabalho, mas os participantes sempre s\u00e3o acompanhados de parentes ou amigos que tamb\u00e9m participam dos cursos. Al\u00e9m disso, um canal no YouTube atende ao p\u00fablico em geral com o mesmo conte\u00fado.<\/p>\n<p>O curso de educa\u00e7\u00e3o financeira e empreendedorismo ser\u00e1 ministrado por m\u00f3dulos, sendo um sobre finan\u00e7as pessoais e empresariais, um segundo sobre empreendedorismo e um terceiro com v\u00e1rias formas de atendimento a clientes, cada um com dura\u00e7\u00e3o de 12 meses. Os conte\u00fados podem ser aplicados conforme a necessidade do projeto e as atividades s\u00e3o realizadas de forma remota, por meio do Whatsapp e do YouTube.<\/p>\n<p>O curso tem um papel importante para ensinar t\u00e9cnicas, instrumentos e outros conte\u00fados aos produtores familiares. O projeto possui car\u00e1ter de extens\u00e3o, inserindo os estudantes numa demanda social e integrando a Universidade Federal do Mato Grosso do Sul \u00e0 sociedade.<\/p>\n<p>&nbsp;<\/p>\n","protected":false},"excerpt":{"rendered":"","protected":false},"author":1,"featured_media":21822,"comment_status":"closed","ping_status":"closed","sticky":false,"template":"","format":"standard","meta":{"footnotes":""},"categories":[35,1],"tags":[],"class_list":["post-21808","post","type-post","status-publish","format-standard","has-post-thumbnail","hentry","category-economia-solidaria","category-sem-categoria"],"_links":{"self":[{"href":"https:\/\/cofecon.org.br\/cofecon\/index.php?rest_route=\/wp\/v2\/posts\/21808"}],"collection":[{"href":"https:\/\/cofecon.org.br\/cofecon\/index.php?rest_route=\/wp\/v2\/posts"}],"about":[{"href":"https:\/\/cofecon.org.br\/cofecon\/index.php?rest_route=\/wp\/v2\/types\/post"}],"author":[{"embeddable":true,"href":"https:\/\/cofecon.org.br\/cofecon\/index.php?rest_route=\/wp\/v2\/users\/1"}],"replies":[{"embeddable":true,"href":"https:\/\/cofecon.org.br\/cofecon\/index.php?rest_route=%2Fwp%2Fv2%2Fcomments&post=21808"}],"version-history":[{"count":1,"href":"https:\/\/cofecon.org.br\/cofecon\/index.php?rest_route=\/wp\/v2\/posts\/21808\/revisions"}],"predecessor-version":[{"id":26095,"href":"https:\/\/cofecon.org.br\/cofecon\/index.php?rest_route=\/wp\/v2\/posts\/21808\/revisions\/26095"}],"wp:featuredmedia":[{"embeddable":true,"href":"https:\/\/cofecon.org.br\/cofecon\/index.php?rest_route=\/wp\/v2\/media\/21822"}],"wp:attachment":[{"href":"https:\/\/cofecon.org.br\/cofecon\/index.php?rest_route=%2Fwp%2Fv2%2Fmedia&parent=21808"}],"wp:term":[{"taxonomy":"category","embeddable":true,"href":"https:\/\/cofecon.org.br\/cofecon\/index.php?rest_route=%2Fwp%2Fv2%2Fcategories&post=21808"},{"taxonomy":"post_tag","embeddable":true,"href":"https:\/\/cofecon.org.br\/cofecon\/index.php?rest_route=%2Fwp%2Fv2%2Ftags&post=21808"}],"curies":[{"name":"wp","href":"https:\/\/api.w.org\/{rel}","templated":true}]}}