{"id":21785,"date":"2023-12-11T17:58:55","date_gmt":"2023-12-11T20:58:55","guid":{"rendered":"https:\/\/www.cofecon.org.br\/?p=21785"},"modified":"2025-08-26T12:41:06","modified_gmt":"2025-08-26T15:41:06","slug":"cofecon-realiza-live-sobre-economia-solidaria-e-desenvolvimento-sustentavel-no-dia-14-12","status":"publish","type":"post","link":"https:\/\/cofecon.org.br\/cofecon\/?p=21785","title":{"rendered":"Cofecon realiza live sobre economia solid\u00e1ria e desenvolvimento sustent\u00e1vel no dia 14\/12"},"content":{"rendered":"<p class=\"paragraph\" style=\"margin: 0cm; vertical-align: baseline;\"><span class=\"normaltextrun\"><i><span style=\"font-size: 11.0pt; font-family: 'Calibri',sans-serif;\">Ser\u00e3o divulgados tamb\u00e9m o Caderno Especial de Economia Solid\u00e1ria e o resultado do Pr\u00eamio Paul Singer. Palestrante ser\u00e1 o economista Manoel Vital de Carvalho Filho<\/span><\/i><\/span><span class=\"eop\"><span style=\"font-size: 11.0pt; font-family: 'Calibri',sans-serif;\">\u00a0<\/span><\/span><\/p>\n<p class=\"paragraph\" style=\"margin: 0cm; vertical-align: baseline;\"><span style=\"font-size: 9.0pt; font-family: 'Segoe UI',sans-serif;\">\u00a0<\/span><\/p>\n<p class=\"paragraph\" style=\"margin: 0cm; vertical-align: baseline;\"><span class=\"normaltextrun\"><span style=\"font-size: 11.0pt; font-family: 'Calibri',sans-serif;\">A Comiss\u00e3o de Responsabilidade Social e Economia Solid\u00e1ria realizar\u00e1 no dia 14 de dezembro, 16h, uma <i>live<\/i> com Manoel Vital de Carvalho Filho, diretor do Departamento de Parcerias da Secretaria Nacional de Economia Popular e Solid\u00e1ria. Ele falar\u00e1 sobre \u201cEconomia solid\u00e1ria e desenvolvimento sustent\u00e1vel\u201d. A media\u00e7\u00e3o ser\u00e1 de Marcelo Justo, diretor executivo do Instituto Paul Singer e a apresenta\u00e7\u00e3o ficar\u00e1 a cargo da conselheira Teresinha de Jesus Ferreira da Silva, coordenadora da Comiss\u00e3o.\u00a0 O evento ser\u00e1 transmitido pela plataforma Even3 (com emiss\u00e3o de certificados para os inscritos) e pelo canal do Cofecon no YouTube.<\/span><\/span><span class=\"eop\"><span style=\"font-size: 11.0pt; font-family: 'Calibri',sans-serif;\">\u00a0<\/span><\/span><\/p>\n<p class=\"paragraph\" style=\"margin: 0cm; vertical-align: baseline;\"><span class=\"normaltextrun\"><span style=\"font-size: 11.0pt; font-family: 'Calibri',sans-serif;\">\u00a0<\/span><\/span><\/p>\n<p class=\"paragraph\" style=\"margin: 0cm; vertical-align: baseline;\"><span class=\"normaltextrun\"><span style=\"font-size: 11.0pt; font-family: 'Calibri',sans-serif;\">Inscreva-se <a href=\"https:\/\/www.even3.com.br\/economia-solidaria-e-desenvolvimento-sustentavel\/\">AQUI<\/a>. <\/span><\/span><\/p>\n<p class=\"paragraph\" style=\"margin: 0cm; vertical-align: baseline;\"><span class=\"normaltextrun\"><span style=\"font-size: 11.0pt; font-family: 'Calibri',sans-serif;\">\u00a0<\/span><\/span><\/p>\n<p class=\"paragraph\" style=\"margin: 0cm; vertical-align: baseline;\"><span class=\"normaltextrun\"><span style=\"font-size: 11.0pt; font-family: 'Calibri',sans-serif;\">Na ocasi\u00e3o, ser\u00e1 anunciado o resultado do Pr\u00eamio Paul Singer de Boas Pr\u00e1ticas Acad\u00eamicas, uma iniciativa do Cofecon e do Instituto Paul Singer que distribui R$ 10 mil em pr\u00eamios. Haver\u00e1 tamb\u00e9m o lan\u00e7amento da 2\u00aa edi\u00e7\u00e3o do Caderno Especial de Economia Solid\u00e1ria, que acompanhar\u00e1 a edi\u00e7\u00e3o de dezembro da revista Economistas. A publica\u00e7\u00e3o cont\u00e9m artigos que abordam diversos aspectos desta tem\u00e1tica, incluindo os conceitos aplicados, o ensino nas universidades e a import\u00e2ncia dos bancos comunit\u00e1rios como ferramenta de economia solid\u00e1ria.<\/span><\/span><span class=\"eop\"><span style=\"font-size: 11.0pt; font-family: 'Calibri',sans-serif;\">\u00a0<\/span><\/span><\/p>\n<p class=\"paragraph\" style=\"margin: 0cm; vertical-align: baseline;\"><span style=\"font-size: 9.0pt; font-family: 'Segoe UI',sans-serif;\">\u00a0<\/span><\/p>\n<p class=\"paragraph\" style=\"margin: 0cm; vertical-align: baseline;\"><span class=\"normaltextrun\"><b><span style=\"font-size: 11.0pt; font-family: 'Calibri',sans-serif;\">Nossos convidados<\/span><\/b><\/span><span class=\"eop\"><span style=\"font-size: 11.0pt; font-family: 'Calibri',sans-serif;\">\u00a0<\/span><\/span><\/p>\n<p class=\"paragraph\" style=\"margin: 0cm; vertical-align: baseline;\"><span class=\"normaltextrun\"><span style=\"font-size: 11.0pt; font-family: 'Calibri',sans-serif;\">Manoel Vital de Carvalho Filho possui forma\u00e7\u00e3o em Agronomia e Cooperativismo, \u00e9 especialista em Agricultura Biodin\u00e2mica e Gestor p\u00fablico desde 2003. Atualmente trabalha como Diretor de Parcerias da Secretaria Nacional de Economia Popular e Solid\u00e1ria no Minist\u00e9rio do Trabalho.<\/span><\/span><span class=\"eop\"><span style=\"font-size: 11.0pt; font-family: 'Calibri',sans-serif;\">\u00a0<\/span><\/span><\/p>\n<p class=\"paragraph\" style=\"margin: 0cm; vertical-align: baseline;\"><span style=\"font-size: 9.0pt; font-family: 'Segoe UI',sans-serif;\">\u00a0<\/span><\/p>\n<p class=\"paragraph\" style=\"margin: 0cm; vertical-align: baseline;\"><span class=\"normaltextrun\"><span style=\"font-size: 11.0pt; font-family: 'Calibri',sans-serif;\">Marcelo Justo \u00e9 associado fundador e diretor executivo do Instituto Paul Singer. Doutor em Geografia Humana pela USP, realizou p\u00f3s-doutorado junto ao Instituto de Pol\u00edticas P\u00fablicas e Rela\u00e7\u00f5es Internacionais \u2013 IPPRI\/Unesp. Organizou a colet\u00e2nea Paul Singer \u2013 Urbaniza\u00e7\u00e3o e Desenvolvimento, coedi\u00e7\u00e3o Aut\u00eantica e Funda\u00e7\u00e3o Perseu Abramo.<\/span><\/span><\/p>\n<p class=\"paragraph\" style=\"margin: 0cm; vertical-align: baseline;\"><span style=\"font-size: 9.0pt; font-family: 'Segoe UI',sans-serif;\">\u00a0<\/span><\/p>\n<p class=\"paragraph\" style=\"margin: 0cm; vertical-align: baseline;\"><span class=\"normaltextrun\"><b><span style=\"font-size: 11.0pt; font-family: 'Calibri',sans-serif;\">Detalhes do Evento<\/span><\/b><\/span><span class=\"eop\"><span style=\"font-size: 11.0pt; font-family: 'Calibri',sans-serif;\">\u00a0<\/span><\/span><\/p>\n<p class=\"paragraph\" style=\"margin: 0cm; vertical-align: baseline;\"><span class=\"normaltextrun\"><span style=\"font-size: 11.0pt; font-family: 'Calibri',sans-serif;\">Palestra &#8211; \u201cEconomia Solid\u00e1ria e Desenvolvimento Sustent\u00e1vel\u201d<\/span><\/span><span class=\"scxw167260782\"><span style=\"font-size: 11.0pt; font-family: 'Calibri',sans-serif;\">\u00a0<\/span><\/span><span style=\"font-size: 11.0pt; font-family: 'Calibri',sans-serif;\"><br \/>\n<span class=\"normaltextrun\">Apresenta\u00e7\u00e3o do Caderno Especial de Economia Solid\u00e1ria<\/span><span class=\"scxw167260782\">\u00a0<\/span><br \/>\n<span class=\"normaltextrun\">Divulga\u00e7\u00e3o do resultado do Pr\u00eamio Paul Singer de Boas Pr\u00e1ticas Acad\u00eamicas<\/span><span class=\"eop\">\u00a0<\/span><\/span><\/p>\n<p class=\"paragraph\" style=\"margin: 0cm; vertical-align: baseline;\"><span class=\"normaltextrun\"><span style=\"font-size: 11.0pt; font-family: 'Calibri',sans-serif;\">Data e hora: 14 de dezembro de 2023, \u00e0s 16h<\/span><\/span><\/p>\n<p class=\"paragraph\" style=\"margin: 0cm; vertical-align: baseline;\"><span class=\"normaltextrun\"><span style=\"font-size: 11.0pt; font-family: 'Calibri',sans-serif;\">Transmiss\u00e3o ao vivo: Plataforma Even3 para inscritos (com emiss\u00e3o de Certificado de participa\u00e7\u00e3o) e pelo canal do YouTube do Cofecon<\/span><\/span><span class=\"eop\"><span style=\"font-size: 11.0pt; font-family: 'Calibri',sans-serif;\">\u00a0<\/span><\/span><\/p>\n<p class=\"paragraph\" style=\"margin: 0cm; vertical-align: baseline;\"><span class=\"normaltextrun\"><span style=\"font-size: 11.0pt; font-family: 'Calibri',sans-serif;\">Palestrante: Manoel Vital de Carvalho Filho, Diretor do Departamento de Parcerias da Secretaria Nacional de Economia Popular e Solid\u00e1ria<\/span><\/span><span class=\"eop\"><span style=\"font-size: 11.0pt; font-family: 'Calibri',sans-serif;\">\u00a0<\/span><\/span><\/p>\n<p class=\"paragraph\" style=\"margin: 0cm; vertical-align: baseline;\"><span class=\"normaltextrun\"><span style=\"font-size: 11.0pt; font-family: 'Calibri',sans-serif;\">Moderador: Marcelo Justo, Diretor executivo do Instituto Paul Singer<\/span><\/span><\/p>\n<p class=\"paragraph\" style=\"margin: 0cm; vertical-align: baseline;\"><span class=\"normaltextrun\"><span style=\"font-size: 11.0pt; font-family: 'Calibri',sans-serif;\">Apresenta\u00e7\u00e3o: Teresinha de Jesus Ferreira da Silva, conselheira federal e coordenadora da Comiss\u00e3o de Responsabilidade Social e Economia Solid\u00e1ria do Cofecon.<\/span><\/span><span class=\"eop\"><span style=\"font-size: 11.0pt; font-family: 'Calibri',sans-serif;\">\u00a0<\/span><\/span><\/p>\n","protected":false},"excerpt":{"rendered":"<p>Ser\u00e3o divulgados tamb\u00e9m o Caderno Especial de Economia Solid\u00e1ria e o resultado do Pr\u00eamio Paul Singer. Palestrante ser\u00e1 o economista Manoel Vital de Carvalho Filho\u00a0 \u00a0 A Comiss\u00e3o de Responsabilidade Social e Economia Solid\u00e1ria realizar\u00e1 no dia 14 de dezembro,<\/p>\n<p><a class=\"more-link\" href=\"https:\/\/cofecon.org.br\/cofecon\/?p=21785\">Leia Mais<\/a><\/p>\n","protected":false},"author":1,"featured_media":21788,"comment_status":"closed","ping_status":"closed","sticky":false,"template":"","format":"standard","meta":{"footnotes":""},"categories":[35,2],"tags":[],"class_list":["post-21785","post","type-post","status-publish","format-standard","has-post-thumbnail","hentry","category-economia-solidaria","category-noticias"],"_links":{"self":[{"href":"https:\/\/cofecon.org.br\/cofecon\/index.php?rest_route=\/wp\/v2\/posts\/21785"}],"collection":[{"href":"https:\/\/cofecon.org.br\/cofecon\/index.php?rest_route=\/wp\/v2\/posts"}],"about":[{"href":"https:\/\/cofecon.org.br\/cofecon\/index.php?rest_route=\/wp\/v2\/types\/post"}],"author":[{"embeddable":true,"href":"https:\/\/cofecon.org.br\/cofecon\/index.php?rest_route=\/wp\/v2\/users\/1"}],"replies":[{"embeddable":true,"href":"https:\/\/cofecon.org.br\/cofecon\/index.php?rest_route=%2Fwp%2Fv2%2Fcomments&post=21785"}],"version-history":[{"count":1,"href":"https:\/\/cofecon.org.br\/cofecon\/index.php?rest_route=\/wp\/v2\/posts\/21785\/revisions"}],"predecessor-version":[{"id":26070,"href":"https:\/\/cofecon.org.br\/cofecon\/index.php?rest_route=\/wp\/v2\/posts\/21785\/revisions\/26070"}],"wp:featuredmedia":[{"embeddable":true,"href":"https:\/\/cofecon.org.br\/cofecon\/index.php?rest_route=\/wp\/v2\/media\/21788"}],"wp:attachment":[{"href":"https:\/\/cofecon.org.br\/cofecon\/index.php?rest_route=%2Fwp%2Fv2%2Fmedia&parent=21785"}],"wp:term":[{"taxonomy":"category","embeddable":true,"href":"https:\/\/cofecon.org.br\/cofecon\/index.php?rest_route=%2Fwp%2Fv2%2Fcategories&post=21785"},{"taxonomy":"post_tag","embeddable":true,"href":"https:\/\/cofecon.org.br\/cofecon\/index.php?rest_route=%2Fwp%2Fv2%2Ftags&post=21785"}],"curies":[{"name":"wp","href":"https:\/\/api.w.org\/{rel}","templated":true}]}}