{"id":2176,"date":"2017-07-26T12:58:35","date_gmt":"2017-07-26T15:58:35","guid":{"rendered":"http:\/\/www.cofecon.org.br\/?p=2176"},"modified":"2017-07-26T12:58:35","modified_gmt":"2017-07-26T15:58:35","slug":"artigo-se-correr-o-bicho-pega-se-ficar-o-bicho-come","status":"publish","type":"post","link":"https:\/\/cofecon.org.br\/cofecon\/?p=2176","title":{"rendered":"Artigo &#8211; Se correr o bicho pega, se ficar o bicho come&#8230;"},"content":{"rendered":"<p style=\"text-align: justify;\"><span style=\"font-family: verdana,geneva,sans-serif; font-size: 12px;\">A not\u00edcia do in\u00edcio desta \u00faltima semana de julho foi que o estoque da D\u00edvida P\u00fablica Federal (DPF) subiu 3,22% em junho, quando atingiu R$ 3,357 trilh\u00f5es em rela\u00e7\u00e3o ao m\u00eas anterior, conforme divulga\u00e7\u00e3o do Tesouro Nacional.<\/span><\/p>\n<p style=\"text-align: justify;\"><span style=\"font-family: verdana,geneva,sans-serif; font-size: 12px;\">A DPF inclui a d\u00edvida interna e externa. A D\u00edvida P\u00fablica Mobili\u00e1ria Federal interna (DPMFi) fechou o m\u00eas de junho em R$ 3,233 trilh\u00f5es. J\u00e1 a D\u00edvida P\u00fablica Federal externa (DPFe) somou R$ 123,99 bilh\u00f5es (US$ 37,48 bilh\u00f5es) tamb\u00e9m em junho.<\/span><\/p>\n<p style=\"text-align: justify;\"><span style=\"font-family: verdana,geneva,sans-serif; font-size: 12px;\">A D\u00edvida P\u00fablica Federal dever\u00e1 finalizar o ano entre\u00a0 R$ 3.450 e R$ 3.650 bilh\u00f5es, leia-se 3,45 e 3,65 trilh\u00f5es de reais. Uma d\u00edvida trilhon\u00e1ria\u00a0 mesmo medida em d\u00f3lares.<\/span><\/p>\n<p style=\"text-align: justify;\"><span style=\"font-family: verdana,geneva,sans-serif; font-size: 12px;\">Para cobrir as necessidades de administra\u00e7\u00e3o desta d\u00edvida, conforme Plano Anual de Financiamento para 2017, o Tesouro Nacional necessita de R$ 654 bilh\u00f5es.\u00a0 Parte deste montante vir\u00e1 do Or\u00e7amento da Uni\u00e3o, no montante de R$ 52,9 bilh\u00f5es, valor bastante expressivo.\u00a0 O Saldo de mais de R$ 600 bilh\u00f5es ser\u00e3o buscados no mercado, tanto interno como externo, j\u00e1 que R$ 16,8 bilh\u00f5es da D\u00edvida Publica Federal externa tem vencimento neste ano, por capta\u00e7\u00e3o nova ou rolagem de d\u00edvida.<\/span><\/p>\n<p style=\"text-align: justify;\"><span style=\"font-family: verdana,geneva,sans-serif; font-size: 12px;\">Tudo estava se encaminhando para que o custo da DPF fosse diminu\u00eddo, pela queda da taxa de juros b\u00e1sica (Taxa Selic). Inicialmente estimada para algo ao redor dos 8%.<\/span><\/p>\n<p style=\"text-align: justify;\"><span style=\"font-family: verdana,geneva,sans-serif; font-size: 12px;\">Embora alguns economistas come\u00e7aram at\u00e9 antever que Taxa Selic pudesse cair at\u00e9 o fim do ano para 7%. Entretanto, ainda n\u00e3o se tem o impacto dos aumentos dos combust\u00edveis nos pre\u00e7os, o que poder\u00e1 frear a queda da infla\u00e7\u00e3o.\u00a0 O pre\u00e7o dos combust\u00edveis atinge toda a economia.<\/span><\/p>\n<p style=\"text-align: justify;\"><span style=\"font-family: verdana,geneva,sans-serif; font-size: 12px;\">A diminui\u00e7\u00e3o das taxas de juros para n\u00fameros na casa de 8%, permitiria a possibilidade de haver retomada do cr\u00e9dito para investimentos, uma retomada gradual no emprego assim antecipando a volta do consumo.<\/span><\/p>\n<p style=\"text-align: justify;\"><span style=\"font-family: verdana,geneva,sans-serif; font-size: 12px;\">Para o governo a queda da Selic, permitiria uma forte redu\u00e7\u00e3o no custo da D\u00edvida P\u00fablica Federal, aliviando o or\u00e7amento para 2018 e o D\u00e9ficit P\u00fablico. Poderia at\u00e9\u00a0 resultar em investimentos por parte do governo.<\/span><\/p>\n<p style=\"text-align: justify;\"><span style=\"font-family: verdana,geneva,sans-serif; font-size: 12px;\">A possibilidade de retomada da infla\u00e7\u00e3o, pode fazer com que o Banco Central (Copom) na reuni\u00e3o desta semana, cujo o resultado ser\u00e1 anunciado na quarta- feira, 26, mantenha a taxa em 10,25% ou reduza a velocidade da queda da taxa de juros b\u00e1sica, at\u00e9 que o cen\u00e1rio se torne mais claro.<\/span><\/p>\n<p style=\"text-align: justify;\"><span style=\"font-family: verdana,geneva,sans-serif; font-size: 12px;\">Sem a diminui\u00e7\u00e3o da Selic, o or\u00e7amento da Uni\u00e3o continuar\u00e1 pressionado, e para cobrir o d\u00e9ficit p\u00fablico, o governo ter\u00e1 que buscar recursos no Tesouro, que por sua vez necessita de mais dinheiro dos tributos, como foi agora o caso do aumento sobre combust\u00edveis. A D\u00edvida Publica continuar\u00e1 em escala ascendente.<\/span><\/p>\n<p style=\"text-align: justify;\"><span style=\"font-family: verdana,geneva,sans-serif; font-size: 12px;\">O pa\u00eds necessita de que as taxas de juros caiam, assim como a infla\u00e7\u00e3o, mas o d\u00e9ficit publico, Receitas menos Despesas, continua aumentando.<\/span><\/p>\n<p style=\"text-align: justify;\"><span style=\"font-family: verdana,geneva,sans-serif; font-size: 12px;\">\u00c9 quase o c\u00edrculo viciosos em que se encontrava o Brasil em 1993, s\u00f3 que agora a economia est\u00e1 estagnada.\u00a0<\/span><\/p>\n<p style=\"text-align: justify;\"><span style=\"font-family: verdana,geneva,sans-serif; font-size: 12px;\">A solu\u00e7\u00e3o atual encontrada foi o do aumento das al\u00edquotas sobre combust\u00edveis e corte no or\u00e7amento, ainda assim insuficiente para dar o equil\u00edbrio. Embora o governo diga que n\u00e3o haver\u00e1 outros aumentos, sempre a necessidade fala mais alto. N\u00e3o seria uma surpresa um aumento no IOF sobre opera\u00e7\u00f5es de c\u00e2mbio \u00e0 vista.<\/span><\/p>\n<p style=\"text-align: justify;\"><span style=\"font-family: verdana,geneva,sans-serif; font-size: 12px;\">O que se espera que o governo n\u00e3o caia na tenta\u00e7\u00e3o de recorrer aos artif\u00edcios cont\u00e1beis, a famosas pedalas do governo da Presidente Dilma, que levou o pa\u00eds a situa\u00e7\u00e3o que estamos vivenciando.<\/span><\/p>\n<p style=\"text-align: justify;\"><span style=\"font-family: verdana,geneva,sans-serif; font-size: 12px;\">Se a Economia havia se descolado da Pol\u00edtica, agora\u00a0 est\u00e1 sendo atra\u00edda de volta. J\u00e1 que a \u00fanica preocupa\u00e7\u00e3o \u00e9 a manuten\u00e7\u00e3o do presidente em sua cadeira, mesmo que isto tenha um custo alto. O Governo necessita dos congressistas para se defender dos ataques cerrados do MPF e seus perd\u00f5es.<\/span><\/p>\n<p style=\"text-align: justify;\"><span style=\"font-family: verdana,geneva,sans-serif; font-size: 12px;\">A situa\u00e7\u00e3o atual em que estamos lembra o t\u00edtulo da pe\u00e7a teatral de 1966, de Oduvaldo Vianna Filho e Ferreira Gullar, <em>Se Correr o Bicho Pega, Se Ficar o Bicho Com, mas se&#8230;\u00a0<\/em><\/span><\/p>\n<hr \/>\n<p style=\"text-align: justify;\"><span style=\"font-family: verdana,geneva,sans-serif; font-size: 12px;\">D\u00e9cio Pizzato \u00e9 Economista.<\/span><\/p>\n","protected":false},"excerpt":{"rendered":"<p>A not\u00edcia do in\u00edcio desta \u00faltima semana de julho foi que o estoque da D\u00edvida P\u00fablica Federal (DPF) subiu 3,22% em junho, quando atingiu R$ 3,357 trilh\u00f5es em rela\u00e7\u00e3o ao m\u00eas anterior, conforme divulga\u00e7\u00e3o do Tesouro Nacional. A DPF inclui<\/p>\n<p><a class=\"more-link\" href=\"https:\/\/cofecon.org.br\/cofecon\/?p=2176\">Leia Mais<\/a><\/p>\n","protected":false},"author":1,"featured_media":2185,"comment_status":"open","ping_status":"open","sticky":false,"template":"","format":"standard","meta":{"footnotes":""},"categories":[6],"tags":[],"class_list":["post-2176","post","type-post","status-publish","format-standard","has-post-thumbnail","hentry","category-artigo"],"_links":{"self":[{"href":"https:\/\/cofecon.org.br\/cofecon\/index.php?rest_route=\/wp\/v2\/posts\/2176"}],"collection":[{"href":"https:\/\/cofecon.org.br\/cofecon\/index.php?rest_route=\/wp\/v2\/posts"}],"about":[{"href":"https:\/\/cofecon.org.br\/cofecon\/index.php?rest_route=\/wp\/v2\/types\/post"}],"author":[{"embeddable":true,"href":"https:\/\/cofecon.org.br\/cofecon\/index.php?rest_route=\/wp\/v2\/users\/1"}],"replies":[{"embeddable":true,"href":"https:\/\/cofecon.org.br\/cofecon\/index.php?rest_route=%2Fwp%2Fv2%2Fcomments&post=2176"}],"version-history":[{"count":0,"href":"https:\/\/cofecon.org.br\/cofecon\/index.php?rest_route=\/wp\/v2\/posts\/2176\/revisions"}],"wp:featuredmedia":[{"embeddable":true,"href":"https:\/\/cofecon.org.br\/cofecon\/index.php?rest_route=\/wp\/v2\/media\/2185"}],"wp:attachment":[{"href":"https:\/\/cofecon.org.br\/cofecon\/index.php?rest_route=%2Fwp%2Fv2%2Fmedia&parent=2176"}],"wp:term":[{"taxonomy":"category","embeddable":true,"href":"https:\/\/cofecon.org.br\/cofecon\/index.php?rest_route=%2Fwp%2Fv2%2Fcategories&post=2176"},{"taxonomy":"post_tag","embeddable":true,"href":"https:\/\/cofecon.org.br\/cofecon\/index.php?rest_route=%2Fwp%2Fv2%2Ftags&post=2176"}],"curies":[{"name":"wp","href":"https:\/\/api.w.org\/{rel}","templated":true}]}}